{"id":6036,"date":"2011-11-26T14:35:04","date_gmt":"2011-11-26T12:35:04","guid":{"rendered":"http:\/\/semndecarte.metarsis.ro\/?p=6036"},"modified":"2011-11-26T14:35:04","modified_gmt":"2011-11-26T12:35:04","slug":"concert-excelent","status":"publish","type":"post","link":"https:\/\/semndecarte.metarsis.ro\/?p=6036","title":{"rendered":"Concert excelent"},"content":{"rendered":"<p style=\"text-align: justify;\"><strong>Lucian Furda \u015fi Cristian Ro\u015foag\u0103 la \u201cMaria Z\u0103pezii\u201d<\/strong><\/p>\n<p style=\"text-align: justify;\">Vioara fermecat\u0103 a clujeanului Lucian Furda \u015fi sunetul de org\u0103 bine temperat de m\u0103iestria re\u015fi\u0163eanului Cristian Rosoag\u0103- masterand anul II al Conservatorului clujean au adus bucuria \u015fi au umplut de c\u0103ldur\u0103 sufletele celor prezen\u0163i miercuri sear\u0103 \u00een Biserica romano-catolic\u0103 \u201cMaria Z\u0103pezii\u201d din Re\u015fi\u0163a.<!--more--> Organizat ca dar din suflet \u015fi semn de mul\u0163umire pentru cei f\u0103r\u0103 de care proiectul Metarsis- activit\u0103\u0163i \u015fi servicii de cultur\u0103 urban\u0103 \u015fi art\u0103 contemporan\u0103 nu ar fi posibil- colaboratori \u015fi prieteni- \u015fi dedicat s\u0103rb\u0103torilor \u201cIntrarea \u00een biseric\u0103 a Maicii Domnului\u201d \u015fi Sf\u00e2nta Cecilia, concertul a adus \u00een prim plan lucr\u0103ri de Albinoni, Handel, Gounod, Bach, Massenet \u015fi Piazzola. Spiritul s\u0103rb\u0103torilor de iarn\u0103 \u015fi importan\u0163a credin\u0163ei, indiferent de confesiune, au fost subliniate \u015fi prin cuv\u00e2ntul poetei\u00a0 Liubi\u0163a Raichici \u2013manager general al Direc\u0163iei pentru Cultur\u0103 \u015fi Patrimoniu Na\u0163ional Cara\u015f-Severin institu\u0163ie care, al\u0103turi de Centrul Jude\u0163ean pentru Conservarea \u015fi Promovarea Culturii Tradi\u0163ionale Cara\u015f-Severin \u015fi, nu \u00een ultimul r\u00e2nd, Radio Romania Re\u015fi\u0163a- 105,6Mhz -promoveaz\u0103 \u015fi sus\u0163in manifest\u0103rile Societ\u0103\u0163ii pentru Cultur\u0103 &#8222;Metarsis&#8221;.<\/p>\n<p style=\"text-align: justify;\">Un prim concert, excelent, din seria concertelor sus\u0163inute \u00een l\u0103ca\u015furi de cult \u015fi devenite deja tradi\u0163ionale, dedicat s\u0103rb\u0103torilor de iarn\u0103, sus\u0163inut de organistul Cristian Ro\u015foag\u0103 \u015fi violonistul Lucian Furda, doi muzicieni tineri despre care, cu siguran\u0163\u0103, vom mai auzi.<\/p>\n<p style=\"text-align: justify;\"><a href=\"http:\/\/semndecarte.metarsis.ro\/wp-content\/uploads\/2011\/11\/Concert_0022.jpg\" rel=\"lightbox[6036]\"><img loading=\"lazy\" class=\"alignleft size-thumbnail wp-image-6037\" title=\"Biserica romano-catolic\u0103 &quot;Maria z\u0103pezii&quot;\" src=\"http:\/\/semndecarte.metarsis.ro\/wp-content\/uploads\/2011\/11\/Concert_0022-95x95.jpg\" alt=\"\" width=\"95\" height=\"95\" \/><\/a><a href=\"http:\/\/semndecarte.metarsis.ro\/wp-content\/uploads\/2011\/11\/DSCN1637.jpg\" rel=\"lightbox[6036]\"><img loading=\"lazy\" class=\"alignleft size-thumbnail wp-image-6040\" title=\"\u00cen concert, prof. Lucian Furda - vioar\u0103 \u015fi Cristian Ro\u015foag\u0103 - org\u0103\" src=\"http:\/\/semndecarte.metarsis.ro\/wp-content\/uploads\/2011\/11\/DSCN1637-95x95.jpg\" alt=\"\" width=\"95\" height=\"95\" \/><\/a><a href=\"http:\/\/semndecarte.metarsis.ro\/wp-content\/uploads\/2011\/11\/DSCN1639.jpg\" rel=\"lightbox[6036]\"><img loading=\"lazy\" class=\"alignleft size-thumbnail wp-image-6041\" title=\"Profesorul clujean Lucian Furda\" src=\"http:\/\/semndecarte.metarsis.ro\/wp-content\/uploads\/2011\/11\/DSCN1639-95x95.jpg\" alt=\"\" width=\"95\" height=\"95\" \/><\/a><a href=\"http:\/\/semndecarte.metarsis.ro\/wp-content\/uploads\/2011\/11\/DSCN1647.jpg\" rel=\"lightbox[6036]\"><img loading=\"lazy\" class=\"alignleft size-thumbnail wp-image-6042\" title=\"Cristian Ro\u015foag\u0103, masterand anul II al Academiei de Muzic\u0103 &quot;Gheorghe Dima&quot; din Cluj\" src=\"http:\/\/semndecarte.metarsis.ro\/wp-content\/uploads\/2011\/11\/DSCN1647-95x95.jpg\" alt=\"\" width=\"95\" height=\"95\" \/><\/a><a href=\"http:\/\/semndecarte.metarsis.ro\/wp-content\/uploads\/2011\/11\/Concert_0050.jpg\" rel=\"lightbox[6036]\"><img loading=\"lazy\" class=\"alignleft size-thumbnail wp-image-6039\" title=\"Cristian Ro\u015foag\u0103 \u015fi prof. Lucian Furda\" src=\"http:\/\/semndecarte.metarsis.ro\/wp-content\/uploads\/2011\/11\/Concert_0050-95x95.jpg\" alt=\"\" width=\"95\" height=\"95\" \/><\/a><\/p>\n<p style=\"text-align: justify;\">\n<object classid=\"clsid:d27cdb6e-ae6d-11cf-96b8-444553540000\" width=\"520\" height=\"428\" codebase=\"http:\/\/download.macromedia.com\/pub\/shockwave\/cabs\/flash\/swflash.cab#version=6,0,40,0\"><param name=\"loop\" value=\"false\" \/><param name=\"menu\" value=\"false\" \/><param name=\"salign\" value=\"l\" \/><param name=\"src\" value=\"http:\/\/www.youtube.com\/v\/t206zmCorZc&amp;feature&amp;rel=0\" \/><param name=\"align\" value=\"left\" \/><embed type=\"application\/x-shockwave-flash\" width=\"520\" height=\"428\" src=\"http:\/\/www.youtube.com\/v\/t206zmCorZc&amp;feature&amp;rel=0\" align=\"left\" salign=\"l\" menu=\"false\" loop=\"false\"><\/embed><\/object><\/p>\n","protected":false},"excerpt":{"rendered":"<p>Vioara fermecat\u0103 a clujeanului Lucian Furda \u015fi sunetul de org\u0103 bine temperat de maiestria re\u015fi\u0163eanului Cristian Rosoag\u0103- masterand anul II al Conservatorului clujean au adus bucuria \u015fi au umplut de caldur\u0103 sufletele celor prezen\u0163i miercuri sear\u0103 \u00een Biserica romano-catolic\u0103 \u201cMaria Z\u0103pezii\u201d din Re\u015f\u0163a.<\/p>\n","protected":false},"author":1,"featured_media":0,"comment_status":"open","ping_status":"open","sticky":false,"template":"","format":"standard","meta":[],"categories":[6,7],"tags":[257],"_links":{"self":[{"href":"https:\/\/semndecarte.metarsis.ro\/index.php?rest_route=\/wp\/v2\/posts\/6036"}],"collection":[{"href":"https:\/\/semndecarte.metarsis.ro\/index.php?rest_route=\/wp\/v2\/posts"}],"about":[{"href":"https:\/\/semndecarte.metarsis.ro\/index.php?rest_route=\/wp\/v2\/types\/post"}],"author":[{"embeddable":true,"href":"https:\/\/semndecarte.metarsis.ro\/index.php?rest_route=\/wp\/v2\/users\/1"}],"replies":[{"embeddable":true,"href":"https:\/\/semndecarte.metarsis.ro\/index.php?rest_route=%2Fwp%2Fv2%2Fcomments&post=6036"}],"version-history":[{"count":0,"href":"https:\/\/semndecarte.metarsis.ro\/index.php?rest_route=\/wp\/v2\/posts\/6036\/revisions"}],"wp:attachment":[{"href":"https:\/\/semndecarte.metarsis.ro\/index.php?rest_route=%2Fwp%2Fv2%2Fmedia&parent=6036"}],"wp:term":[{"taxonomy":"category","embeddable":true,"href":"https:\/\/semndecarte.metarsis.ro\/index.php?rest_route=%2Fwp%2Fv2%2Fcategories&post=6036"},{"taxonomy":"post_tag","embeddable":true,"href":"https:\/\/semndecarte.metarsis.ro\/index.php?rest_route=%2Fwp%2Fv2%2Ftags&post=6036"}],"curies":[{"name":"wp","href":"https:\/\/api.w.org\/{rel}","templated":true}]}}