{"id":5991,"date":"2011-11-19T00:24:32","date_gmt":"2011-11-18T22:24:32","guid":{"rendered":"http:\/\/semndecarte.metarsis.ro\/?p=5991"},"modified":"2011-12-03T09:36:44","modified_gmt":"2011-12-03T07:36:44","slug":"miercuri-%e2%80%9cziua-in-care-a-fugit-somnul%e2%80%9d","status":"publish","type":"post","link":"https:\/\/semndecarte.metarsis.ro\/?p=5991","title":{"rendered":"Miercuri- \u201cZiua \u00een care a fugit somnul\u201d"},"content":{"rendered":"<p style=\"text-align: justify;\">Miercuri, la libraria Semn de Carte a avut loc, \u00een prezen\u0163a redactorului \u015fi realizatorului de teatru radiofonic pentru copii doamna Irina Soare, premiera, la Re\u015fi\u0163a, a piesei \u201cZiua \u00een care a fugit somnul\u201d de Victoria P\u0103tra\u015fcu. <!--more-->Parte a prioectului ini\u0163iat de Radiodifuziunea Rom\u00e2na , Metarsis-activit\u0103\u0163i \u015fi servicii de cultur\u0103 urban\u0103 \u015fi art\u0103 contemporan\u0103 \u015fi Radio Rom\u00e2nia Re\u015fi\u0163a, cea de-a treia produc\u0163ie a Teatrului Na\u0163ional Radiofonic pentru copii a adus \u00een ceain\u0103ria librariei Semn de Carte de la ora 11.00, copii din clasa a II-a B- \u00eenso\u0163i\u0163i de doamna \u00eenv\u0103\u0163\u0103tor Ana Dragoi- \u015fi clasa a IV-a A \u2013 \u00eenso\u0163i\u0163i de doamna \u00eenv\u0103\u0163\u0103tor Ana Voina de la\u00a0 \u015ecoala cu clasele I-VIII nr. 6 din Re\u015fi\u0163a iar de la ora 13.00 un grup de elevi din Centrul \u015ecolar de Educatie Incluziv\u0103 \u201cAurora\u201d \u00eenso\u0163i\u0163i de doamna profesor ciclul primar Maria Ciurescu \u015fi doamna profesor itinerant Adina Brusture.<\/p>\n<p style=\"text-align: justify;\">Pentru majoritatea copiilor au fost mai multe premiere: prima vizit\u0103 la o librarie, prima pies\u0103 de teatru radiofonic ascultat\u0103 \u015fi prima data c\u00e2nd au desenat ceea ce au ascultat.<\/p>\n<p style=\"text-align: justify;\">O tripla bucurie pentru copii \u015fi adul\u0163i \u015fi un succes real, creativitatea \u015fi imagina\u0163ia debordant\u0103 nasc\u00e2nd desene pline de culoare, \u00eentr-o miercuri, 16 noiembrie 2011, care a devenit \u201cZiua \u00een care a fugit somnul\u201d.<\/p>\n<p style=\"text-align: justify;\"><a href=\"http:\/\/semndecarte.metarsis.ro\/wp-content\/uploads\/2011\/11\/DSCN1295.jpg\" rel=\"lightbox[5991]\"><img loading=\"lazy\" class=\"alignleft size-thumbnail wp-image-5992\" title=\"Clasa a II-a B- \u00eenso\u0163ita de doamna \u00eenv\u0103\u0163\u0103tor Ana Dragoi- \u015fi clasa a IV-a A \u2013 \u00eenso\u0163ita de doamna \u00eenv\u0103\u0163\u0103tor Ana Voina de la  \u015ecoala cu clasele I-VIII nr. 6 din Re\u015fi\u0163a\" src=\"http:\/\/semndecarte.metarsis.ro\/wp-content\/uploads\/2011\/11\/DSCN1295-95x95.jpg\" alt=\"\" width=\"95\" height=\"95\" \/><\/a><a href=\"http:\/\/semndecarte.metarsis.ro\/wp-content\/uploads\/2011\/11\/DSCN1299.jpg\" rel=\"lightbox[5991]\"><img loading=\"lazy\" class=\"alignleft size-thumbnail wp-image-5993\" title=\"Clasa a II-a B- \u00eenso\u0163ita de doamna \u00eenv\u0103\u0163\u0103tor Ana Dragoi- \u015fi clasa a IV-a A \u2013 \u00eenso\u0163ita de doamna \u00eenv\u0103\u0163\u0103tor Ana Voina de la  \u015ecoala cu clasele I-VIII nr. 6 din Re\u015fi\u0163a\" src=\"http:\/\/semndecarte.metarsis.ro\/wp-content\/uploads\/2011\/11\/DSCN1299-95x95.jpg\" alt=\"\" width=\"95\" height=\"95\" \/><\/a><a href=\"http:\/\/semndecarte.metarsis.ro\/wp-content\/uploads\/2011\/11\/DSCN1308.jpg\" rel=\"lightbox[5991]\"><img loading=\"lazy\" class=\"alignleft size-thumbnail wp-image-5994\" title=\"Clasa a II-a B- \u00eenso\u0163ita de doamna \u00eenv\u0103\u0163\u0103tor Ana Dragoi- \u015fi clasa a IV-a A \u2013 \u00eenso\u0163ita de doamna \u00eenv\u0103\u0163\u0103tor Ana Voina de la  \u015ecoala cu clasele I-VIII nr. 6 din Re\u015fi\u0163a\" src=\"http:\/\/semndecarte.metarsis.ro\/wp-content\/uploads\/2011\/11\/DSCN1308-95x95.jpg\" alt=\"\" width=\"95\" height=\"95\" \/><\/a><a href=\"http:\/\/semndecarte.metarsis.ro\/wp-content\/uploads\/2011\/11\/DSCN1312.jpg\" rel=\"lightbox[5991]\"><img loading=\"lazy\" class=\"alignleft size-thumbnail wp-image-5995\" title=\"Clasa a II-a B- \u00eenso\u0163ita de doamna \u00eenv\u0103\u0163\u0103tor Ana Dragoi- \u015fi clasa a IV-a A \u2013 \u00eenso\u0163ita de doamna \u00eenv\u0103\u0163\u0103tor Ana Voina de la  \u015ecoala cu clasele I-VIII nr. 6 din Re\u015fi\u0163a\" src=\"http:\/\/semndecarte.metarsis.ro\/wp-content\/uploads\/2011\/11\/DSCN1312-95x95.jpg\" alt=\"\" width=\"95\" height=\"95\" \/><\/a><a href=\"http:\/\/semndecarte.metarsis.ro\/wp-content\/uploads\/2011\/11\/DSCN1370.jpg\" rel=\"lightbox[5991]\"><img loading=\"lazy\" class=\"alignleft size-thumbnail wp-image-5996\" title=\"Clasa a II-a B- \u00eenso\u0163ita de doamna \u00eenv\u0103\u0163\u0103tor Ana Dragoi- \u015fi clasa a IV-a A \u2013 \u00eenso\u0163ita de doamna \u00eenv\u0103\u0163\u0103tor Ana Voina de la  \u015ecoala cu clasele I-VIII nr. 6 din Re\u015fi\u0163a\" src=\"http:\/\/semndecarte.metarsis.ro\/wp-content\/uploads\/2011\/11\/DSCN1370-95x95.jpg\" alt=\"\" width=\"95\" height=\"95\" \/><\/a><a href=\"http:\/\/semndecarte.metarsis.ro\/wp-content\/uploads\/2011\/11\/DSCN1377.jpg\" rel=\"lightbox[5991]\"><img loading=\"lazy\" class=\"alignleft size-thumbnail wp-image-6000\" title=\"grup de elevi din Centrul \u015ecolar de Educatie Incluziv\u0103 \u201cAurora\u201d \u00eenso\u0163i\u0163i de doamna profesor ciclul primar Maria Ciurescu \u015fi doamna profesor itinerant Adina Brusture\" src=\"http:\/\/semndecarte.metarsis.ro\/wp-content\/uploads\/2011\/11\/DSCN1377-95x95.jpg\" alt=\"\" width=\"95\" height=\"95\" \/><\/a><a href=\"http:\/\/semndecarte.metarsis.ro\/wp-content\/uploads\/2011\/11\/DSCN1378.jpg\" rel=\"lightbox[5991]\"><img loading=\"lazy\" class=\"alignleft size-thumbnail wp-image-5999\" title=\"grup de elevi din Centrul \u015ecolar de Educatie Incluziv\u0103 \u201cAurora\u201d \u00eenso\u0163i\u0163i de doamna profesor ciclul primar Maria Ciurescu \u015fi doamna profesor itinerant Adina Brusture\" src=\"http:\/\/semndecarte.metarsis.ro\/wp-content\/uploads\/2011\/11\/DSCN1378-95x95.jpg\" alt=\"\" width=\"95\" height=\"95\" \/><\/a><a href=\"http:\/\/semndecarte.metarsis.ro\/wp-content\/uploads\/2011\/11\/DSCN1396.jpg\" rel=\"lightbox[5991]\"><img loading=\"lazy\" class=\"alignleft size-thumbnail wp-image-6002\" title=\"grup de elevi din Centrul \u015ecolar de Educatie Incluziv\u0103 \u201cAurora\u201d \u00eenso\u0163i\u0163i de doamna profesor ciclul primar Maria Ciurescu \u015fi doamna profesor itinerant Adina Brusture\" src=\"http:\/\/semndecarte.metarsis.ro\/wp-content\/uploads\/2011\/11\/DSCN1396-95x95.jpg\" alt=\"\" width=\"95\" height=\"95\" \/><\/a><a href=\"http:\/\/semndecarte.metarsis.ro\/wp-content\/uploads\/2011\/11\/DSCN1398.jpg\" rel=\"lightbox[5991]\"><img loading=\"lazy\" class=\"alignleft size-thumbnail wp-image-6001\" title=\"grup de elevi din Centrul \u015ecolar de Educatie Incluziv\u0103 \u201cAurora\u201d \u00eenso\u0163i\u0163i de doamna profesor ciclul primar Maria Ciurescu \u015fi doamna profesor itinerant Adina Brusture\" src=\"http:\/\/semndecarte.metarsis.ro\/wp-content\/uploads\/2011\/11\/DSCN1398-95x95.jpg\" alt=\"\" width=\"95\" height=\"95\" \/><\/a><a href=\"http:\/\/semndecarte.metarsis.ro\/wp-content\/uploads\/2011\/11\/DSCN14011.jpg\" rel=\"lightbox[5991]\"><img loading=\"lazy\" class=\"alignleft size-thumbnail wp-image-5998\" title=\"Grup de elevi din Centrul \u015ecolar de Educatie Incluziv\u0103 \u201cAurora\u201d \u00eenso\u0163i\u0163i de doamna profesor ciclul primar Maria Ciurescu \u015fi doamna profesor itinerant Adina Brusture\" src=\"http:\/\/semndecarte.metarsis.ro\/wp-content\/uploads\/2011\/11\/DSCN14011-95x95.jpg\" alt=\"\" width=\"95\" height=\"95\" \/><\/a><a href=\"http:\/\/semndecarte.metarsis.ro\/wp-content\/uploads\/2011\/11\/somn-Capatana-Oana-cl1B-Lic-Arta.jpg\" rel=\"lightbox[5991]\"><img loading=\"lazy\" class=\"alignleft size-large wp-image-6074\" title=\"Capatana Oana cl1B Lic Arta\" src=\"http:\/\/semndecarte.metarsis.ro\/wp-content\/uploads\/2011\/11\/somn-Capatana-Oana-cl1B-Lic-Arta-163x118.jpg\" alt=\"\" width=\"163\" height=\"118\" srcset=\"https:\/\/semndecarte.metarsis.ro\/wp-content\/uploads\/2011\/11\/somn-Capatana-Oana-cl1B-Lic-Arta-163x118.jpg 163w, https:\/\/semndecarte.metarsis.ro\/wp-content\/uploads\/2011\/11\/somn-Capatana-Oana-cl1B-Lic-Arta-160x116.jpg 160w, https:\/\/semndecarte.metarsis.ro\/wp-content\/uploads\/2011\/11\/somn-Capatana-Oana-cl1B-Lic-Arta.jpg 600w\" sizes=\"(max-width: 163px) 100vw, 163px\" \/><\/a><a href=\"http:\/\/semndecarte.metarsis.ro\/wp-content\/uploads\/2011\/11\/somn-Fita-Sebastian-cl1B-Lic-Arta.jpg\" rel=\"lightbox[5991]\"><img loading=\"lazy\" class=\"alignleft size-large wp-image-6075\" title=\"Fita Sebastian cl1B Lic Arta\" src=\"http:\/\/semndecarte.metarsis.ro\/wp-content\/uploads\/2011\/11\/somn-Fita-Sebastian-cl1B-Lic-Arta-163x118.jpg\" alt=\"\" width=\"163\" height=\"118\" srcset=\"https:\/\/semndecarte.metarsis.ro\/wp-content\/uploads\/2011\/11\/somn-Fita-Sebastian-cl1B-Lic-Arta-163x118.jpg 163w, https:\/\/semndecarte.metarsis.ro\/wp-content\/uploads\/2011\/11\/somn-Fita-Sebastian-cl1B-Lic-Arta-160x116.jpg 160w, https:\/\/semndecarte.metarsis.ro\/wp-content\/uploads\/2011\/11\/somn-Fita-Sebastian-cl1B-Lic-Arta.jpg 600w\" sizes=\"(max-width: 163px) 100vw, 163px\" \/><\/a><a href=\"http:\/\/semndecarte.metarsis.ro\/wp-content\/uploads\/2011\/11\/somn-Giuca-Daiana-cl4C-gen2.jpg\" rel=\"lightbox[5991]\"><img loading=\"lazy\" class=\"alignleft size-large wp-image-6076\" title=\"Giuca Daiana cl4C gen2\" src=\"http:\/\/semndecarte.metarsis.ro\/wp-content\/uploads\/2011\/11\/somn-Giuca-Daiana-cl4C-gen2-163x118.jpg\" alt=\"\" width=\"163\" height=\"118\" srcset=\"https:\/\/semndecarte.metarsis.ro\/wp-content\/uploads\/2011\/11\/somn-Giuca-Daiana-cl4C-gen2-163x118.jpg 163w, https:\/\/semndecarte.metarsis.ro\/wp-content\/uploads\/2011\/11\/somn-Giuca-Daiana-cl4C-gen2-160x116.jpg 160w, https:\/\/semndecarte.metarsis.ro\/wp-content\/uploads\/2011\/11\/somn-Giuca-Daiana-cl4C-gen2.jpg 600w\" sizes=\"(max-width: 163px) 100vw, 163px\" \/><\/a><a href=\"http:\/\/semndecarte.metarsis.ro\/wp-content\/uploads\/2011\/11\/somn-Pacurariu-Daniel-cl1B-Lic-Arta.jpg\" rel=\"lightbox[5991]\"><img loading=\"lazy\" class=\"alignleft size-large wp-image-6077\" title=\"Pacurariu Daniel cl1B Lic Arta\" src=\"http:\/\/semndecarte.metarsis.ro\/wp-content\/uploads\/2011\/11\/somn-Pacurariu-Daniel-cl1B-Lic-Arta-163x118.jpg\" alt=\"\" width=\"163\" height=\"118\" srcset=\"https:\/\/semndecarte.metarsis.ro\/wp-content\/uploads\/2011\/11\/somn-Pacurariu-Daniel-cl1B-Lic-Arta-163x118.jpg 163w, https:\/\/semndecarte.metarsis.ro\/wp-content\/uploads\/2011\/11\/somn-Pacurariu-Daniel-cl1B-Lic-Arta-160x116.jpg 160w, https:\/\/semndecarte.metarsis.ro\/wp-content\/uploads\/2011\/11\/somn-Pacurariu-Daniel-cl1B-Lic-Arta.jpg 600w\" sizes=\"(max-width: 163px) 100vw, 163px\" \/><\/a><a href=\"http:\/\/semndecarte.metarsis.ro\/wp-content\/uploads\/2011\/11\/somn-Virag-Izabella-cl4C-gen2.jpg\" rel=\"lightbox[5991]\"><img loading=\"lazy\" class=\"alignleft size-large wp-image-6079\" title=\"Virag Izabella cl4C gen2\" src=\"http:\/\/semndecarte.metarsis.ro\/wp-content\/uploads\/2011\/11\/somn-Virag-Izabella-cl4C-gen2-163x118.jpg\" alt=\"\" width=\"163\" height=\"118\" srcset=\"https:\/\/semndecarte.metarsis.ro\/wp-content\/uploads\/2011\/11\/somn-Virag-Izabella-cl4C-gen2-163x118.jpg 163w, https:\/\/semndecarte.metarsis.ro\/wp-content\/uploads\/2011\/11\/somn-Virag-Izabella-cl4C-gen2-160x116.jpg 160w, https:\/\/semndecarte.metarsis.ro\/wp-content\/uploads\/2011\/11\/somn-Virag-Izabella-cl4C-gen2.jpg 600w\" sizes=\"(max-width: 163px) 100vw, 163px\" \/><\/a><a href=\"http:\/\/semndecarte.metarsis.ro\/wp-content\/uploads\/2011\/11\/somn-Pirvu-Cristina-cl4C-gen2.jpg\" rel=\"lightbox[5991]\"><img loading=\"lazy\" class=\"alignleft size-large wp-image-6078\" title=\"Pirvu Cristina cl4C gen2\" src=\"http:\/\/semndecarte.metarsis.ro\/wp-content\/uploads\/2011\/11\/somn-Pirvu-Cristina-cl4C-gen2-163x118.jpg\" alt=\"\" width=\"163\" height=\"118\" srcset=\"https:\/\/semndecarte.metarsis.ro\/wp-content\/uploads\/2011\/11\/somn-Pirvu-Cristina-cl4C-gen2-163x118.jpg 163w, https:\/\/semndecarte.metarsis.ro\/wp-content\/uploads\/2011\/11\/somn-Pirvu-Cristina-cl4C-gen2-160x116.jpg 160w, https:\/\/semndecarte.metarsis.ro\/wp-content\/uploads\/2011\/11\/somn-Pirvu-Cristina-cl4C-gen2.jpg 600w\" sizes=\"(max-width: 163px) 100vw, 163px\" \/><\/a><\/p>\n","protected":false},"excerpt":{"rendered":"<p>Miercuri, la libraria Semn de Carte a avut loc, \u00een prezen\u0163a redactorului \u015fi realizatorului de teatru radiofonic pentru copii doamna Irina Soare, premiera, la Re\u015fi\u0163a, a piesei \u201cZiua \u00een care a fugit somnul\u201d de Victoria P\u0103tra\u015fcu. <\/p>\n","protected":false},"author":1,"featured_media":0,"comment_status":"open","ping_status":"open","sticky":false,"template":"","format":"standard","meta":[],"categories":[7],"tags":[115],"_links":{"self":[{"href":"https:\/\/semndecarte.metarsis.ro\/index.php?rest_route=\/wp\/v2\/posts\/5991"}],"collection":[{"href":"https:\/\/semndecarte.metarsis.ro\/index.php?rest_route=\/wp\/v2\/posts"}],"about":[{"href":"https:\/\/semndecarte.metarsis.ro\/index.php?rest_route=\/wp\/v2\/types\/post"}],"author":[{"embeddable":true,"href":"https:\/\/semndecarte.metarsis.ro\/index.php?rest_route=\/wp\/v2\/users\/1"}],"replies":[{"embeddable":true,"href":"https:\/\/semndecarte.metarsis.ro\/index.php?rest_route=%2Fwp%2Fv2%2Fcomments&post=5991"}],"version-history":[{"count":0,"href":"https:\/\/semndecarte.metarsis.ro\/index.php?rest_route=\/wp\/v2\/posts\/5991\/revisions"}],"wp:attachment":[{"href":"https:\/\/semndecarte.metarsis.ro\/index.php?rest_route=%2Fwp%2Fv2%2Fmedia&parent=5991"}],"wp:term":[{"taxonomy":"category","embeddable":true,"href":"https:\/\/semndecarte.metarsis.ro\/index.php?rest_route=%2Fwp%2Fv2%2Fcategories&post=5991"},{"taxonomy":"post_tag","embeddable":true,"href":"https:\/\/semndecarte.metarsis.ro\/index.php?rest_route=%2Fwp%2Fv2%2Ftags&post=5991"}],"curies":[{"name":"wp","href":"https:\/\/api.w.org\/{rel}","templated":true}]}}