{"id":5962,"date":"2011-11-13T22:52:25","date_gmt":"2011-11-13T20:52:25","guid":{"rendered":"http:\/\/semndecarte.metarsis.ro\/?p=5962"},"modified":"2011-11-13T22:52:25","modified_gmt":"2011-11-13T20:52:25","slug":"ritmuri-academice","status":"publish","type":"post","link":"https:\/\/semndecarte.metarsis.ro\/?p=5962","title":{"rendered":"Ritmuri academice"},"content":{"rendered":"<p><strong>Cum se face muzica<\/strong><\/p>\n<p style=\"text-align: justify;\">Al doilea din seria de concerte educative organizate de Filarmonica Banatul din Timi\u015foara \u00een parteneriat cu Metarsis \u2013 activit\u0103\u0163i \u015fi servicii de cultur\u0103 urban\u0103 \u015fi art\u0103 contemporan\u0103 prin libr\u0103ria Semn de Carte, \u00eempreun\u0103 cu Radio Rom\u00e2nia Re\u015fi\u0163a \u015fi Universitatea \u201cEftimie Murgu\u201d, sub titlul \u201cCum se face muzica\u201d s-a desf\u0103\u015furat \u00een Aula Magna\u00a0a Univesit\u0103\u0163ii re\u015fi\u0163ene vineri, 11 noiembrie 2011,<!--more--> \u00een prezen\u0163a elevilor \u015ecolii cu clasele I-VIII nr. 2 \u015fi ai Colegiului Na\u0163ional \u201cTraian Lalescu\u201d. Curio\u015fi, \u00eenc\u00e2nta\u0163i s\u0103 descopere istoria \u015fi sunetele instrumentelor de percu\u0163ie, \u015fcolarii au fost numai ochi \u015fi urechi la percu\u0163ionistul \u015fi profesorul universitar Doru Roman, cel care le-a facut cuno\u015ftin\u0163\u0103 cu instrumentele din familia tobelor si cu cele din familia timpanilor. Toba mare \u015fi cea mic\u0103, tom-tom-ul, \u015fi roto-tomul, cinelii, vibrafonul, marimba, clopotul de vac\u0103 (cowbell), trianglu, rainmaker-ul sau rainstick-ul instrumentul de percu\u0163ie care imit\u0103 sunetul ploii, tamburina,\u00a0 c\u00e2r\u00e2itoarea au fascinat copiii, \u00eencuraja\u0163i \u015fi \u00eenc\u00e2nta\u0163i s\u0103 participe cu zorn\u0103itoare confec\u0163ionate simplu, din sticlu\u0163e de plastic umplute pe sfert cu arpaca\u015f, s\u0103 produc\u0103 sunete ritmice, apropiindu-i, \u00eentr-o atmosfer\u0103 cald\u0103, vesel\u0103 \u015fi deschis\u0103, de instrumentele de percu\u0163ie, cele care dau ritmicitate \u015fi fac s\u0103\u00a0 vibreze orice melodie.<\/p>\n<p style=\"text-align: justify;\">O lec\u0163ie excelent\u0103 de muzic\u0103 \u0163inut\u0103 de prof. univ. Doru Roman, solist-concertist al Filarmonicii \u201cBanatul\u201d,\u00a0 desf\u0103\u015furat\u0103 \u00eentr-un cadru academic care va ram\u00e2ne, cu siguran\u0163\u0103,\u00a0 \u00een memoria celor prezen\u0163i.<\/p>\n<p style=\"text-align: justify;\"><a href=\"http:\/\/semndecarte.metarsis.ro\/wp-content\/uploads\/2011\/11\/Percutie_0005.jpg\" rel=\"lightbox[5962]\"><img loading=\"lazy\" class=\"alignleft size-thumbnail wp-image-5982\" title=\"Concert educativ\" src=\"http:\/\/semndecarte.metarsis.ro\/wp-content\/uploads\/2011\/11\/Percutie_0005-95x95.jpg\" alt=\"\" width=\"95\" height=\"95\" \/><\/a><a href=\"http:\/\/semndecarte.metarsis.ro\/wp-content\/uploads\/2011\/11\/Percutie_0003.jpg\" rel=\"lightbox[5962]\"><img loading=\"lazy\" class=\"alignleft size-thumbnail wp-image-5980\" title=\"Concert educativ\" src=\"http:\/\/semndecarte.metarsis.ro\/wp-content\/uploads\/2011\/11\/Percutie_0003-95x95.jpg\" alt=\"\" width=\"95\" height=\"95\" \/><\/a><a href=\"http:\/\/semndecarte.metarsis.ro\/wp-content\/uploads\/2011\/11\/Percutie_0006.jpg\" rel=\"lightbox[5962]\"><img loading=\"lazy\" class=\"alignleft size-thumbnail wp-image-5983\" title=\"Concert educativ\" src=\"http:\/\/semndecarte.metarsis.ro\/wp-content\/uploads\/2011\/11\/Percutie_0006-95x95.jpg\" alt=\"\" width=\"95\" height=\"95\" \/><\/a><a href=\"http:\/\/semndecarte.metarsis.ro\/wp-content\/uploads\/2011\/11\/Percutie_0004.jpg\" rel=\"lightbox[5962]\"><img loading=\"lazy\" class=\"alignleft size-thumbnail wp-image-5981\" title=\"Concert educativ\" src=\"http:\/\/semndecarte.metarsis.ro\/wp-content\/uploads\/2011\/11\/Percutie_0004-95x95.jpg\" alt=\"\" width=\"95\" height=\"95\" \/><\/a><a href=\"http:\/\/semndecarte.metarsis.ro\/wp-content\/uploads\/2011\/11\/Percutie_0007.jpg\" rel=\"lightbox[5962]\"><img loading=\"lazy\" class=\"alignleft size-thumbnail wp-image-5984\" title=\"Concert educativ\" src=\"http:\/\/semndecarte.metarsis.ro\/wp-content\/uploads\/2011\/11\/Percutie_0007-95x95.jpg\" alt=\"\" width=\"95\" height=\"95\" \/><\/a><\/p>\n<p style=\"text-align: justify;\">\n<object classid=\"clsid:d27cdb6e-ae6d-11cf-96b8-444553540000\" width=\"520\" height=\"400\" codebase=\"http:\/\/download.macromedia.com\/pub\/shockwave\/cabs\/flash\/swflash.cab#version=6,0,40,0\"><param name=\"loop\" value=\"false\" \/><param name=\"salign\" value=\"l\" \/><param name=\"src\" value=\"http:\/\/www.youtube.com\/v\/4lFdOBD1EK0&amp;rel=0\" \/><param name=\"align\" value=\"left\" \/><embed type=\"application\/x-shockwave-flash\" width=\"520\" height=\"400\" src=\"http:\/\/www.youtube.com\/v\/4lFdOBD1EK0&amp;rel=0\" align=\"left\" salign=\"l\" loop=\"false\"><\/embed><\/object><\/p>\n","protected":false},"excerpt":{"rendered":"<p>Al doilea din seria de concerte educative organizate de Filarmonica Banatul din Timi\u015foara \u00een parteneriat cu Metarsis \u2013 activit\u0103\u0163i \u015fi servicii de cultur\u0103 urban\u0103 \u015fi art\u0103 contemporan\u0103 prin libr\u0103ria Semn de Carte, \u00eempreun\u0103 cu Radio Rom\u00e2nia Re\u015fi\u0163a \u015fi Universitatea \u201cEftimie Murgu\u201d, sub titlul \u201cCum se face muzica\u201d s-a desf\u0103\u015furat \u00een Aula Magna a Univesit\u0103\u0163ii re\u015fi\u0163ene vineri, 11 noiembrie 2011<\/p>\n","protected":false},"author":1,"featured_media":0,"comment_status":"open","ping_status":"open","sticky":false,"template":"","format":"standard","meta":[],"categories":[6,7],"tags":[308],"_links":{"self":[{"href":"https:\/\/semndecarte.metarsis.ro\/index.php?rest_route=\/wp\/v2\/posts\/5962"}],"collection":[{"href":"https:\/\/semndecarte.metarsis.ro\/index.php?rest_route=\/wp\/v2\/posts"}],"about":[{"href":"https:\/\/semndecarte.metarsis.ro\/index.php?rest_route=\/wp\/v2\/types\/post"}],"author":[{"embeddable":true,"href":"https:\/\/semndecarte.metarsis.ro\/index.php?rest_route=\/wp\/v2\/users\/1"}],"replies":[{"embeddable":true,"href":"https:\/\/semndecarte.metarsis.ro\/index.php?rest_route=%2Fwp%2Fv2%2Fcomments&post=5962"}],"version-history":[{"count":0,"href":"https:\/\/semndecarte.metarsis.ro\/index.php?rest_route=\/wp\/v2\/posts\/5962\/revisions"}],"wp:attachment":[{"href":"https:\/\/semndecarte.metarsis.ro\/index.php?rest_route=%2Fwp%2Fv2%2Fmedia&parent=5962"}],"wp:term":[{"taxonomy":"category","embeddable":true,"href":"https:\/\/semndecarte.metarsis.ro\/index.php?rest_route=%2Fwp%2Fv2%2Fcategories&post=5962"},{"taxonomy":"post_tag","embeddable":true,"href":"https:\/\/semndecarte.metarsis.ro\/index.php?rest_route=%2Fwp%2Fv2%2Ftags&post=5962"}],"curies":[{"name":"wp","href":"https:\/\/api.w.org\/{rel}","templated":true}]}}