{"id":5925,"date":"2011-11-04T23:54:18","date_gmt":"2011-11-04T21:54:18","guid":{"rendered":"http:\/\/semndecarte.metarsis.ro\/?p=5925"},"modified":"2011-11-04T23:54:18","modified_gmt":"2011-11-04T21:54:18","slug":"oameni-si-pasiuni-machetism","status":"publish","type":"post","link":"https:\/\/semndecarte.metarsis.ro\/?p=5925","title":{"rendered":"Oameni \u015fi pasiuni &#8211; Machetism"},"content":{"rendered":"<p style=\"text-align: justify;\">In dup\u0103-amiaza zilei de miercuri 2 noiembrie 2011 libr\u0103ria Semn de Carte din Re\u015fi\u0163a a g\u0103zduit o expozi\u0163ie de machete realizate din plastic, lemn \u015fi carton. Desf\u0103\u015furat sub egida Asocia\u0163iei Cogito \u00een colaborare cu Casa de Cultur\u0103 Studen\u0163easc\u0103, evenimentul marca Metarsis &#8211; activit\u0103\u0163i \u015fi servicii de cultur\u0103 urban\u0103 \u015fi art\u0103 contemporan\u0103 a adus \u00een prim plan oameni si pasiuni. <!--more-->Realizate cu migal\u0103 machetele de avioane, trenuri, vapoare, case, oameni, animale, \u015fi ma\u015fini au st\u00e2rnit interesul unui public larg. Despre pasiuni \u015fi realizatorii machetelor au vorbit Andrei B\u0103lb\u0103r\u0103u- pre\u015fedinte al Asocia\u0163iei Cogito \u015fi Adela Berbentia- manager general al Casei de Cultur\u0103 Studen\u0163easc\u0103 din Re\u015fi\u0163a. Expozi\u0163ia s-a bucurat \u015fi de prezen\u0163a unui grup de belgieni- oaspe\u0163i ai Colegiului Na\u0163ional Traian Lalescu afla\u0163i, zilele acestea, \u00eentr-o vizit\u0103 la Re\u015fi\u0163a.<\/p>\n<p style=\"text-align: justify;\">Machetele realizate de Andrei B\u0103lb\u0103r\u0103u, Remus R\u00eejni\u0163\u0103, Marcel Alexa \u015fi Lauren\u0163iu Radu pot fi admirate la libr\u0103ria Semn de Carte din Re\u015fi\u0163a p\u00e2n\u0103 mar\u0163i, 9 noiembrie 2o11.<\/p>\n<p style=\"text-align: justify;\"><a href=\"http:\/\/semndecarte.metarsis.ro\/wp-content\/uploads\/2011\/11\/Machete_0009.jpg\" rel=\"lightbox[5925]\"><img loading=\"lazy\" class=\"alignleft size-thumbnail wp-image-5926\" title=\"Oameni si pasiuni\" src=\"http:\/\/semndecarte.metarsis.ro\/wp-content\/uploads\/2011\/11\/Machete_0009-95x95.jpg\" alt=\"\" width=\"95\" height=\"95\" \/><\/a><a href=\"http:\/\/semndecarte.metarsis.ro\/wp-content\/uploads\/2011\/11\/Machete_0001.jpg\" rel=\"lightbox[5925]\"><img loading=\"lazy\" class=\"alignleft size-thumbnail wp-image-5927\" title=\"Oameni si pasiuni\" src=\"http:\/\/semndecarte.metarsis.ro\/wp-content\/uploads\/2011\/11\/Machete_0001-95x95.jpg\" alt=\"\" width=\"95\" height=\"95\" \/><\/a><a href=\"http:\/\/semndecarte.metarsis.ro\/wp-content\/uploads\/2011\/11\/Machete_0004.jpg\" rel=\"lightbox[5925]\"><img loading=\"lazy\" class=\"alignleft size-thumbnail wp-image-5928\" title=\"Oameni si pasiuni\" src=\"http:\/\/semndecarte.metarsis.ro\/wp-content\/uploads\/2011\/11\/Machete_0004-95x95.jpg\" alt=\"\" width=\"95\" height=\"95\" \/><\/a><a href=\"http:\/\/semndecarte.metarsis.ro\/wp-content\/uploads\/2011\/11\/Machete_0006.jpg\" rel=\"lightbox[5925]\"><img loading=\"lazy\" class=\"alignleft size-thumbnail wp-image-5929\" title=\"Oameni si pasiuni\" src=\"http:\/\/semndecarte.metarsis.ro\/wp-content\/uploads\/2011\/11\/Machete_0006-95x95.jpg\" alt=\"\" width=\"95\" height=\"95\" \/><\/a><a href=\"http:\/\/semndecarte.metarsis.ro\/wp-content\/uploads\/2011\/11\/Machete_0007.jpg\" rel=\"lightbox[5925]\"><img loading=\"lazy\" class=\"alignleft size-thumbnail wp-image-5930\" title=\"Oameni si pasiuni\" src=\"http:\/\/semndecarte.metarsis.ro\/wp-content\/uploads\/2011\/11\/Machete_0007-95x95.jpg\" alt=\"\" width=\"95\" height=\"95\" \/><\/a><a href=\"http:\/\/semndecarte.metarsis.ro\/wp-content\/uploads\/2011\/11\/Machete_0023.jpg\" rel=\"lightbox[5925]\"><img loading=\"lazy\" class=\"alignleft size-thumbnail wp-image-5931\" title=\"Oameni si pasiuni\" src=\"http:\/\/semndecarte.metarsis.ro\/wp-content\/uploads\/2011\/11\/Machete_0023-95x95.jpg\" alt=\"\" width=\"95\" height=\"95\" \/><\/a><a href=\"http:\/\/semndecarte.metarsis.ro\/wp-content\/uploads\/2011\/11\/Machete_0025.jpg\" rel=\"lightbox[5925]\"><img loading=\"lazy\" class=\"alignleft size-thumbnail wp-image-5932\" title=\"Oameni si pasiuni\" src=\"http:\/\/semndecarte.metarsis.ro\/wp-content\/uploads\/2011\/11\/Machete_0025-95x95.jpg\" alt=\"\" width=\"95\" height=\"95\" \/><\/a><a href=\"http:\/\/semndecarte.metarsis.ro\/wp-content\/uploads\/2011\/11\/Machete_0031.jpg\" rel=\"lightbox[5925]\"><img loading=\"lazy\" class=\"alignleft size-thumbnail wp-image-5933\" title=\"Oameni si pasiuni\" src=\"http:\/\/semndecarte.metarsis.ro\/wp-content\/uploads\/2011\/11\/Machete_0031-95x95.jpg\" alt=\"\" width=\"95\" height=\"95\" \/><\/a><a href=\"http:\/\/semndecarte.metarsis.ro\/wp-content\/uploads\/2011\/11\/Machete_0032.jpg\" rel=\"lightbox[5925]\"><img loading=\"lazy\" class=\"alignleft size-thumbnail wp-image-5934\" title=\"Oameni si pasiuni\" src=\"http:\/\/semndecarte.metarsis.ro\/wp-content\/uploads\/2011\/11\/Machete_0032-95x95.jpg\" alt=\"\" width=\"95\" height=\"95\" \/><\/a><a href=\"http:\/\/semndecarte.metarsis.ro\/wp-content\/uploads\/2011\/11\/Machete_0052.jpg\" rel=\"lightbox[5925]\"><img loading=\"lazy\" class=\"alignleft size-thumbnail wp-image-5935\" title=\"Oameni si pasiuni\" src=\"http:\/\/semndecarte.metarsis.ro\/wp-content\/uploads\/2011\/11\/Machete_0052-95x95.jpg\" alt=\"\" width=\"95\" height=\"95\" \/><\/a><\/p>\n<p><object classid=\"clsid:d27cdb6e-ae6d-11cf-96b8-444553540000\" width=\"520\" height=\"428\" codebase=\"http:\/\/download.macromedia.com\/pub\/shockwave\/cabs\/flash\/swflash.cab#version=6,0,40,0\"><param name=\"salign\" value=\"l\" \/><param name=\"src\" value=\"http:\/\/www.youtube.com\/v\/n1EkbctF6-k&amp;rel=0\" \/><param name=\"align\" value=\"left\" \/><embed type=\"application\/x-shockwave-flash\" width=\"520\" height=\"428\" src=\"http:\/\/www.youtube.com\/v\/n1EkbctF6-k&amp;rel=0\" align=\"left\" salign=\"l\"><\/embed><\/object><\/p>\n","protected":false},"excerpt":{"rendered":"<p>In dup\u0103-amiaza zilei de miercuri 2 noiembrie 2011 libr\u0103ria Semn de Carte din Re\u015fi\u0163a a g\u0103zduit o expozi\u0163ie de machete realizate din plastic, lemn \u015fi carton. Desf\u0103\u015furat sub egida Asocia\u0163iei Cogito \u00een colaborare cu Casa de Cultur\u0103 Studen\u0163easc\u0103, evenimentul marca Metarsis &#8211; activit\u0103\u0163i \u015fi servicii de cultur\u0103 urban\u0103 \u015fi art\u0103 contemporan\u0103 a adus \u00een prim plan oameni si pasiuni.<\/p>\n","protected":false},"author":1,"featured_media":0,"comment_status":"open","ping_status":"open","sticky":false,"template":"","format":"standard","meta":[],"categories":[6,7],"tags":[344,345],"_links":{"self":[{"href":"https:\/\/semndecarte.metarsis.ro\/index.php?rest_route=\/wp\/v2\/posts\/5925"}],"collection":[{"href":"https:\/\/semndecarte.metarsis.ro\/index.php?rest_route=\/wp\/v2\/posts"}],"about":[{"href":"https:\/\/semndecarte.metarsis.ro\/index.php?rest_route=\/wp\/v2\/types\/post"}],"author":[{"embeddable":true,"href":"https:\/\/semndecarte.metarsis.ro\/index.php?rest_route=\/wp\/v2\/users\/1"}],"replies":[{"embeddable":true,"href":"https:\/\/semndecarte.metarsis.ro\/index.php?rest_route=%2Fwp%2Fv2%2Fcomments&post=5925"}],"version-history":[{"count":0,"href":"https:\/\/semndecarte.metarsis.ro\/index.php?rest_route=\/wp\/v2\/posts\/5925\/revisions"}],"wp:attachment":[{"href":"https:\/\/semndecarte.metarsis.ro\/index.php?rest_route=%2Fwp%2Fv2%2Fmedia&parent=5925"}],"wp:term":[{"taxonomy":"category","embeddable":true,"href":"https:\/\/semndecarte.metarsis.ro\/index.php?rest_route=%2Fwp%2Fv2%2Fcategories&post=5925"},{"taxonomy":"post_tag","embeddable":true,"href":"https:\/\/semndecarte.metarsis.ro\/index.php?rest_route=%2Fwp%2Fv2%2Ftags&post=5925"}],"curies":[{"name":"wp","href":"https:\/\/api.w.org\/{rel}","templated":true}]}}