{"id":5902,"date":"2011-11-02T12:34:42","date_gmt":"2011-11-02T10:34:42","guid":{"rendered":"http:\/\/semndecarte.metarsis.ro\/?p=5902"},"modified":"2011-11-09T14:16:35","modified_gmt":"2011-11-09T12:16:35","slug":"rudolf-rolly-staroscik","status":"publish","type":"post","link":"https:\/\/semndecarte.metarsis.ro\/?p=5902","title":{"rendered":"Rudolf (Rolly) Staroscik"},"content":{"rendered":"<p style=\"text-align: justify;\">Vernisajul expozi\u0163iei de fotografie industrial\u0103 \u015fi diapozitivele prezentate \u00een seara zilei de 31 octombrie 2011 la libr\u0103ria Semn de Carte din Re\u015fi\u0163a \u2013 semnate Rolly Staroscik, au fost un prilej de bucurie pentru cei prezen\u0163i. <!--more-->\u00cenzestrat cu o memorie prodigioas\u0103 \u00een ciuda celor 82 de ani \u00eemplini\u0163i Rolly- bacsi, acest optimist incurabil, ne-a povestit- prin vorbe dar mai ales prin imagini, despre momente de referin\u0163\u0103 din istoria tr\u0103it\u0103 a Bantului Montan, despre locuri \u015fi oameni. Importan\u0163a patrimoniului, a fotografiilor \u015fi diapozitivelor prezentate a fost subliniat\u0103 de o veche prieten\u0103 a autorului, istoric dr. Dana B\u0103l\u0103nescu.<\/p>\n<p style=\"text-align: justify;\">O sear\u0103 minunat\u0103 la care au fost prezen\u0163i prieteni, iubitori de drume\u0163ii \u015fi oameni de cultur\u0103.<\/p>\n<p style=\"text-align: justify;\">\u00a0<\/p>\n<p style=\"text-align: justify;\"><a href=\"http:\/\/semndecarte.metarsis.ro\/wp-content\/uploads\/2011\/11\/Rolly_330.jpg\" rel=\"lightbox[5902]\"><img loading=\"lazy\" class=\"alignleft size-thumbnail wp-image-5903\" title=\"Rolly Staroscik\" src=\"http:\/\/semndecarte.metarsis.ro\/wp-content\/uploads\/2011\/11\/Rolly_330-95x95.jpg\" alt=\"\" width=\"95\" height=\"95\" \/><\/a><a href=\"http:\/\/semndecarte.metarsis.ro\/wp-content\/uploads\/2011\/11\/Rolly_331.jpg\" rel=\"lightbox[5902]\"><img loading=\"lazy\" class=\"alignleft size-thumbnail wp-image-5904\" title=\"Rolly Staroscik\" src=\"http:\/\/semndecarte.metarsis.ro\/wp-content\/uploads\/2011\/11\/Rolly_331-95x95.jpg\" alt=\"\" width=\"95\" height=\"95\" \/><\/a><a href=\"http:\/\/semndecarte.metarsis.ro\/wp-content\/uploads\/2011\/11\/Rolly_332.jpg\" rel=\"lightbox[5902]\"><img loading=\"lazy\" class=\"alignleft size-thumbnail wp-image-5905\" title=\"Rolly Staroscik\" src=\"http:\/\/semndecarte.metarsis.ro\/wp-content\/uploads\/2011\/11\/Rolly_332-95x95.jpg\" alt=\"\" width=\"95\" height=\"95\" \/><\/a><a href=\"http:\/\/semndecarte.metarsis.ro\/wp-content\/uploads\/2011\/11\/Rolly_333.jpg\" rel=\"lightbox[5902]\"><img loading=\"lazy\" class=\"alignleft size-thumbnail wp-image-5906\" title=\"Rolly Staroscik\" src=\"http:\/\/semndecarte.metarsis.ro\/wp-content\/uploads\/2011\/11\/Rolly_333-95x95.jpg\" alt=\"\" width=\"95\" height=\"95\" \/><\/a><a href=\"http:\/\/semndecarte.metarsis.ro\/wp-content\/uploads\/2011\/11\/31102011451.jpg\" rel=\"lightbox[5902]\"><img loading=\"lazy\" class=\"alignleft size-thumbnail wp-image-5907\" title=\"Rolly Staroscik\" src=\"http:\/\/semndecarte.metarsis.ro\/wp-content\/uploads\/2011\/11\/31102011451-95x95.jpg\" alt=\"\" width=\"95\" height=\"95\" \/><\/a><a href=\"http:\/\/semndecarte.metarsis.ro\/wp-content\/uploads\/2011\/11\/31102011464.jpg\" rel=\"lightbox[5902]\"><img loading=\"lazy\" class=\"alignleft size-thumbnail wp-image-5908\" title=\"Rolly Staroscik\" src=\"http:\/\/semndecarte.metarsis.ro\/wp-content\/uploads\/2011\/11\/31102011464-95x95.jpg\" alt=\"\" width=\"95\" height=\"95\" \/><\/a><a href=\"http:\/\/semndecarte.metarsis.ro\/wp-content\/uploads\/2011\/11\/31102011466.jpg\" rel=\"lightbox[5902]\"><img loading=\"lazy\" class=\"alignleft size-thumbnail wp-image-5909\" title=\"Rolly Staroscik\" src=\"http:\/\/semndecarte.metarsis.ro\/wp-content\/uploads\/2011\/11\/31102011466-95x95.jpg\" alt=\"\" width=\"95\" height=\"95\" \/><\/a><a href=\"http:\/\/semndecarte.metarsis.ro\/wp-content\/uploads\/2011\/11\/31102011467.jpg\" rel=\"lightbox[5902]\"><img loading=\"lazy\" class=\"alignleft size-thumbnail wp-image-5910\" title=\"Rolly Staroscik\" src=\"http:\/\/semndecarte.metarsis.ro\/wp-content\/uploads\/2011\/11\/31102011467-95x95.jpg\" alt=\"\" width=\"95\" height=\"95\" \/><\/a><a href=\"http:\/\/semndecarte.metarsis.ro\/wp-content\/uploads\/2011\/11\/31102011469.jpg\" rel=\"lightbox[5902]\"><img loading=\"lazy\" class=\"alignleft size-thumbnail wp-image-5911\" title=\"Rolly Staroscik\" src=\"http:\/\/semndecarte.metarsis.ro\/wp-content\/uploads\/2011\/11\/31102011469-95x95.jpg\" alt=\"\" width=\"95\" height=\"95\" \/><\/a><a href=\"http:\/\/semndecarte.metarsis.ro\/wp-content\/uploads\/2011\/11\/31102011471.jpg\" rel=\"lightbox[5902]\"><img loading=\"lazy\" class=\"alignleft size-thumbnail wp-image-5912\" title=\"Rolly Staroscik\" src=\"http:\/\/semndecarte.metarsis.ro\/wp-content\/uploads\/2011\/11\/31102011471-95x95.jpg\" alt=\"\" width=\"95\" height=\"95\" \/><\/a><\/p>\n","protected":false},"excerpt":{"rendered":"<p>Vernisajul expozi\u0163iei de fotografie industrial\u0103 \u015fi diapozitivele prezentate \u00een seara zilei de 31 octombrie 2011 la libr\u0103ria Semn de Carte din Re\u015fi\u0163a \u2013 semnate Roly Staroscik, au fost un prilej de bucurie pentru cei prezen\u0163i. <\/p>\n","protected":false},"author":1,"featured_media":0,"comment_status":"open","ping_status":"open","sticky":false,"template":"","format":"standard","meta":[],"categories":[7],"tags":[53,314],"_links":{"self":[{"href":"https:\/\/semndecarte.metarsis.ro\/index.php?rest_route=\/wp\/v2\/posts\/5902"}],"collection":[{"href":"https:\/\/semndecarte.metarsis.ro\/index.php?rest_route=\/wp\/v2\/posts"}],"about":[{"href":"https:\/\/semndecarte.metarsis.ro\/index.php?rest_route=\/wp\/v2\/types\/post"}],"author":[{"embeddable":true,"href":"https:\/\/semndecarte.metarsis.ro\/index.php?rest_route=\/wp\/v2\/users\/1"}],"replies":[{"embeddable":true,"href":"https:\/\/semndecarte.metarsis.ro\/index.php?rest_route=%2Fwp%2Fv2%2Fcomments&post=5902"}],"version-history":[{"count":0,"href":"https:\/\/semndecarte.metarsis.ro\/index.php?rest_route=\/wp\/v2\/posts\/5902\/revisions"}],"wp:attachment":[{"href":"https:\/\/semndecarte.metarsis.ro\/index.php?rest_route=%2Fwp%2Fv2%2Fmedia&parent=5902"}],"wp:term":[{"taxonomy":"category","embeddable":true,"href":"https:\/\/semndecarte.metarsis.ro\/index.php?rest_route=%2Fwp%2Fv2%2Fcategories&post=5902"},{"taxonomy":"post_tag","embeddable":true,"href":"https:\/\/semndecarte.metarsis.ro\/index.php?rest_route=%2Fwp%2Fv2%2Ftags&post=5902"}],"curies":[{"name":"wp","href":"https:\/\/api.w.org\/{rel}","templated":true}]}}