{"id":5901,"date":"2011-11-03T16:29:18","date_gmt":"2011-11-03T14:29:18","guid":{"rendered":"http:\/\/semndecarte.metarsis.ro\/?p=5901"},"modified":"2011-11-03T23:20:39","modified_gmt":"2011-11-03T21:20:39","slug":"gheorghe-popoviciu-si-banatul-montan","status":"publish","type":"post","link":"https:\/\/semndecarte.metarsis.ro\/?p=5901","title":{"rendered":"Gheorghe Popoviciu \u015fi Banatul Montan"},"content":{"rendered":"<p style=\"text-align: justify;\">\u201cDatorita colonelului (rez) Gheorghe Popoviciu am vazut la fa\u0163a locului adev\u0103rate splendori ale naturii precum cascada \u015eu\u015fara, lacul Ochiul Bei, Cheile Cara\u015fului \u015fi ale Nerei, satul Sf\u00e2nta Elena sau st\u00e2nca Babacaia. <!--more-->Cu asemenea locuri Cara\u015f-Severinul ar fi capabil s\u0103 rivalizeze cu cele mai vizitate regiuni turistice ale lumii \u201ca declarat\u00a0 cunoscutul istoric Mircea Rusnac \u00een deschiderea \u00eent\u00e2lnirii din prima zi de mar\u0163i a lunii c\u00e2nd, conform obiceiului stabilit de ceva vreme\u00a0 \u201cdrume\u0163ii\u201d Prietenilor Mun\u0163ilor s-au \u00eent\u00e2lnit la libr\u0103ria Semn de Carte. Vizionarea video-clipurilor realizate de Gheorghe Popoviciu pe trasee\u00a0 din Banatul Montan parcuse \u00een 2011 ne-a dezv\u0103luit un Banat Montan fabulos, de la Re\u015fi\u0163a la Cara\u015fova \u015fi Prolas pe Cheile Nerei, la Sasca Montan\u0103, C\u0103rbunari \u015fi Lacul Dracului pe cheile \u015eu\u015farei, de la T\u00e2rnova prin cantonul Izvorul R\u0103u la Groposu, de la V\u0103liug la Gar\u00e2na \u015fi pe V\u00e2rful Cuca\u00a0p\u00e2n\u0103 la T\u00e2lva C\u00e2mpului, au fost o real\u0103 \u00eenc\u00e2ntare.<\/p>\n<p style=\"text-align: justify;\">O sear\u0103 minunat\u0103 \u00eentre prieteni, cu iubitori de drume\u0163ii, pove\u015fti \u015fi imagini spuse sau privite, momente\u00a0clare de \u00eendemn spre o atitutine \u201cslow\u201d vs. \u201cfast\u201d \u00eentr-o lume agitat\u0103 care, \u00een goana nebun\u0103 dup\u0103 bunuri materiale nu ne las\u0103 s\u0103 ne deschidem ochii spre adev\u0103ratele valori: calm, lini\u015fte, natur\u0103, echilibru, iubire necondi\u0163ionat\u0103&#8230;&#8230;.<\/p>\n<p style=\"text-align: justify;\"><a href=\"http:\/\/semndecarte.metarsis.ro\/wp-content\/uploads\/2011\/11\/Popoviciu_0001.jpg\" rel=\"lightbox[5901]\"><img loading=\"lazy\" class=\"alignleft size-thumbnail wp-image-5913\" title=\"Proiectie video publica\" src=\"http:\/\/semndecarte.metarsis.ro\/wp-content\/uploads\/2011\/11\/Popoviciu_0001-95x95.jpg\" alt=\"\" width=\"95\" height=\"95\" \/><\/a><a href=\"http:\/\/semndecarte.metarsis.ro\/wp-content\/uploads\/2011\/11\/Popoviciu_0005.jpg\" rel=\"lightbox[5901]\"><img loading=\"lazy\" class=\"alignleft size-thumbnail wp-image-5915\" title=\"Proiectie video publica\" src=\"http:\/\/semndecarte.metarsis.ro\/wp-content\/uploads\/2011\/11\/Popoviciu_0005-95x95.jpg\" alt=\"\" width=\"95\" height=\"95\" \/><\/a><a href=\"http:\/\/semndecarte.metarsis.ro\/wp-content\/uploads\/2011\/11\/Popoviciu_0006.jpg\" rel=\"lightbox[5901]\"><img loading=\"lazy\" class=\"alignleft size-thumbnail wp-image-5916\" title=\"Proiectie video publica\" src=\"http:\/\/semndecarte.metarsis.ro\/wp-content\/uploads\/2011\/11\/Popoviciu_0006-95x95.jpg\" alt=\"\" width=\"95\" height=\"95\" \/><\/a><a href=\"http:\/\/semndecarte.metarsis.ro\/wp-content\/uploads\/2011\/11\/Popoviciu_0003.jpg\" rel=\"lightbox[5901]\"><img loading=\"lazy\" class=\"alignleft size-thumbnail wp-image-5914\" title=\"Proiectie video publica\" src=\"http:\/\/semndecarte.metarsis.ro\/wp-content\/uploads\/2011\/11\/Popoviciu_0003-95x95.jpg\" alt=\"\" width=\"95\" height=\"95\" \/><\/a><a href=\"http:\/\/semndecarte.metarsis.ro\/wp-content\/uploads\/2011\/11\/Popoviciu_0009.jpg\" rel=\"lightbox[5901]\"><img loading=\"lazy\" class=\"alignleft size-thumbnail wp-image-5917\" title=\"Proiectie video publica\" src=\"http:\/\/semndecarte.metarsis.ro\/wp-content\/uploads\/2011\/11\/Popoviciu_0009-95x95.jpg\" alt=\"\" width=\"95\" height=\"95\" \/><\/a><\/p>\n<p><object classid=\"clsid:d27cdb6e-ae6d-11cf-96b8-444553540000\" width=\"260\" height=\"214\" codebase=\"http:\/\/download.macromedia.com\/pub\/shockwave\/cabs\/flash\/swflash.cab#version=6,0,40,0\"><param name=\"loop\" value=\"false\" \/><param name=\"menu\" value=\"false\" \/><param name=\"salign\" value=\"l\" \/><param name=\"src\" value=\"http:\/\/www.youtube.com\/v\/wfd6gaAu9Es&amp;rel=0\" \/><param name=\"align\" value=\"left\" \/><embed type=\"application\/x-shockwave-flash\" width=\"260\" height=\"214\" src=\"http:\/\/www.youtube.com\/v\/wfd6gaAu9Es&amp;rel=0\" align=\"left\" salign=\"l\" menu=\"false\" loop=\"false\"><\/embed><\/object><br \/>\n<\/p>\n<p><object classid=\"clsid:d27cdb6e-ae6d-11cf-96b8-444553540000\" width=\"260\" height=\"214\" codebase=\"http:\/\/download.macromedia.com\/pub\/shockwave\/cabs\/flash\/swflash.cab#version=6,0,40,0\"><param name=\"loop\" value=\"false\" \/><param name=\"menu\" value=\"false\" \/><param name=\"salign\" value=\"l\" \/><param name=\"src\" value=\"http:\/\/www.youtube.com\/v\/TXR-kYRrxsw&amp;rel=0\" \/><param name=\"align\" value=\"left\" \/><embed type=\"application\/x-shockwave-flash\" width=\"260\" height=\"214\" src=\"http:\/\/www.youtube.com\/v\/TXR-kYRrxsw&amp;rel=0\" align=\"left\" salign=\"l\" menu=\"false\" loop=\"false\"><\/embed><\/object><br \/>\n<\/p>\n<p><object classid=\"clsid:d27cdb6e-ae6d-11cf-96b8-444553540000\" width=\"260\" height=\"214\" codebase=\"http:\/\/download.macromedia.com\/pub\/shockwave\/cabs\/flash\/swflash.cab#version=6,0,40,0\"><param name=\"loop\" value=\"false\" \/><param name=\"menu\" value=\"false\" \/><param name=\"salign\" value=\"l\" \/><param name=\"src\" value=\"http:\/\/www.youtube.com\/v\/PTgQPYcwa80&amp;rel=0\" \/><param name=\"align\" value=\"left\" \/><embed type=\"application\/x-shockwave-flash\" width=\"260\" height=\"214\" src=\"http:\/\/www.youtube.com\/v\/PTgQPYcwa80&amp;rel=0\" align=\"left\" salign=\"l\" menu=\"false\" loop=\"false\"><\/embed><\/object><br \/>\n<\/p>\n<p><object classid=\"clsid:d27cdb6e-ae6d-11cf-96b8-444553540000\" width=\"260\" height=\"214\" codebase=\"http:\/\/download.macromedia.com\/pub\/shockwave\/cabs\/flash\/swflash.cab#version=6,0,40,0\"><param name=\"loop\" value=\"false\" \/><param name=\"menu\" value=\"false\" \/><param name=\"salign\" value=\"l\" \/><param name=\"src\" value=\"http:\/\/www.youtube.com\/v\/FhzAGrBslOY&amp;rel=0\" \/><param name=\"align\" value=\"left\" \/><embed type=\"application\/x-shockwave-flash\" width=\"260\" height=\"214\" src=\"http:\/\/www.youtube.com\/v\/FhzAGrBslOY&amp;rel=0\" align=\"left\" salign=\"l\" menu=\"false\" loop=\"false\"><\/embed><\/object><\/p>\n","protected":false},"excerpt":{"rendered":"<p>\u201cDatorita colonelului (rez) Gheorghe Popoviciu am vazut la fa\u0163a locului adev\u0103rate splendori ale naturii precum cascada \u015eu\u015fara, lacul Ochiul Bei, Cheile Cara\u015fului \u015fi ale Nerei, satul Sf\u00e2nta Elena sau st\u00e2nca Babacaia. <\/p>\n","protected":false},"author":1,"featured_media":0,"comment_status":"open","ping_status":"open","sticky":false,"template":"","format":"standard","meta":[],"categories":[7],"tags":[323,309],"_links":{"self":[{"href":"https:\/\/semndecarte.metarsis.ro\/index.php?rest_route=\/wp\/v2\/posts\/5901"}],"collection":[{"href":"https:\/\/semndecarte.metarsis.ro\/index.php?rest_route=\/wp\/v2\/posts"}],"about":[{"href":"https:\/\/semndecarte.metarsis.ro\/index.php?rest_route=\/wp\/v2\/types\/post"}],"author":[{"embeddable":true,"href":"https:\/\/semndecarte.metarsis.ro\/index.php?rest_route=\/wp\/v2\/users\/1"}],"replies":[{"embeddable":true,"href":"https:\/\/semndecarte.metarsis.ro\/index.php?rest_route=%2Fwp%2Fv2%2Fcomments&post=5901"}],"version-history":[{"count":0,"href":"https:\/\/semndecarte.metarsis.ro\/index.php?rest_route=\/wp\/v2\/posts\/5901\/revisions"}],"wp:attachment":[{"href":"https:\/\/semndecarte.metarsis.ro\/index.php?rest_route=%2Fwp%2Fv2%2Fmedia&parent=5901"}],"wp:term":[{"taxonomy":"category","embeddable":true,"href":"https:\/\/semndecarte.metarsis.ro\/index.php?rest_route=%2Fwp%2Fv2%2Fcategories&post=5901"},{"taxonomy":"post_tag","embeddable":true,"href":"https:\/\/semndecarte.metarsis.ro\/index.php?rest_route=%2Fwp%2Fv2%2Ftags&post=5901"}],"curies":[{"name":"wp","href":"https:\/\/api.w.org\/{rel}","templated":true}]}}