{"id":5807,"date":"2011-10-19T07:34:57","date_gmt":"2011-10-19T05:34:57","guid":{"rendered":"http:\/\/semndecarte.metarsis.ro\/?p=5807"},"modified":"2011-10-19T07:34:57","modified_gmt":"2011-10-19T05:34:57","slug":"muzica-academica","status":"publish","type":"post","link":"https:\/\/semndecarte.metarsis.ro\/?p=5807","title":{"rendered":"Muzica academic\u0103"},"content":{"rendered":"<p><strong>Cum se face muzica <\/strong><\/p>\n<p><strong>I. Instrumente de coarde cu arcu\u015f<\/strong><\/p>\n<p>Sub organizarea societ\u0103\u0163ii Metarsis- activit\u0103\u0163i \u015fi servicii de cultur\u0103  urban\u0103 \u015fi art\u0103 contemporan\u0103 prin libraria Semn de Carte \u00een colaborare cu  Filarmonica \u201cBanatul\u201d din Timi\u015foara, Radio Romania Re\u015fi\u0163a \u015fi Universitatea \u201cEftimie Murgu\u201d a  avut loc azi, 18 octombrie 2011 de la ora 11:00, primul din seria celor cinci  concerte explicative sub genericul \u201cCum se face muzica\u201d ini\u0163iat \u015fi desfasurat  special pentru elevi de c\u0103tre filarmonica timi\u015forean\u0103. <!--more-->Micu\u0163ii re\u015fi\u0163eni, elevi  ai \u015ecolii cu clasele I-VIII nr. 2 \u015fi ai Colegiului Na\u0163ional \u201cTraian Lalescu\u201d au  \u201cluat cu asalt\u201d Aula Magna a Universit\u0103\u0163ii \u201cEftimie Murgu\u201d din Re\u015fi\u0163a pentru a face  cuno\u015ftin\u0163\u0103 cu instrumentele de coarde cu arcu\u015f din alc\u0103tuirea unei orchestre  simfonice. Pentru majoritatea copiilor a fost o dubl\u0103 premier\u0103: au p\u0103\u015fit \u00a0pentru prima dat\u0103 \u00eentr-o aul\u0103 universitar\u0103 &#8211; \u015fi nu oric\u00e2nd &#8211; ci \u00een anul \u00een care Universitatea \u201cEftimie Murgu\u201d din Re\u015fi\u0163a s\u0103rb\u0103tore\u015fte 40 de ani de \u00eenv\u0103\u0163\u0103m\u00e2nt academic \u00een ora\u015ful de pe B\u00e2rzava, \u00a0\u015fi au ascultat, tot pentru prima oar\u0103, un quartet de coarde format dintr-o familie frumoas\u0103, \u00een care \u00a0muzica  st\u0103 la loc de cinste, familia Petrila, format\u0103 din Lucian \u015fi re\u015fi\u0163eanca  Gabriela Petrila &#8211; vioar\u0103 \u015fi viol\u0103- muzicieni ai Filarmonicii \u201cBanatul\u201d \u015fi cele doua fiice, Andreea Petrila (14 ani) &#8211; violoncel \u015fi Cora Petrila (10 ani) &#8211; vioar\u0103 \u2013 eleve ale Liceului de Art\u0103 \u201cIoan Vidu\u201d din Timi\u015foara.  Muzicienii \u015fi repertoriul au fost prezenta\u0163i de o alt\u0103 re\u015fi\u0163eanc\u0103 stabilit\u0103 \u00een  ora\u015ful de pe Bega &#8211; Maria Dragomirescu,ast\u0103zi referent cultural al filarmonicii timi\u015forene, iar istoria instrumentelor \u015fi prezentarea  lor au fost f\u0103cute de violonistul Lucian Petrila. Corzile au vibrat maiestuos sub degetele muzicienilor. Am ascultat  tangouri \u015fi valsuri celebre, buc\u0103\u0163i muzicale pentru coarde semnate de Bella Bartok, Fioco, Golderman, Gluck, Poliakin, Schostakovici, Carlos Gordel \u015fi al\u0163ii.<\/p>\n<p>O lec\u0163ie de muzic\u0103 excelent\u0103 desf\u0103\u015furat\u0103 \u00eentr-un cadru academic pe care, cu siguran\u0163\u0103, elevi \u015fi profesori, tineri \u015fi maturi, o vom \u0163ine minte.<\/p>\n<p><br class=\"spacer_\" \/><\/p>\n<p><a href=\"http:\/\/semndecarte.metarsis.ro\/wp-content\/uploads\/2011\/10\/Petrila_001.jpg\" rel=\"lightbox[5807]\"><img loading=\"lazy\" class=\"alignleft size-thumbnail wp-image-5808\" title=\"Concert educativ - Filarmonica Banatul la Re\u015fi\u0163a\" src=\"http:\/\/semndecarte.metarsis.ro\/wp-content\/uploads\/2011\/10\/Petrila_001-95x95.jpg\" alt=\"\" width=\"95\" height=\"95\" \/><\/a><a href=\"http:\/\/semndecarte.metarsis.ro\/wp-content\/uploads\/2011\/10\/Petrila_005.jpg\" rel=\"lightbox[5807]\"><img loading=\"lazy\" class=\"alignleft size-thumbnail wp-image-5817\" title=\"Concert educativ - Filarmonica Banatul la Re\u015fi\u0163a\" src=\"http:\/\/semndecarte.metarsis.ro\/wp-content\/uploads\/2011\/10\/Petrila_005-95x95.jpg\" alt=\"\" width=\"95\" height=\"95\" \/><\/a><a href=\"http:\/\/semndecarte.metarsis.ro\/wp-content\/uploads\/2011\/10\/Petrila_004.jpg\" rel=\"lightbox[5807]\"><img loading=\"lazy\" class=\"alignleft size-thumbnail wp-image-5809\" title=\"Concert educativ - Filarmonica Banatul la Re\u015fi\u0163a\" src=\"http:\/\/semndecarte.metarsis.ro\/wp-content\/uploads\/2011\/10\/Petrila_004-95x95.jpg\" alt=\"\" width=\"95\" height=\"95\" \/><\/a><a href=\"http:\/\/semndecarte.metarsis.ro\/wp-content\/uploads\/2011\/10\/Petrila_007.jpg\" rel=\"lightbox[5807]\"><img loading=\"lazy\" class=\"alignleft size-thumbnail wp-image-5810\" title=\"Concert educativ - Filarmonica Banatul la Re\u015fi\u0163a\" src=\"http:\/\/semndecarte.metarsis.ro\/wp-content\/uploads\/2011\/10\/Petrila_007-95x95.jpg\" alt=\"\" width=\"95\" height=\"95\" \/><\/a><a href=\"http:\/\/semndecarte.metarsis.ro\/wp-content\/uploads\/2011\/10\/Petrila_008.jpg\" rel=\"lightbox[5807]\"><img loading=\"lazy\" class=\"alignleft size-thumbnail wp-image-5811\" title=\"Concert educativ - Filarmonica Banatul la Re\u015fi\u0163a\" src=\"http:\/\/semndecarte.metarsis.ro\/wp-content\/uploads\/2011\/10\/Petrila_008-95x95.jpg\" alt=\"\" width=\"95\" height=\"95\" \/><\/a><a href=\"http:\/\/semndecarte.metarsis.ro\/wp-content\/uploads\/2011\/10\/Petrila_009.jpg\" rel=\"lightbox[5807]\"><img loading=\"lazy\" class=\"alignleft size-thumbnail wp-image-5812\" title=\"Concert educativ - Filarmonica Banatul la Re\u015fi\u0163a\" src=\"http:\/\/semndecarte.metarsis.ro\/wp-content\/uploads\/2011\/10\/Petrila_009-95x95.jpg\" alt=\"\" width=\"95\" height=\"95\" \/><\/a><a href=\"http:\/\/semndecarte.metarsis.ro\/wp-content\/uploads\/2011\/10\/Petrila_010.jpg\" rel=\"lightbox[5807]\"><img loading=\"lazy\" class=\"alignleft size-thumbnail wp-image-5813\" title=\"Concert educativ - Filarmonica Banatul la Re\u015fi\u0163a\" src=\"http:\/\/semndecarte.metarsis.ro\/wp-content\/uploads\/2011\/10\/Petrila_010-95x95.jpg\" alt=\"\" width=\"95\" height=\"95\" \/><\/a><a href=\"http:\/\/semndecarte.metarsis.ro\/wp-content\/uploads\/2011\/10\/Petrila_011.jpg\" rel=\"lightbox[5807]\"><img loading=\"lazy\" class=\"alignleft size-thumbnail wp-image-5814\" title=\"Concert educativ - Filarmonica Banatul la Re\u015fi\u0163a\" src=\"http:\/\/semndecarte.metarsis.ro\/wp-content\/uploads\/2011\/10\/Petrila_011-95x95.jpg\" alt=\"\" width=\"95\" height=\"95\" \/><\/a><a href=\"http:\/\/semndecarte.metarsis.ro\/wp-content\/uploads\/2011\/10\/Petrila_013.jpg\" rel=\"lightbox[5807]\"><img loading=\"lazy\" class=\"alignleft size-thumbnail wp-image-5816\" title=\"Concert educativ - Filarmonica Banatul la Re\u015fi\u0163a\" src=\"http:\/\/semndecarte.metarsis.ro\/wp-content\/uploads\/2011\/10\/Petrila_013-95x95.jpg\" alt=\"\" width=\"95\" height=\"95\" \/><\/a><a href=\"http:\/\/semndecarte.metarsis.ro\/wp-content\/uploads\/2011\/10\/Petrila_012.jpg\" rel=\"lightbox[5807]\"><img loading=\"lazy\" class=\"alignleft size-thumbnail wp-image-5815\" title=\"Concert educativ - Filarmonica Banatul la Re\u015fi\u0163a\" src=\"http:\/\/semndecarte.metarsis.ro\/wp-content\/uploads\/2011\/10\/Petrila_012-95x95.jpg\" alt=\"\" width=\"95\" height=\"95\" \/><\/a><br \/>\n<object style=\"width: 520px; height: 400px;\" classid=\"clsid:d27cdb6e-ae6d-11cf-96b8-444553540000\" width=\"520\" height=\"400\" codebase=\"http:\/\/download.macromedia.com\/pub\/shockwave\/cabs\/flash\/swflash.cab#version=6,0,40,0\"><param name=\"loop\" value=\"false\" \/><param name=\"menu\" value=\"false\" \/><param name=\"salign\" value=\"l\" \/><param name=\"src\" value=\"http:\/\/www.youtube.com\/v\/2lC79kTaE7M&amp;rel=0\" \/><param name=\"align\" value=\"left\" \/><embed style=\"width: 520px; height: 400px;\" type=\"application\/x-shockwave-flash\" width=\"520\" height=\"400\" src=\"http:\/\/www.youtube.com\/v\/2lC79kTaE7M&amp;rel=0\" align=\"left\" salign=\"l\" menu=\"false\" loop=\"false\"><\/embed><\/object><\/p>\n","protected":false},"excerpt":{"rendered":"<p>Sub organizarea societ\u0103\u0163ii Metarsis- activit\u0103\u0163i \u015fi servicii de cultur\u0103 urban\u0103 \u015fi art\u0103 contemporan\u0103 prin libraria Semn de Carte \u00een colaborare cu Filarmonica \u201cBanatul\u201d din Timi\u015foara, Radio Romania Re\u015fi\u0163a \u015fi Universitatea \u201cEftimie Murgu\u201d a avut loc azi, 18 octombrie 2011 de la ora 11:00, primul din seria celor cinci concerte explicative sub genericul \u201cCum se face muzica\u201d ini\u0163iat \u015fi desfasurat special pentru elevi de c\u0103tre filarmonica timi\u015forean\u0103. <\/p>\n","protected":false},"author":1,"featured_media":0,"comment_status":"open","ping_status":"open","sticky":false,"template":"","format":"standard","meta":[],"categories":[6,7],"tags":[308],"_links":{"self":[{"href":"https:\/\/semndecarte.metarsis.ro\/index.php?rest_route=\/wp\/v2\/posts\/5807"}],"collection":[{"href":"https:\/\/semndecarte.metarsis.ro\/index.php?rest_route=\/wp\/v2\/posts"}],"about":[{"href":"https:\/\/semndecarte.metarsis.ro\/index.php?rest_route=\/wp\/v2\/types\/post"}],"author":[{"embeddable":true,"href":"https:\/\/semndecarte.metarsis.ro\/index.php?rest_route=\/wp\/v2\/users\/1"}],"replies":[{"embeddable":true,"href":"https:\/\/semndecarte.metarsis.ro\/index.php?rest_route=%2Fwp%2Fv2%2Fcomments&post=5807"}],"version-history":[{"count":0,"href":"https:\/\/semndecarte.metarsis.ro\/index.php?rest_route=\/wp\/v2\/posts\/5807\/revisions"}],"wp:attachment":[{"href":"https:\/\/semndecarte.metarsis.ro\/index.php?rest_route=%2Fwp%2Fv2%2Fmedia&parent=5807"}],"wp:term":[{"taxonomy":"category","embeddable":true,"href":"https:\/\/semndecarte.metarsis.ro\/index.php?rest_route=%2Fwp%2Fv2%2Fcategories&post=5807"},{"taxonomy":"post_tag","embeddable":true,"href":"https:\/\/semndecarte.metarsis.ro\/index.php?rest_route=%2Fwp%2Fv2%2Ftags&post=5807"}],"curies":[{"name":"wp","href":"https:\/\/api.w.org\/{rel}","templated":true}]}}