{"id":5795,"date":"2011-10-17T20:40:00","date_gmt":"2011-10-17T18:40:00","guid":{"rendered":"http:\/\/semndecarte.metarsis.ro\/?p=5795"},"modified":"2011-10-17T20:40:00","modified_gmt":"2011-10-17T18:40:00","slug":"cartile-%e2%80%93-batrani-sfato%c8%99i","status":"publish","type":"post","link":"https:\/\/semndecarte.metarsis.ro\/?p=5795","title":{"rendered":"C\u0102R\u0162ILE \u2013 b\u0103tr\u00e2ni sf\u0103to\u0219i"},"content":{"rendered":"<p style=\"text-align: justify;\">O carte te \u00eenva\u021b\u0103 lucruri bune, precum un bl\u00e2nd\u00a0 bunic. \u0218i a\u0219a cum un proverb rom\u00e2nesc spune c\u0103 : \u201eCine n-are b\u0103tr\u00e2ni s\u0103-\u0219i cumpere\u201d tot la fel s-au g\u00e2ndit \u0219i elevii clasei a IV-a , de la \u0218coala cu clasele I-VIII nr. 1 din Re\u0219i\u021ba, sub \u00eendrumarea doamnei \u00eenv\u0103\u021b\u0103toare Maria Ciontu, s\u0103-\u0219i achizi\u021bioneze fiecare c\u00e2te-o c\u0103rticic\u0103 din banii aduna\u021bi la pu\u0219culi\u021b\u0103,vizit\u00e2nd, luni, 17 octombrie 2011, Libr\u0103ria Semn de Carte.<!--more--><\/p>\n<p style=\"text-align: justify;\">De multe ori ne facem cadouri \u0219i singuri \u0219i-atunci, dac\u0103 <strong><em>este cartea un<\/em><\/strong> <strong><em>dar pe care-l po\u0163i deschide iar \u2026\u0219i iar\u2026, <\/em><\/strong>haide\u021bi s\u0103 ne facem bucurii ori de c\u00e2te ori vom deschide cartea cump\u0103rat\u0103 cu\u2026 \u00a0sacrificii. Pentru cei mai mul\u021bi dintre ei este prima carte pe care \u0219i-o cump\u0103r\u0103. Cu siguran\u021b\u0103 peste ani, c\u00e2nd privirea li se va odihni pe \u00eensemnarea datei c\u00e2nd au f\u0103cut achizi\u021bia, momentul acesta minunat din copil\u0103ria lor le va aduce z\u00e2mbetul pe buze.<\/p>\n<p style=\"text-align: justify;\"><strong><em> <\/em><\/strong>Pornind de la constatarea faptului c\u0103 elevii utilizeaz\u0103 din ce \u00een ce mai pu\u0163in cartea ca resurs\u0103 informa\u0163ional\u0103, am dorit ca prin aceast\u0103 activitate s\u0103 stimulez interesul acestora pentru lectur\u0103, conduc\u00e2ndu-i \u00eentr-un cadru specific \u00eent\u00e2lnirii cu CARTEA \u0219i eficient pentru exersarea \u015fi valorificarea competen\u0163elor de baz\u0103, indispensabile evolu\u0163iei viitoare a \u015fcolarului.<\/p>\n<p style=\"text-align: justify;\">Elevii\u00a0 trebuie s\u0103 \u00een\u021beleag\u0103 importan\u021ba\u00a0 pe care o are cartea \u0219i lectura \u00een via\u021ba omului .<\/p>\n<p>&#8211;\u00a0\u00a0\u00a0\u00a0\u00a0\u00a0\u00a0\u00a0 S\u0103 cunoasc\u0103 importan\u021ba limbajului scris;<\/p>\n<p>&#8211;\u00a0\u00a0\u00a0\u00a0\u00a0\u00a0\u00a0\u00a0 S\u0103 cunoasc\u0103 alc\u0103tuirea unei c\u0103r\u021bi;<\/p>\n<p>&#8211;\u00a0\u00a0\u00a0\u00a0\u00a0\u00a0\u00a0\u00a0 Sensibilizarea fa\u021b\u0103 de valoarea moral\u0103 \u0219i sentimental\u0103 a c\u0103r\u021bii;<\/p>\n<p>&#8211;\u00a0\u00a0\u00a0\u00a0\u00a0\u00a0\u00a0\u00a0 Educarea elevilor \u00een spiritul dragostei pentru carte \u0219i cunoa\u0219tere;<\/p>\n<p>&#8211;\u00a0\u00a0\u00a0\u00a0\u00a0\u00a0\u00a0\u00a0 Dezvoltarea pasiunii pentru citit;<\/p>\n<p>&#8211;\u00a0\u00a0\u00a0\u00a0\u00a0\u00a0\u00a0\u00a0 S\u0103 cunoasc\u0103 marii scriitori ai literaturii rom\u00e2ne \u0219i chiar universale.<\/p>\n<p><strong><em>Dragi elevi , lectur\u0103 pl\u0103cut\u0103 !<\/em><\/strong><\/p>\n<p>(Prof. \u00eenv. primar Maria Ciontu)<\/p>\n<p><br class=\"spacer_\" \/><\/p>\n<p><a href=\"http:\/\/semndecarte.metarsis.ro\/wp-content\/uploads\/2011\/10\/Cl-VI-a_001.jpg\" rel=\"lightbox[5795]\"><img loading=\"lazy\" class=\"alignleft size-thumbnail wp-image-5796\" title=\"Elevii clasei a IV-a , de la \u0218coala cu clasele I-VIII nr. 1 din Re\u0219i\u021ba, sub \u00eendrumarea doamnei \u00eenv\u0103\u021b\u0103toare Maria Ciontu\" src=\"http:\/\/semndecarte.metarsis.ro\/wp-content\/uploads\/2011\/10\/Cl-VI-a_001-95x95.jpg\" alt=\"\" width=\"95\" height=\"95\" \/><\/a><a href=\"http:\/\/semndecarte.metarsis.ro\/wp-content\/uploads\/2011\/10\/Cl-VI-a_002.jpg\" rel=\"lightbox[5795]\"><img loading=\"lazy\" class=\"alignleft size-thumbnail wp-image-5797\" title=\"Elevii clasei a IV-a , de la \u0218coala cu clasele I-VIII nr. 1 din Re\u0219i\u021ba, sub \u00eendrumarea doamnei \u00eenv\u0103\u021b\u0103toare Maria Ciontu\" src=\"http:\/\/semndecarte.metarsis.ro\/wp-content\/uploads\/2011\/10\/Cl-VI-a_002-95x95.jpg\" alt=\"\" width=\"95\" height=\"95\" \/><\/a><a href=\"http:\/\/semndecarte.metarsis.ro\/wp-content\/uploads\/2011\/10\/Cl-VI-a_004.jpg\" rel=\"lightbox[5795]\"><img loading=\"lazy\" class=\"alignleft size-thumbnail wp-image-5798\" title=\"Elevii clasei a IV-a , de la \u0218coala cu clasele I-VIII nr. 1 din Re\u0219i\u021ba, sub \u00eendrumarea doamnei \u00eenv\u0103\u021b\u0103toare Maria Ciontu\" src=\"http:\/\/semndecarte.metarsis.ro\/wp-content\/uploads\/2011\/10\/Cl-VI-a_004-95x95.jpg\" alt=\"\" width=\"95\" height=\"95\" \/><\/a><a href=\"http:\/\/semndecarte.metarsis.ro\/wp-content\/uploads\/2011\/10\/Cl-VI-a_005.jpg\" rel=\"lightbox[5795]\"><img loading=\"lazy\" class=\"alignleft size-thumbnail wp-image-5799\" title=\"Elevii clasei a IV-a , de la \u0218coala cu clasele I-VIII nr. 1 din Re\u0219i\u021ba, sub \u00eendrumarea doamnei \u00eenv\u0103\u021b\u0103toare Maria Ciontu\" src=\"http:\/\/semndecarte.metarsis.ro\/wp-content\/uploads\/2011\/10\/Cl-VI-a_005-95x95.jpg\" alt=\"\" width=\"95\" height=\"95\" \/><\/a><a href=\"http:\/\/semndecarte.metarsis.ro\/wp-content\/uploads\/2011\/10\/Cl-VI-a_006.jpg\" rel=\"lightbox[5795]\"><img loading=\"lazy\" class=\"alignleft size-thumbnail wp-image-5800\" title=\"Elevii clasei a IV-a , de la \u0218coala cu clasele I-VIII nr. 1 din Re\u0219i\u021ba, sub \u00eendrumarea doamnei \u00eenv\u0103\u021b\u0103toare Maria Ciontu\" src=\"http:\/\/semndecarte.metarsis.ro\/wp-content\/uploads\/2011\/10\/Cl-VI-a_006-95x95.jpg\" alt=\"\" width=\"95\" height=\"95\" \/><\/a><a href=\"http:\/\/semndecarte.metarsis.ro\/wp-content\/uploads\/2011\/10\/Cl-VI-a_007.jpg\" rel=\"lightbox[5795]\"><img loading=\"lazy\" class=\"alignleft size-thumbnail wp-image-5801\" title=\"Elevii clasei a IV-a , de la \u0218coala cu clasele I-VIII nr. 1 din Re\u0219i\u021ba, sub \u00eendrumarea doamnei \u00eenv\u0103\u021b\u0103toare Maria Ciontu\" src=\"http:\/\/semndecarte.metarsis.ro\/wp-content\/uploads\/2011\/10\/Cl-VI-a_007-95x95.jpg\" alt=\"\" width=\"95\" height=\"95\" \/><\/a><a href=\"http:\/\/semndecarte.metarsis.ro\/wp-content\/uploads\/2011\/10\/Cl-VI-a_008.jpg\" rel=\"lightbox[5795]\"><img loading=\"lazy\" class=\"alignleft size-thumbnail wp-image-5802\" title=\"Elevii clasei a IV-a , de la \u0218coala cu clasele I-VIII nr. 1 din Re\u0219i\u021ba, sub \u00eendrumarea doamnei \u00eenv\u0103\u021b\u0103toare Maria Ciontu\" src=\"http:\/\/semndecarte.metarsis.ro\/wp-content\/uploads\/2011\/10\/Cl-VI-a_008-95x95.jpg\" alt=\"\" width=\"95\" height=\"95\" \/><\/a><a href=\"http:\/\/semndecarte.metarsis.ro\/wp-content\/uploads\/2011\/10\/Cl-VI-a_013.jpg\" rel=\"lightbox[5795]\"><img loading=\"lazy\" class=\"alignleft size-thumbnail wp-image-5805\" title=\"Elevii clasei a IV-a , de la \u0218coala cu clasele I-VIII nr. 1 din Re\u0219i\u021ba, sub \u00eendrumarea doamnei \u00eenv\u0103\u021b\u0103toare Maria Ciontu\" src=\"http:\/\/semndecarte.metarsis.ro\/wp-content\/uploads\/2011\/10\/Cl-VI-a_013-95x95.jpg\" alt=\"\" width=\"95\" height=\"95\" \/><\/a><a href=\"http:\/\/semndecarte.metarsis.ro\/wp-content\/uploads\/2011\/10\/Cl-VI-a_010.jpg\" rel=\"lightbox[5795]\"><img loading=\"lazy\" class=\"alignleft size-thumbnail wp-image-5803\" title=\"Elevii clasei a IV-a , de la \u0218coala cu clasele I-VIII nr. 1 din Re\u0219i\u021ba, sub \u00eendrumarea doamnei \u00eenv\u0103\u021b\u0103toare Maria Ciontu\" src=\"http:\/\/semndecarte.metarsis.ro\/wp-content\/uploads\/2011\/10\/Cl-VI-a_010-95x95.jpg\" alt=\"\" width=\"95\" height=\"95\" \/><\/a><a href=\"http:\/\/semndecarte.metarsis.ro\/wp-content\/uploads\/2011\/10\/Cl-VI-a_012.jpg\" rel=\"lightbox[5795]\"><img loading=\"lazy\" class=\"alignleft size-thumbnail wp-image-5804\" title=\"Elevii clasei a IV-a , de la \u0218coala cu clasele I-VIII nr. 1 din Re\u0219i\u021ba, sub \u00eendrumarea doamnei \u00eenv\u0103\u021b\u0103toare Maria Ciontu\" src=\"http:\/\/semndecarte.metarsis.ro\/wp-content\/uploads\/2011\/10\/Cl-VI-a_012-95x95.jpg\" alt=\"\" width=\"95\" height=\"95\" \/><\/a><\/p>\n","protected":false},"excerpt":{"rendered":"<p>O carte te \u00eenva\u021b\u0103 lucruri bune, precum un bl\u00e2nd  bunic. \u0218i a\u0219a cum un proverb rom\u00e2nesc spune c\u0103 : \u201eCine n-are b\u0103tr\u00e2ni s\u0103-\u0219i cumpere\u201d tot la fel s-au g\u00e2ndit \u0219i elevii clasei a IV-a , de la \u0218coala cu clasele I-VIII nr. 1 din Re\u0219i\u021ba, sub \u00eendrumarea doamnei \u00eenv\u0103\u021b\u0103toare Maria Ciontu, s\u0103-\u0219i achizi\u021bioneze fiecare c\u00e2te-o c\u0103rticic\u0103 din banii aduna\u021bi la pu\u0219culi\u021b\u0103,vizit\u00e2nd, luni, 17 octombrie 2011, Libr\u0103ria Semn de Carte. <\/p>\n","protected":false},"author":1,"featured_media":0,"comment_status":"open","ping_status":"open","sticky":false,"template":"","format":"standard","meta":[],"categories":[7],"tags":[267],"_links":{"self":[{"href":"https:\/\/semndecarte.metarsis.ro\/index.php?rest_route=\/wp\/v2\/posts\/5795"}],"collection":[{"href":"https:\/\/semndecarte.metarsis.ro\/index.php?rest_route=\/wp\/v2\/posts"}],"about":[{"href":"https:\/\/semndecarte.metarsis.ro\/index.php?rest_route=\/wp\/v2\/types\/post"}],"author":[{"embeddable":true,"href":"https:\/\/semndecarte.metarsis.ro\/index.php?rest_route=\/wp\/v2\/users\/1"}],"replies":[{"embeddable":true,"href":"https:\/\/semndecarte.metarsis.ro\/index.php?rest_route=%2Fwp%2Fv2%2Fcomments&post=5795"}],"version-history":[{"count":0,"href":"https:\/\/semndecarte.metarsis.ro\/index.php?rest_route=\/wp\/v2\/posts\/5795\/revisions"}],"wp:attachment":[{"href":"https:\/\/semndecarte.metarsis.ro\/index.php?rest_route=%2Fwp%2Fv2%2Fmedia&parent=5795"}],"wp:term":[{"taxonomy":"category","embeddable":true,"href":"https:\/\/semndecarte.metarsis.ro\/index.php?rest_route=%2Fwp%2Fv2%2Fcategories&post=5795"},{"taxonomy":"post_tag","embeddable":true,"href":"https:\/\/semndecarte.metarsis.ro\/index.php?rest_route=%2Fwp%2Fv2%2Ftags&post=5795"}],"curies":[{"name":"wp","href":"https:\/\/api.w.org\/{rel}","templated":true}]}}