{"id":5779,"date":"2011-10-14T23:21:06","date_gmt":"2011-10-14T21:21:06","guid":{"rendered":"http:\/\/semndecarte.metarsis.ro\/?p=5779"},"modified":"2011-10-14T23:21:06","modified_gmt":"2011-10-14T21:21:06","slug":"labirintul-de-idei-a-lui-titus-crisciu","status":"publish","type":"post","link":"https:\/\/semndecarte.metarsis.ro\/?p=5779","title":{"rendered":"Labirintul de idei a lui Titus Crisciu"},"content":{"rendered":"<p style=\"text-align: justify;\">&#8222;Idei in Labirint\u201d, volumul de interviuri inedite realizate de publicistul \u015fi omul de cultur\u0103 re\u015fi\u0163ean Titus Crisciu a fost lansat miercuri, 12 octombrie 2011 la Re\u015fi\u0163a.<\/p>\n<p style=\"text-align: justify;\">\u00cent\u00e2lnirea, moderat\u0103 de criticul Gheorghe Jurma a adus \u00een ceainaria librariei Semn de Carte numero\u015fi oameni de cultur\u0103, jurnali\u015fti, prieteni. <!--more-->\u00cen deschidere prof.univ.dr. Marcu Mihai Deleanu a\u00a0 vorbit despre importan\u0163a \u201cgenului publicistic aflat la grani\u0163a dintre ziaristic\u0103 \u015fi literatur\u0103\u201d \u015fi despre avantajul autorului de a putea participa la lansarea volumului de interviuri \u00eempreun\u0103 cu personajele sale. Dintre cei prezen\u0163i \u00een \u201cIdei \u00een labirint\u201d au fost prezen\u0163i, asear\u0103, \u015fi au luat cuv\u00e2ntul: doamna prof. Florica Molnar- director al liceului Diaconovici-Tiez din Re\u015fi\u0163a, poetul Nicolae S\u00e2rbu \u015fi prof.univ. Gheorghe Popovici de la Universitatea Eftimie Murgu- doar trei dintre personalit\u0103\u0163ile prezente \u00een volumul de interviuri. Au mai vorbit despre Titus Crisciu: Gabriela \u015eerban- manager general al Bibliotecii Tata Oancea din Boc\u015fa, dr. Octavian Apahideanu- el insu\u015fi personajul proincipal al unui volum intreg de interviuri semnat Titus Crisciu, \u00a0preot protopop Vasile Petrica, omul de cultur\u0103 \u015fi vechi prieten cu autorul &#8211; Adrian Stepan, realizatorul de emisiuni Valentin Homescu- Radio Rom\u00e2nia Re\u015fi\u0163a.<\/p>\n<p style=\"text-align: justify;\">O seara \u00een care cel de-al doisprezecelea volum semnat Titus Crisciu a fost apreciat la justa valoare, seriozitatea \u015fi talentul de a-i face s\u0103 se simta comod\u00a0 pe cei intervieva\u0163i reu\u015find dialoguri spectaculoase\u00a0 prin sinceritate, chiar daca acestea nu sunt datate clar- observa\u0163ia apar\u0163in\u00e2nd criticului Gheorghe Jurma, vor sta \u00a0m\u0103rturie peste timp prin \u00a0definirea unor personalit\u0103ti culturale \u00a0marcante din spa\u0163iul multicultural \u015fi multietnic al Banatului Montan \u2013 regiune istoric\u0103 bine definita pe harta culturala a Rom\u00e2niei.<\/p>\n<p style=\"text-align: justify;\">\u00a0<\/p>\n<p style=\"text-align: justify;\"><a href=\"http:\/\/semndecarte.metarsis.ro\/wp-content\/uploads\/2011\/10\/Idei-in-labirint_003.jpg\" rel=\"lightbox[5779]\"><img loading=\"lazy\" class=\"alignleft size-thumbnail wp-image-5790\" title=\"Lansarea volumului &quot;Idei in labirint&quot; autor Titus Crisciu\" src=\"http:\/\/semndecarte.metarsis.ro\/wp-content\/uploads\/2011\/10\/Idei-in-labirint_003-95x95.jpg\" alt=\"\" width=\"95\" height=\"95\" \/><\/a><a href=\"http:\/\/semndecarte.metarsis.ro\/wp-content\/uploads\/2011\/10\/Idei-in-labirint_023.jpg\" rel=\"lightbox[5779]\"><img loading=\"lazy\" class=\"alignleft size-thumbnail wp-image-5792\" title=\"Lansarea volumului &quot;Idei in labirint&quot;, autor Titus Crisciu\" src=\"http:\/\/semndecarte.metarsis.ro\/wp-content\/uploads\/2011\/10\/Idei-in-labirint_023-95x95.jpg\" alt=\"\" width=\"95\" height=\"95\" \/><\/a><a href=\"http:\/\/semndecarte.metarsis.ro\/wp-content\/uploads\/2011\/10\/Idei-in-labirint_012.jpg\" rel=\"lightbox[5779]\"><img loading=\"lazy\" class=\"alignleft size-thumbnail wp-image-5791\" title=\"Lansarea volumului &quot;Idei in labirint&quot;, autor Titus Crisciu\" src=\"http:\/\/semndecarte.metarsis.ro\/wp-content\/uploads\/2011\/10\/Idei-in-labirint_012-95x95.jpg\" alt=\"\" width=\"95\" height=\"95\" \/><\/a><a href=\"http:\/\/semndecarte.metarsis.ro\/wp-content\/uploads\/2011\/10\/Idei-in-labirint_030.jpg\" rel=\"lightbox[5779]\"><img loading=\"lazy\" class=\"alignleft size-thumbnail wp-image-5793\" title=\"Lansarea volumului &quot;Idei in labirint&quot;, autor Titus Crisciu\" src=\"http:\/\/semndecarte.metarsis.ro\/wp-content\/uploads\/2011\/10\/Idei-in-labirint_030-95x95.jpg\" alt=\"\" width=\"95\" height=\"95\" \/><\/a><a href=\"http:\/\/semndecarte.metarsis.ro\/wp-content\/uploads\/2011\/10\/Idei-in-labirint_045.jpg\" rel=\"lightbox[5779]\"><img loading=\"lazy\" class=\"alignleft size-thumbnail wp-image-5794\" title=\"Lansarea volumului &quot;Idei in labirint&quot;, autor Titus Crisciu\" src=\"http:\/\/semndecarte.metarsis.ro\/wp-content\/uploads\/2011\/10\/Idei-in-labirint_045-95x95.jpg\" alt=\"\" width=\"95\" height=\"95\" \/><\/a><\/p>\n<p>\n<object style=\"width: 520px; height: 400px;\" classid=\"clsid:d27cdb6e-ae6d-11cf-96b8-444553540000\" width=\"520\" height=\"400\" codebase=\"http:\/\/download.macromedia.com\/pub\/shockwave\/cabs\/flash\/swflash.cab#version=6,0,40,0\"><param name=\"loop\" value=\"false\" \/><param name=\"menu\" value=\"false\" \/><param name=\"salign\" value=\"l\" \/><param name=\"src\" value=\"http:\/\/www.youtube.com\/v\/ojJtz0RURWY&amp;rel=0\" \/><param name=\"align\" value=\"left\" \/><embed style=\"width: 520px; height: 400px;\" type=\"application\/x-shockwave-flash\" width=\"520\" height=\"400\" src=\"http:\/\/www.youtube.com\/v\/ojJtz0RURWY&amp;rel=0\" align=\"left\" salign=\"l\" menu=\"false\" loop=\"false\"><\/embed><\/object><\/p>\n","protected":false},"excerpt":{"rendered":"<p>&#8222;Idei in Labirint\u201d, volumul de interviuri inedite realizate de publicistul \u015fi omul de cultur\u0103 re\u015fi\u0163ean Titus Crisciu a fost lansat miercuri, 12 octombrie 2011 la Re\u015fi\u0163a.<\/p>\n<p>\u00cent\u00e2lnirea, moderat\u0103 de criticul Gheorghe Jurma a adus \u00een ceainaria librariei Semn de Carte numero\u015fi oameni de cultur\u0103, jurnali\u015fti, prieteni. <\/p>\n","protected":false},"author":1,"featured_media":0,"comment_status":"open","ping_status":"open","sticky":false,"template":"","format":"standard","meta":[],"categories":[6,7],"tags":[69],"_links":{"self":[{"href":"https:\/\/semndecarte.metarsis.ro\/index.php?rest_route=\/wp\/v2\/posts\/5779"}],"collection":[{"href":"https:\/\/semndecarte.metarsis.ro\/index.php?rest_route=\/wp\/v2\/posts"}],"about":[{"href":"https:\/\/semndecarte.metarsis.ro\/index.php?rest_route=\/wp\/v2\/types\/post"}],"author":[{"embeddable":true,"href":"https:\/\/semndecarte.metarsis.ro\/index.php?rest_route=\/wp\/v2\/users\/1"}],"replies":[{"embeddable":true,"href":"https:\/\/semndecarte.metarsis.ro\/index.php?rest_route=%2Fwp%2Fv2%2Fcomments&post=5779"}],"version-history":[{"count":0,"href":"https:\/\/semndecarte.metarsis.ro\/index.php?rest_route=\/wp\/v2\/posts\/5779\/revisions"}],"wp:attachment":[{"href":"https:\/\/semndecarte.metarsis.ro\/index.php?rest_route=%2Fwp%2Fv2%2Fmedia&parent=5779"}],"wp:term":[{"taxonomy":"category","embeddable":true,"href":"https:\/\/semndecarte.metarsis.ro\/index.php?rest_route=%2Fwp%2Fv2%2Fcategories&post=5779"},{"taxonomy":"post_tag","embeddable":true,"href":"https:\/\/semndecarte.metarsis.ro\/index.php?rest_route=%2Fwp%2Fv2%2Ftags&post=5779"}],"curies":[{"name":"wp","href":"https:\/\/api.w.org\/{rel}","templated":true}]}}