{"id":5732,"date":"2011-10-05T22:30:18","date_gmt":"2011-10-05T20:30:18","guid":{"rendered":"http:\/\/semndecarte.metarsis.ro\/?p=5732"},"modified":"2011-10-05T22:30:18","modified_gmt":"2011-10-05T20:30:18","slug":"foto-ioan-mato","status":"publish","type":"post","link":"https:\/\/semndecarte.metarsis.ro\/?p=5732","title":{"rendered":"Foto &#8211; Ioan Mato"},"content":{"rendered":"<p><strong>Prietenii mun\u0163ilor<\/strong> <strong>la Libr\u0103ria Semn de Carte<\/strong><\/p>\n<p>Int\u00e2lnirea de mar\u0163i<strong> <\/strong>4 octombrie 2011 ne-a prilejuit \u00eent\u00e2lnirea cu imagini superbe dinprejurul Re\u015fi\u0163ei.<\/p>\n<p>Demn urma\u015f al unui talentat \u015fi cunoscut fotograf re\u015fi\u0163ean -Ioan Mato senior, cel ce ne-a inc\u00e2ntat cu prezentarea <strong>&#8211;<\/strong> Ioan Mato\u00a0 junior duce mai departe nu doar numele\u00a0 ci \u015fi talentul de a surprinde \u015fi reda \u00een\u00a0 imagini locuri memorabile \u015fi momente speciale. <!--more-->Maniera \u015fi prezentarea traseelor, de la Valiug la Breazova , de la G\u0103r\u00e2na p\u00e2na\u00a0 pe v\u00e2rful Cuca sau \u00een pe\u015ftera Comarnic , l-ar fi f\u0103cut, cu siguran\u0163\u0103, m\u00e2ndru pe tat\u0103 de fiu \u015fi bucuros, a\u015fa cum am fost \u015fi noi, urm\u0103rind, alaturi de &#8222;drume\u0163ii&#8221; de la Prietenii Mun\u0163ilor din Re\u015fi\u0163a \u015fi prieteni ai librariei Semn de Carte prezenti, imagini din\u00a0 Banatului Montan, imortalizate de Ioan Mato junior.<\/p>\n<p>\n<object classid=\"clsid:d27cdb6e-ae6d-11cf-96b8-444553540000\" width=\"520\" height=\"428\" codebase=\"http:\/\/download.macromedia.com\/pub\/shockwave\/cabs\/flash\/swflash.cab#version=6,0,40,0\"><param name=\"loop\" value=\"false\" \/><param name=\"menu\" value=\"false\" \/><param name=\"salign\" value=\"l\" \/><param name=\"src\" value=\"http:\/\/www.youtube.com\/v\/UP9UWoI9zcY&amp;rel=0\" \/><param name=\"align\" value=\"left\" \/><embed type=\"application\/x-shockwave-flash\" width=\"520\" height=\"428\" src=\"http:\/\/www.youtube.com\/v\/UP9UWoI9zcY&amp;rel=0\" align=\"left\" salign=\"l\" menu=\"false\" loop=\"false\"><\/embed><\/object><\/p>\n","protected":false},"excerpt":{"rendered":"<p>Int\u00e2lnirea de mar\u0163i 4 octombrie 2011 ne-a prilejuit \u00eentalnirea cu imagini superbe dinprejurul Re\u015fi\u0163ei.<\/p>\n<p>Demn urma\u015f al unui talentat \u015fi cunoscut fotograf re\u015fi\u0163ean -Ioan Mato senior, cel ce ne-a inc\u00e2ntat cu prezentarea-Ioan Mato  junior duce mai departe nu doar numele   ci \u015fi talentul de a surprinde \u015fi reda \u00een  imagini locuri memorabile \u015fi momente speciale. <\/p>\n","protected":false},"author":1,"featured_media":0,"comment_status":"open","ping_status":"open","sticky":false,"template":"","format":"standard","meta":[],"categories":[6,7],"tags":[323],"_links":{"self":[{"href":"https:\/\/semndecarte.metarsis.ro\/index.php?rest_route=\/wp\/v2\/posts\/5732"}],"collection":[{"href":"https:\/\/semndecarte.metarsis.ro\/index.php?rest_route=\/wp\/v2\/posts"}],"about":[{"href":"https:\/\/semndecarte.metarsis.ro\/index.php?rest_route=\/wp\/v2\/types\/post"}],"author":[{"embeddable":true,"href":"https:\/\/semndecarte.metarsis.ro\/index.php?rest_route=\/wp\/v2\/users\/1"}],"replies":[{"embeddable":true,"href":"https:\/\/semndecarte.metarsis.ro\/index.php?rest_route=%2Fwp%2Fv2%2Fcomments&post=5732"}],"version-history":[{"count":0,"href":"https:\/\/semndecarte.metarsis.ro\/index.php?rest_route=\/wp\/v2\/posts\/5732\/revisions"}],"wp:attachment":[{"href":"https:\/\/semndecarte.metarsis.ro\/index.php?rest_route=%2Fwp%2Fv2%2Fmedia&parent=5732"}],"wp:term":[{"taxonomy":"category","embeddable":true,"href":"https:\/\/semndecarte.metarsis.ro\/index.php?rest_route=%2Fwp%2Fv2%2Fcategories&post=5732"},{"taxonomy":"post_tag","embeddable":true,"href":"https:\/\/semndecarte.metarsis.ro\/index.php?rest_route=%2Fwp%2Fv2%2Ftags&post=5732"}],"curies":[{"name":"wp","href":"https:\/\/api.w.org\/{rel}","templated":true}]}}