{"id":5719,"date":"2011-10-03T21:06:15","date_gmt":"2011-10-03T19:06:15","guid":{"rendered":"http:\/\/semndecarte.metarsis.ro\/?p=5719"},"modified":"2011-10-25T21:38:39","modified_gmt":"2011-10-25T19:38:39","slug":"noapte-buna-domnule-marti","status":"publish","type":"post","link":"https:\/\/semndecarte.metarsis.ro\/?p=5719","title":{"rendered":"Noapte bun\u0103, domnule Mar\u0163i!"},"content":{"rendered":"<p style=\"text-align: justify;\"><a href=\"http:\/\/semndecarte.metarsis.ro\/wp-content\/uploads\/2011\/10\/Noapte-buna-domnule-Marti.jpg\" rel=\"lightbox[5719]\"><img loading=\"lazy\" class=\"alignleft size-full wp-image-5720\" title=\"Noapte buna, domnule Marti\" src=\"http:\/\/semndecarte.metarsis.ro\/wp-content\/uploads\/2011\/10\/Noapte-buna-domnule-Marti.jpg\" alt=\"\" width=\"497\" height=\"200\" srcset=\"https:\/\/semndecarte.metarsis.ro\/wp-content\/uploads\/2011\/10\/Noapte-buna-domnule-Marti.jpg 829w, https:\/\/semndecarte.metarsis.ro\/wp-content\/uploads\/2011\/10\/Noapte-buna-domnule-Marti-160x64.jpg 160w, https:\/\/semndecarte.metarsis.ro\/wp-content\/uploads\/2011\/10\/Noapte-buna-domnule-Marti-163x65.jpg 163w\" sizes=\"(max-width: 497px) 100vw, 497px\" \/><\/a><\/p>\n<p style=\"text-align: justify;\">.<\/p>\n<p style=\"text-align: justify;\">\u00a0<\/p>\n<p style=\"text-align: justify;\">\u00a0<\/p>\n<p style=\"text-align: justify;\">\u00a0<\/p>\n<p style=\"text-align: justify;\">\u00a0<\/p>\n<p style=\"text-align: justify;\">\u00a0<\/p>\n<p style=\"text-align: justify;\">\u00a0<\/p>\n<p style=\"text-align: justify;\">\u00a0<\/p>\n<p style=\"text-align: justify;\">\u00a0<\/p>\n<p style=\"text-align: justify;\">Primii copii care s-au bucurat de \u00eent\u00e2lnirea cu producatorul \u015fi redactorul Irina Soare \u015fi regizorul Mihai Lungeanu veni\u0163i special de la Bucure\u015fti pentru demararea proiectului au fost un grup de elevi din clasa a II-a\u00a0 \u015fi a III-a\u00a0 de la \u015ecoala cu clasele I-VIII nr. 2 \u00a0Re\u015fi\u0163a &#8211; coordonatoare doamnele \u00eenv\u0103\u0163\u0103toare Elisabeta Vl\u0103du\u0163 \u015fi Ana Modoran \u015fi elevii din clasa a V-a A , prof. diriginte doamna Petronela Botez, \u015fi a V-a C , prof. diriginte doamna Gertrude Steiner de la Colegiul Na\u0163ional \u201cTraian Lalescu\u201d din Re\u015fi\u0163a, care au ascultat, \u00een premier\u0103, piesa \u201cNoapte buna, domnule Mar\u0163i\u201d de Carmen Dominte , adaptare radiofonic\u0103 \u015fi regia artistic\u0103 Mihai Lungeanu,<!--more-->distribu\u0163ia: Alexandru Georgescu, Ionu\u0163 Kivu, Mircea Constantinescu, Constantin Cojocaru, Jeanine Stavarache, Violeta Berbiuc, Mihai Marinescu \u015fi George Grigore, \u00een regia de studio a Violetei Berbiuc, regia muzical\u0103 Patricia Prundea, regia tehnic\u0103 Vasile Manta, redactor \u015fi producator Irina Soare.<\/p>\n<p style=\"text-align: justify;\">Micu\u0163ii au savurat textul piesei de teatru radiofonic \u015fi au desenat imagini sugestive, pline de culoare.<\/p>\n<p style=\"text-align: justify;\">Proiectul va continua. \u00cen fiecare zi de miercuri, la libr\u0103ria Semn de Carte vor fi prezen\u0163i copii \u00een audi\u0163ie public\u0103 de teatru radiofonic pentru copii. Ei vor desena ceea ce vor auzi iar la premiera piesei urmatoare, \u201cDomnul de ciocolata\u201d care va avea loc \u00een 19 octombrie 2011, vor fi premiate lucr\u0103ri realizate \u00een timpul audii\u0163ilor piesei \u201cBuna seara, domnule Mar\u0163i\u201d.<\/p>\n<p style=\"text-align: justify;\"><em>S\u0103pt\u0103m\u00e2nal, de luni p\u0103n\u0103 duminic\u0103,\u00a0 pe site-ul nostru\u00a0 <a href=\"http:\/\/www.semndecarte.metarsis.ro\/\" target=\"_blank\">www.semndecarte.metarsis.ro<\/a> pute\u0163i vota desenele preferate alese pentru a intra \u00een finala concursului dedicat fiecarei piese de teatru prezentate anterior \u015fi pus\u0103 \u00een imagini de c\u0103tre micu\u0163ii ascult\u0103tori ierarhiz\u00e2nd lucrarile men\u0163ion\u00e2nd, \u00een ordine, numele autorului \u00een comentariu la acest articol. Primii cinci c\u00e2\u015ftig\u0103tori vor fi premia\u0163i cu c\u0103r\u0163i.<\/em><\/p>\n<p style=\"text-align: justify;\">\u00a0<\/p>\n<p style=\"text-align: justify;\"><a href=\"http:\/\/semndecarte.metarsis.ro\/wp-content\/uploads\/2011\/10\/nb-Aga-ANamaria-Cristina-cl-5-A-Tietz.jpg\" rel=\"lightbox[5719]\"><img loading=\"lazy\" class=\"alignleft size-large wp-image-5831\" title=\"Aga Anamaria Cristina cl 5 A Diaconovici-Tietz\" src=\"http:\/\/semndecarte.metarsis.ro\/wp-content\/uploads\/2011\/10\/nb-Aga-ANamaria-Cristina-cl-5-A-Tietz-163x118.jpg\" alt=\"\" width=\"163\" height=\"118\" srcset=\"https:\/\/semndecarte.metarsis.ro\/wp-content\/uploads\/2011\/10\/nb-Aga-ANamaria-Cristina-cl-5-A-Tietz-163x118.jpg 163w, https:\/\/semndecarte.metarsis.ro\/wp-content\/uploads\/2011\/10\/nb-Aga-ANamaria-Cristina-cl-5-A-Tietz-160x116.jpg 160w, https:\/\/semndecarte.metarsis.ro\/wp-content\/uploads\/2011\/10\/nb-Aga-ANamaria-Cristina-cl-5-A-Tietz.jpg 600w\" sizes=\"(max-width: 163px) 100vw, 163px\" \/><\/a><a href=\"http:\/\/semndecarte.metarsis.ro\/wp-content\/uploads\/2011\/10\/nb-Bianca-Badescu-sbs3-Lalescu.jpg\" rel=\"lightbox[5719]\"><img loading=\"lazy\" class=\"alignleft size-large wp-image-5832\" title=\"Bianca Badescu cl3 SBS Traian Lalescu\" src=\"http:\/\/semndecarte.metarsis.ro\/wp-content\/uploads\/2011\/10\/nb-Bianca-Badescu-sbs3-Lalescu-163x118.jpg\" alt=\"\" width=\"163\" height=\"118\" srcset=\"https:\/\/semndecarte.metarsis.ro\/wp-content\/uploads\/2011\/10\/nb-Bianca-Badescu-sbs3-Lalescu-163x118.jpg 163w, https:\/\/semndecarte.metarsis.ro\/wp-content\/uploads\/2011\/10\/nb-Bianca-Badescu-sbs3-Lalescu-160x116.jpg 160w, https:\/\/semndecarte.metarsis.ro\/wp-content\/uploads\/2011\/10\/nb-Bianca-Badescu-sbs3-Lalescu.jpg 600w\" sizes=\"(max-width: 163px) 100vw, 163px\" \/><\/a><a href=\"http:\/\/semndecarte.metarsis.ro\/wp-content\/uploads\/2011\/10\/nb-Lang-Andreas-cl5B-Tietz.jpg\" rel=\"lightbox[5719]\"><img loading=\"lazy\" class=\"alignleft size-large wp-image-5833\" title=\"Lang Andreas cl 5 B Diaconovici-Tietz\" src=\"http:\/\/semndecarte.metarsis.ro\/wp-content\/uploads\/2011\/10\/nb-Lang-Andreas-cl5B-Tietz-163x118.jpg\" alt=\"\" width=\"163\" height=\"118\" srcset=\"https:\/\/semndecarte.metarsis.ro\/wp-content\/uploads\/2011\/10\/nb-Lang-Andreas-cl5B-Tietz-163x118.jpg 163w, https:\/\/semndecarte.metarsis.ro\/wp-content\/uploads\/2011\/10\/nb-Lang-Andreas-cl5B-Tietz-160x116.jpg 160w, https:\/\/semndecarte.metarsis.ro\/wp-content\/uploads\/2011\/10\/nb-Lang-Andreas-cl5B-Tietz.jpg 600w\" sizes=\"(max-width: 163px) 100vw, 163px\" \/><\/a><a href=\"http:\/\/semndecarte.metarsis.ro\/wp-content\/uploads\/2011\/10\/nb-Nicu-Alexandra-sbs3-Lalescu.jpg\" rel=\"lightbox[5719]\"><img loading=\"lazy\" class=\"alignleft size-large wp-image-5834\" title=\"Nicu Alexandra cl 3 SBS Traian Lalescu\" src=\"http:\/\/semndecarte.metarsis.ro\/wp-content\/uploads\/2011\/10\/nb-Nicu-Alexandra-sbs3-Lalescu-163x118.jpg\" alt=\"\" width=\"163\" height=\"118\" srcset=\"https:\/\/semndecarte.metarsis.ro\/wp-content\/uploads\/2011\/10\/nb-Nicu-Alexandra-sbs3-Lalescu-163x118.jpg 163w, https:\/\/semndecarte.metarsis.ro\/wp-content\/uploads\/2011\/10\/nb-Nicu-Alexandra-sbs3-Lalescu-160x116.jpg 160w, https:\/\/semndecarte.metarsis.ro\/wp-content\/uploads\/2011\/10\/nb-Nicu-Alexandra-sbs3-Lalescu.jpg 600w\" sizes=\"(max-width: 163px) 100vw, 163px\" \/><\/a><a href=\"http:\/\/semndecarte.metarsis.ro\/wp-content\/uploads\/2011\/10\/nb-Olariu-Dragan-sbs3-Lalescu.jpg\" rel=\"lightbox[5719]\"><img loading=\"lazy\" class=\"alignleft size-large wp-image-5835\" title=\"Olariu Dragan cl 3 SBS Traian Lalescu\" src=\"http:\/\/semndecarte.metarsis.ro\/wp-content\/uploads\/2011\/10\/nb-Olariu-Dragan-sbs3-Lalescu-163x118.jpg\" alt=\"\" width=\"163\" height=\"118\" srcset=\"https:\/\/semndecarte.metarsis.ro\/wp-content\/uploads\/2011\/10\/nb-Olariu-Dragan-sbs3-Lalescu-163x118.jpg 163w, https:\/\/semndecarte.metarsis.ro\/wp-content\/uploads\/2011\/10\/nb-Olariu-Dragan-sbs3-Lalescu-160x116.jpg 160w, https:\/\/semndecarte.metarsis.ro\/wp-content\/uploads\/2011\/10\/nb-Olariu-Dragan-sbs3-Lalescu.jpg 600w\" sizes=\"(max-width: 163px) 100vw, 163px\" \/><\/a><a href=\"http:\/\/semndecarte.metarsis.ro\/wp-content\/uploads\/2011\/10\/nb-Timis-Iasmina-cl-5-A-Tietz.jpg\" rel=\"lightbox[5719]\"><img loading=\"lazy\" class=\"alignleft size-large wp-image-5836\" title=\"Timis Iasmina cl 5 A Diaconovici-Tietz\" src=\"http:\/\/semndecarte.metarsis.ro\/wp-content\/uploads\/2011\/10\/nb-Timis-Iasmina-cl-5-A-Tietz-163x118.jpg\" alt=\"\" width=\"163\" height=\"118\" srcset=\"https:\/\/semndecarte.metarsis.ro\/wp-content\/uploads\/2011\/10\/nb-Timis-Iasmina-cl-5-A-Tietz-163x118.jpg 163w, https:\/\/semndecarte.metarsis.ro\/wp-content\/uploads\/2011\/10\/nb-Timis-Iasmina-cl-5-A-Tietz-160x116.jpg 160w, https:\/\/semndecarte.metarsis.ro\/wp-content\/uploads\/2011\/10\/nb-Timis-Iasmina-cl-5-A-Tietz.jpg 600w\" sizes=\"(max-width: 163px) 100vw, 163px\" \/><\/a><\/p>\n","protected":false},"excerpt":{"rendered":"<p>Acord\u0103-\u0163i un r\u0103gaz \u015fi ascult\u0103 o piesa de teatru radiofonic captivant\u0103, integral pe pagina libr\u0103riei Semn de Carte \u015fi voteaz\u0103 desenul preferate, \u00een ordine, coment\u00e2nd la acest articol.<\/p>\n","protected":false},"author":1,"featured_media":0,"comment_status":"open","ping_status":"open","sticky":false,"template":"","format":"standard","meta":[],"categories":[7],"tags":[115],"_links":{"self":[{"href":"https:\/\/semndecarte.metarsis.ro\/index.php?rest_route=\/wp\/v2\/posts\/5719"}],"collection":[{"href":"https:\/\/semndecarte.metarsis.ro\/index.php?rest_route=\/wp\/v2\/posts"}],"about":[{"href":"https:\/\/semndecarte.metarsis.ro\/index.php?rest_route=\/wp\/v2\/types\/post"}],"author":[{"embeddable":true,"href":"https:\/\/semndecarte.metarsis.ro\/index.php?rest_route=\/wp\/v2\/users\/1"}],"replies":[{"embeddable":true,"href":"https:\/\/semndecarte.metarsis.ro\/index.php?rest_route=%2Fwp%2Fv2%2Fcomments&post=5719"}],"version-history":[{"count":0,"href":"https:\/\/semndecarte.metarsis.ro\/index.php?rest_route=\/wp\/v2\/posts\/5719\/revisions"}],"wp:attachment":[{"href":"https:\/\/semndecarte.metarsis.ro\/index.php?rest_route=%2Fwp%2Fv2%2Fmedia&parent=5719"}],"wp:term":[{"taxonomy":"category","embeddable":true,"href":"https:\/\/semndecarte.metarsis.ro\/index.php?rest_route=%2Fwp%2Fv2%2Fcategories&post=5719"},{"taxonomy":"post_tag","embeddable":true,"href":"https:\/\/semndecarte.metarsis.ro\/index.php?rest_route=%2Fwp%2Fv2%2Ftags&post=5719"}],"curies":[{"name":"wp","href":"https:\/\/api.w.org\/{rel}","templated":true}]}}