{"id":5698,"date":"2011-10-01T13:07:35","date_gmt":"2011-10-01T11:07:35","guid":{"rendered":"http:\/\/semndecarte.metarsis.ro\/?p=5698"},"modified":"2011-10-14T20:57:50","modified_gmt":"2011-10-14T18:57:50","slug":"teatru-desen-carte","status":"publish","type":"post","link":"https:\/\/semndecarte.metarsis.ro\/?p=5698","title":{"rendered":"Teatru. Desen. Carte."},"content":{"rendered":"<p><strong>\u201cBun\u0103 seara, domnule Mar\u0163i\u201d <\/strong>de Carmen Dominte<\/p>\n<p style=\"text-align: justify;\">Metarsis &#8211; activit\u0103\u0163i \u015fi servicii de cultur\u0103 urban\u0103 \u015fi art\u0103 contemporan\u0103 &#8211; prin libr\u0103ria Semn de Carte din Re\u015fi\u0163a \u00een colaborare cu Radio Rom\u00e2nia prin departamentul Teatrul Na\u0163ional Radiofonic \u015fi Radio Rom\u00e2nia Re\u015fi\u0163a deruleaz\u0103, \u00eencepand cu 28 septembrie 2011, un proiect pilot cu frumoase perspective adresat tuturor copiilor, indiferent de\u00a0 v\u00e2rsta real\u0103, prin care produc\u0163iile Teatrului Na\u0163ional Radiofonic pentru copii se vor afla mai aproape\u00a0 de sufletul \u015fi imagina\u0163ia celor pentru care au fost realizate, propun\u00e2nd copiilor s\u0103 deseneze ceea ce ascult\u0103.<!--more--><\/p>\n<p style=\"text-align: justify;\">Primii copii care s-au bucurat de \u00eent\u00e2lnirea cu producatorul \u015fi redactorul Irina Soare \u015fi regizorul Mihai Lungeanu veni\u0163i special de la Bucure\u015fti pentru demararea proiectului au fost un grup de elevi din clasa a II-a\u00a0 \u015fi a III-a\u00a0 de la \u015ecoala cu clasele I-VIII nr. 2 \u00a0Re\u015fi\u0163a &#8211; coordonatoare doamnele \u00eenv\u0103\u0163\u0103toare Elisabeta Vl\u0103du\u0163 \u015fi Ana Modoran \u015fi elevii din clasa a V-a A , prof. diriginte doamna Petronela Botez, \u015fi a V-a C , prof. diriginte doamna Gertrude Steiner de la Colegiul Na\u0163ional \u201cTraian Lalescu\u201d din Re\u015fi\u0163a, care au ascultat, \u00een premier\u0103, piesa \u201cNoapte buna, domnule Mar\u0163i\u201d de Carmen Dominte , adaptare radiofonic\u0103 \u015fi regia artistic\u0103 Mihai Lungeanu, distribu\u0163ia: Alexandru Georgescu, Ionu\u0163 Kivu, Mircea Constantinescu, Constantin Cojocaru, Jeanine Stavarache, Violeta Berbiuc, Mihai Marinescu \u015fi George Grigore, \u00een regia de studio a Violetei Berbiuc, regia muzical\u0103 Patricia Prundea, regia tehnic\u0103 Vasile Manta, redactor \u015fi producator Irina Soare.<\/p>\n<p style=\"text-align: justify;\">Micu\u0163ii au savurat textul piesei de teatru radiofonic \u015fi au desenat imagini sugestive, pline de culoare.<\/p>\n<p style=\"text-align: justify;\">Proiectul va continua. \u00cen fiecare zi de miercuri, la libr\u0103ria Semn de Carte vor fi prezen\u0163i copii \u00een audi\u0163ie public\u0103 de teatru radiofonic pentru copii. Ei vor desena ceea ce vor auzi iar la premiera piesei urmatoare, \u201cDomnul de ciocolata\u201d care va avea loc \u00een 19 octombrie 2011, vor fi premiate lucr\u0103ri realizate \u00een timpul audii\u0163ilor piesei \u201cBuna seara, domnule Mar\u0163i\u201d. S\u0103pt\u0103m\u00e2nal, de luni p\u0103n\u0103 duminic\u0103,\u00a0 pe site-ul nostru\u00a0 <a href=\"http:\/\/www.semndecarte.metarsis.ro\/\" target=\"_blank\">www.semndecarte.metarsis.ro<\/a> pute\u0163i vota desenele preferate alese pentru a intra \u00een finala concursului dedicat fiecarei piese de teatru prezentate anterior \u015fi pus\u0103 \u00een imagini de c\u0103tre micu\u0163ii ascult\u0103tori. Primii cinci c\u00e2\u015ftig\u0103tori vor fi premia\u0163i cu c\u0103r\u0163i.<\/p>\n<p style=\"text-align: justify;\"><a href=\"http:\/\/semndecarte.metarsis.ro\/wp-content\/uploads\/2011\/10\/Libraria-Semn-de-Carte-Teatrul-National-Radiofonic-pt.-copii-123.jpg\" rel=\"lightbox[5698]\"><img loading=\"lazy\" class=\"alignleft size-thumbnail wp-image-5709\" title=\"Libraria Semn de Carte-Teatrul National Radiofonic pentru copii - Irina Soare, Camelia Duca, Mihai Lungeanu\" src=\"http:\/\/semndecarte.metarsis.ro\/wp-content\/uploads\/2011\/10\/Libraria-Semn-de-Carte-Teatrul-National-Radiofonic-pt.-copii-123-95x95.jpg\" alt=\"\" width=\"95\" height=\"95\" \/><\/a><a href=\"http:\/\/semndecarte.metarsis.ro\/wp-content\/uploads\/2011\/10\/Libraria-Semn-de-Carte-Teatrul-National-Radiofonic-pt.-copii-010.jpg\" rel=\"lightbox[5698]\"><img loading=\"lazy\" class=\"alignleft size-thumbnail wp-image-5703\" title=\"Teatrul National Radiofonic pentru copii\" src=\"http:\/\/semndecarte.metarsis.ro\/wp-content\/uploads\/2011\/10\/Libraria-Semn-de-Carte-Teatrul-National-Radiofonic-pt.-copii-010-95x95.jpg\" alt=\"\" width=\"95\" height=\"95\" \/><\/a><a href=\"http:\/\/semndecarte.metarsis.ro\/wp-content\/uploads\/2011\/10\/Libraria-Semn-de-Carte-Teatrul-National-Radiofonic-pt.-copii-061.jpg\" rel=\"lightbox[5698]\"><img loading=\"lazy\" class=\"alignleft size-thumbnail wp-image-5704\" title=\"Teatrul National Radiofonic pentru copii\" src=\"http:\/\/semndecarte.metarsis.ro\/wp-content\/uploads\/2011\/10\/Libraria-Semn-de-Carte-Teatrul-National-Radiofonic-pt.-copii-061-95x95.jpg\" alt=\"\" width=\"95\" height=\"95\" \/><\/a><a href=\"http:\/\/semndecarte.metarsis.ro\/wp-content\/uploads\/2011\/10\/Libraria-Semn-de-Carte-Teatrul-National-Radiofonic-pt.-copii-094.jpg\" rel=\"lightbox[5698]\"><img loading=\"lazy\" class=\"alignleft size-thumbnail wp-image-5705\" title=\"Teatrul National Radiofonic pentru copii\" src=\"http:\/\/semndecarte.metarsis.ro\/wp-content\/uploads\/2011\/10\/Libraria-Semn-de-Carte-Teatrul-National-Radiofonic-pt.-copii-094-95x95.jpg\" alt=\"\" width=\"95\" height=\"95\" \/><\/a><a href=\"http:\/\/semndecarte.metarsis.ro\/wp-content\/uploads\/2011\/10\/Libraria-Semn-de-Carte-Teatrul-National-Radiofonic-pt.-copii-006.jpg\" rel=\"lightbox[5698]\"><img loading=\"lazy\" class=\"alignleft size-thumbnail wp-image-5702\" title=\"Teatrul National Radiofonic pentru copii\" src=\"http:\/\/semndecarte.metarsis.ro\/wp-content\/uploads\/2011\/10\/Libraria-Semn-de-Carte-Teatrul-National-Radiofonic-pt.-copii-006-95x95.jpg\" alt=\"\" width=\"95\" height=\"95\" \/><\/a><a href=\"http:\/\/semndecarte.metarsis.ro\/wp-content\/uploads\/2011\/10\/Libraria-Semn-de-Carte-Teatrul-National-Radiofonic-pt.-copii-105.jpg\" rel=\"lightbox[5698]\"><img loading=\"lazy\" class=\"alignleft size-thumbnail wp-image-5706\" title=\"Teatrul National Radiofonic pentru copii\" src=\"http:\/\/semndecarte.metarsis.ro\/wp-content\/uploads\/2011\/10\/Libraria-Semn-de-Carte-Teatrul-National-Radiofonic-pt.-copii-105-95x95.jpg\" alt=\"\" width=\"95\" height=\"95\" \/><\/a><a href=\"http:\/\/semndecarte.metarsis.ro\/wp-content\/uploads\/2011\/10\/Libraria-Semn-de-Carte-Teatrul-National-Radiofonic-pt.-copii-110.jpg\" rel=\"lightbox[5698]\"><img loading=\"lazy\" class=\"alignleft size-thumbnail wp-image-5707\" title=\"Teatrul National Radiofonic pentru copii\" src=\"http:\/\/semndecarte.metarsis.ro\/wp-content\/uploads\/2011\/10\/Libraria-Semn-de-Carte-Teatrul-National-Radiofonic-pt.-copii-110-95x95.jpg\" alt=\"\" width=\"95\" height=\"95\" \/><\/a><a href=\"http:\/\/semndecarte.metarsis.ro\/wp-content\/uploads\/2011\/10\/Libraria-Semn-de-Carte-Teatrul-National-Radiofonic-pt.-copii-111.jpg\" rel=\"lightbox[5698]\"><img loading=\"lazy\" class=\"alignleft size-thumbnail wp-image-5708\" title=\"Teatrul National Radiofonic pentru copii\" src=\"http:\/\/semndecarte.metarsis.ro\/wp-content\/uploads\/2011\/10\/Libraria-Semn-de-Carte-Teatrul-National-Radiofonic-pt.-copii-111-95x95.jpg\" alt=\"\" width=\"95\" height=\"95\" \/><\/a><a href=\"http:\/\/semndecarte.metarsis.ro\/wp-content\/uploads\/2011\/10\/Libraria-Semn-de-Carte-Teatrul-National-Radiofonic-pt.-copii-136.jpg\" rel=\"lightbox[5698]\"><img loading=\"lazy\" class=\"alignleft size-thumbnail wp-image-5710\" title=\"Teatrul National Radiofonic pentru copii\" src=\"http:\/\/semndecarte.metarsis.ro\/wp-content\/uploads\/2011\/10\/Libraria-Semn-de-Carte-Teatrul-National-Radiofonic-pt.-copii-136-95x95.jpg\" alt=\"\" width=\"95\" height=\"95\" \/><\/a><a href=\"http:\/\/semndecarte.metarsis.ro\/wp-content\/uploads\/2011\/10\/Tearu-radiofonic_0006.jpg\" rel=\"lightbox[5698]\"><img loading=\"lazy\" class=\"alignleft size-thumbnail wp-image-5711\" title=\"Irina Soare\" src=\"http:\/\/semndecarte.metarsis.ro\/wp-content\/uploads\/2011\/10\/Tearu-radiofonic_0006-95x95.jpg\" alt=\"\" width=\"95\" height=\"95\" \/><\/a><a href=\"http:\/\/semndecarte.metarsis.ro\/wp-content\/uploads\/2011\/10\/Tearu-radiofonic_0111.jpg\" rel=\"lightbox[5698]\"><img loading=\"lazy\" class=\"alignleft size-thumbnail wp-image-5712\" title=\"Teatrul National Radiofonic pentru copii\" src=\"http:\/\/semndecarte.metarsis.ro\/wp-content\/uploads\/2011\/10\/Tearu-radiofonic_0111-95x95.jpg\" alt=\"\" width=\"95\" height=\"95\" \/><\/a><a href=\"http:\/\/semndecarte.metarsis.ro\/wp-content\/uploads\/2011\/10\/Tearu-radiofonic_0149.jpg\" rel=\"lightbox[5698]\"><img loading=\"lazy\" class=\"alignleft size-thumbnail wp-image-5716\" title=\"Teatrul National Radiofonic pentru copii\" src=\"http:\/\/semndecarte.metarsis.ro\/wp-content\/uploads\/2011\/10\/Tearu-radiofonic_0149-95x95.jpg\" alt=\"\" width=\"95\" height=\"95\" \/><\/a><a href=\"http:\/\/semndecarte.metarsis.ro\/wp-content\/uploads\/2011\/10\/Tearu-radiofonic_0123.jpg\" rel=\"lightbox[5698]\"><img loading=\"lazy\" class=\"alignleft size-thumbnail wp-image-5713\" title=\"Teatrul National Radiofonic pentru copii\" src=\"http:\/\/semndecarte.metarsis.ro\/wp-content\/uploads\/2011\/10\/Tearu-radiofonic_0123-95x95.jpg\" alt=\"\" width=\"95\" height=\"95\" \/><\/a><a href=\"http:\/\/semndecarte.metarsis.ro\/wp-content\/uploads\/2011\/10\/Tearu-radiofonic_0136.jpg\" rel=\"lightbox[5698]\"><img loading=\"lazy\" class=\"alignleft size-thumbnail wp-image-5714\" title=\"Teatrul National Radiofonic pentru copii\" src=\"http:\/\/semndecarte.metarsis.ro\/wp-content\/uploads\/2011\/10\/Tearu-radiofonic_0136-95x95.jpg\" alt=\"\" width=\"95\" height=\"95\" \/><\/a><a href=\"http:\/\/semndecarte.metarsis.ro\/wp-content\/uploads\/2011\/09\/Tearu-radiofonic_0157.jpg\" rel=\"lightbox[5698]\"><img loading=\"lazy\" class=\"alignleft size-thumbnail wp-image-5700\" title=\"Tearu radiofonic la Semn de Carte\" src=\"http:\/\/semndecarte.metarsis.ro\/wp-content\/uploads\/2011\/09\/Tearu-radiofonic_0157-95x95.jpg\" alt=\"\" width=\"95\" height=\"95\" \/><\/a><\/p>\n<p>\n<object classid=\"clsid:d27cdb6e-ae6d-11cf-96b8-444553540000\" width=\"520\" height=\"428\" codebase=\"http:\/\/download.macromedia.com\/pub\/shockwave\/cabs\/flash\/swflash.cab#version=6,0,40,0\"><param name=\"loop\" value=\"false\" \/><param name=\"menu\" value=\"false\" \/><param name=\"salign\" value=\"l\" \/><param name=\"src\" value=\"http:\/\/www.youtube.com\/v\/QLiXOx2Tdgg&amp;rel=0\" \/><param name=\"align\" value=\"left\" \/><embed type=\"application\/x-shockwave-flash\" width=\"520\" height=\"428\" src=\"http:\/\/www.youtube.com\/v\/QLiXOx2Tdgg&amp;rel=0\" align=\"left\" salign=\"l\" menu=\"false\" loop=\"false\"><\/embed><\/object><\/p>\n","protected":false},"excerpt":{"rendered":"<p>Metarsis-activit\u0103\u0163i \u015fi servicii de cultur\u0103 urban\u0103 \u015fi art\u0103 contemporan\u0103 &#8211; prin libr\u0103ria Semn de Carte din Re\u015fi\u0163a \u00een colaborare cu Radio Rom\u00e2nia prin departamentul Teatrul Na\u0163ional Radiofonic \u015fi Radio Rom\u00e2nia Re\u015fi\u0163a deruleaz\u0103, \u00eencepand cu 28 septembrie 2011, un proiect pilot cu frumoase perspective adresat tuturor copiilor, indiferent de  v\u00e2rsta real\u0103, prin care produc\u0163iile Teatrului Na\u0163ional Radiofonic pentru copii se vor afla mai aproape  de sufletul \u015fi imagina\u0163ia celor pentru care au fost realizate, propun\u00e2nd copiilor s\u0103 deseneze ceea ce ascult\u0103.<\/p>\n","protected":false},"author":1,"featured_media":0,"comment_status":"open","ping_status":"open","sticky":false,"template":"","format":"standard","meta":[],"categories":[6,7],"tags":[115],"_links":{"self":[{"href":"https:\/\/semndecarte.metarsis.ro\/index.php?rest_route=\/wp\/v2\/posts\/5698"}],"collection":[{"href":"https:\/\/semndecarte.metarsis.ro\/index.php?rest_route=\/wp\/v2\/posts"}],"about":[{"href":"https:\/\/semndecarte.metarsis.ro\/index.php?rest_route=\/wp\/v2\/types\/post"}],"author":[{"embeddable":true,"href":"https:\/\/semndecarte.metarsis.ro\/index.php?rest_route=\/wp\/v2\/users\/1"}],"replies":[{"embeddable":true,"href":"https:\/\/semndecarte.metarsis.ro\/index.php?rest_route=%2Fwp%2Fv2%2Fcomments&post=5698"}],"version-history":[{"count":0,"href":"https:\/\/semndecarte.metarsis.ro\/index.php?rest_route=\/wp\/v2\/posts\/5698\/revisions"}],"wp:attachment":[{"href":"https:\/\/semndecarte.metarsis.ro\/index.php?rest_route=%2Fwp%2Fv2%2Fmedia&parent=5698"}],"wp:term":[{"taxonomy":"category","embeddable":true,"href":"https:\/\/semndecarte.metarsis.ro\/index.php?rest_route=%2Fwp%2Fv2%2Fcategories&post=5698"},{"taxonomy":"post_tag","embeddable":true,"href":"https:\/\/semndecarte.metarsis.ro\/index.php?rest_route=%2Fwp%2Fv2%2Ftags&post=5698"}],"curies":[{"name":"wp","href":"https:\/\/api.w.org\/{rel}","templated":true}]}}