{"id":5592,"date":"2011-09-19T21:19:10","date_gmt":"2011-09-19T19:19:10","guid":{"rendered":"http:\/\/semndecarte.metarsis.ro\/?p=5592"},"modified":"2011-09-20T09:29:20","modified_gmt":"2011-09-20T07:29:20","slug":"intalniri-creatii-lecturi","status":"publish","type":"post","link":"https:\/\/semndecarte.metarsis.ro\/?p=5592","title":{"rendered":"\u00ceNT\u00c2LNIRI.CREA\u0162II. LECTURI."},"content":{"rendered":"<p><strong>TRANSSFERE<\/strong><\/p>\n<p style=\"text-align: justify;\">Proiectrul TRANSFERE\u00a0 &#8211; \u00eent\u00e2lniri, crea\u0163ii, lecturi \u2013 desf\u0103\u015furat din ini\u0163iativa artistului plastic, promoterul cultural, graficiana Elisabeth-Lili Ochsenfeld \u00een perioada 10-17 septrembrie 2011 \u00een spa\u0163iul binecuv\u00e2ntat al G\u0103r\u00e2nei s-a \u00eencheiat. Prezen\u0163i mar\u0163i, 13 septembrie la libr\u0103ria Semn de Carte\u00a0 din Re\u015fi\u0163a \u00eentr-o sesiune moderat\u0103 de scriitorul \u015fi editorul timi\u015forean Viorel Marineasa scriitorii prezen\u0163i au \u00eenc\u00e2ntat asisten\u0163a cu lecturi din crea\u0163ii proprii.<!--more--> I-am ascultat, \u00eentr-un regal cultural, pe Nora Iuga, Smaranda Vultur, Gra\u0163iana L\u0103z\u0103rescu, Anca Mizumschi, Cristina Chirvasie, Anda Pitti\u015f cu lecturi din Nicu Vladimir, Virgil Until\u0103, R\u0103zvan Georgescu, Valeriu-Mircea Popa \u015fi re\u015fi\u0163eanul Gerhard Chwoika. Direc\u0163ia pentru Cultur\u0103 \u015fi Patrimoniu Na\u0163ional Cara\u015f-Severin a salutat ini\u0163iativa \u015fi participan\u0163ii prin cuv\u00e2ntul directorului dr. Liubi\u0163a Raichici. Din partea sponsorului principal- Liones Club Re\u015fi\u0163a a vorbit Daniel Hotnghu iar chitaristul englez Jonathan David ne-a delectat cu un micro-recital de cover-uri.<\/p>\n<p style=\"text-align: justify;\">Ini\u0163iatorul \u015fi organizatorul primului simpozion literar TRANSSFERE \u2013Elisabeth-Lili Ochsenfeld- desf\u0103\u015furat \u00een acest \u00eenceput de toamn\u0103 la ArtHouse din G\u0103r\u00e2na a m\u0103rturisit inten\u0163ia public\u0103rii textelor \u00eentr-o culegere, sub acela\u015fi titlu- Transsfere care, sper\u0103m, se va imbog\u0103\u0163i anual cu c\u00e2te un nou volum ce va cuprinde crea\u0163ii ale scriitorilor participan\u0163i la proiect.<\/p>\n<p style=\"text-align: justify;\">\u00a0<\/p>\n<p style=\"text-align: justify;\"><a href=\"http:\/\/semndecarte.metarsis.ro\/wp-content\/uploads\/2011\/09\/Semn-de-Carte.jpg\" rel=\"lightbox[5592]\"><img loading=\"lazy\" class=\"alignleft size-thumbnail wp-image-5607\" title=\"Semn de Carte\" src=\"http:\/\/semndecarte.metarsis.ro\/wp-content\/uploads\/2011\/09\/Semn-de-Carte-95x95.jpg\" alt=\"\" width=\"95\" height=\"95\" \/><\/a><a href=\"http:\/\/semndecarte.metarsis.ro\/wp-content\/uploads\/2011\/09\/Anda-Pittis.jpg\" rel=\"lightbox[5592]\"><img loading=\"lazy\" class=\"alignleft size-thumbnail wp-image-5595\" title=\"Anda Pittis\" src=\"http:\/\/semndecarte.metarsis.ro\/wp-content\/uploads\/2011\/09\/Anda-Pittis-95x95.jpg\" alt=\"\" width=\"95\" height=\"95\" \/><\/a><a href=\"http:\/\/semndecarte.metarsis.ro\/wp-content\/uploads\/2011\/09\/Viorel-Marineasa.jpg\" rel=\"lightbox[5592]\"><img loading=\"lazy\" class=\"alignleft size-thumbnail wp-image-5610\" title=\"Viorel Marineasa\" src=\"http:\/\/semndecarte.metarsis.ro\/wp-content\/uploads\/2011\/09\/Viorel-Marineasa-95x95.jpg\" alt=\"\" width=\"95\" height=\"95\" \/><\/a><a href=\"http:\/\/semndecarte.metarsis.ro\/wp-content\/uploads\/2011\/09\/Cristina-Chirvasie.jpg\" rel=\"lightbox[5592]\"><img loading=\"lazy\" class=\"alignleft size-thumbnail wp-image-5596\" title=\"Cristina Chirvasie\" src=\"http:\/\/semndecarte.metarsis.ro\/wp-content\/uploads\/2011\/09\/Cristina-Chirvasie-95x95.jpg\" alt=\"\" width=\"95\" height=\"95\" \/><\/a><a href=\"http:\/\/semndecarte.metarsis.ro\/wp-content\/uploads\/2011\/09\/Transsfere-Semn-de-Carte_0035.jpg\" rel=\"lightbox[5592]\"><img loading=\"lazy\" class=\"alignleft size-thumbnail wp-image-5615\" title=\"Elisabeth-Lili Ochsenfeld\" src=\"http:\/\/semndecarte.metarsis.ro\/wp-content\/uploads\/2011\/09\/Transsfere-Semn-de-Carte_0035-95x95.jpg\" alt=\"\" width=\"95\" height=\"95\" \/><\/a><a href=\"http:\/\/semndecarte.metarsis.ro\/wp-content\/uploads\/2011\/09\/Valeriu-Mircea-Popa.jpg\" rel=\"lightbox[5592]\"><img loading=\"lazy\" class=\"alignleft size-thumbnail wp-image-5609\" title=\"Valeriu-Mircea Popa\" src=\"http:\/\/semndecarte.metarsis.ro\/wp-content\/uploads\/2011\/09\/Valeriu-Mircea-Popa-95x95.jpg\" alt=\"\" width=\"95\" height=\"95\" \/><\/a><a href=\"http:\/\/semndecarte.metarsis.ro\/wp-content\/uploads\/2011\/09\/Anca-Mizumschi.jpg\" rel=\"lightbox[5592]\"><img loading=\"lazy\" class=\"alignleft size-thumbnail wp-image-5593\" title=\"Anca Mizumschi\" src=\"http:\/\/semndecarte.metarsis.ro\/wp-content\/uploads\/2011\/09\/Anca-Mizumschi-95x95.jpg\" alt=\"\" width=\"95\" height=\"95\" \/><\/a><a href=\"http:\/\/semndecarte.metarsis.ro\/wp-content\/uploads\/2011\/09\/Gratiana-Lazarescu.jpg\" rel=\"lightbox[5592]\"><img loading=\"lazy\" class=\"alignleft size-thumbnail wp-image-5598\" title=\"Gratiana Lazarescu\" src=\"http:\/\/semndecarte.metarsis.ro\/wp-content\/uploads\/2011\/09\/Gratiana-Lazarescu-95x95.jpg\" alt=\"\" width=\"95\" height=\"95\" \/><\/a><a href=\"http:\/\/semndecarte.metarsis.ro\/wp-content\/uploads\/2011\/09\/Razvan-Georgescu.jpg\" rel=\"lightbox[5592]\"><img loading=\"lazy\" class=\"alignleft size-thumbnail wp-image-5605\" title=\"Razvan Georgescu\" src=\"http:\/\/semndecarte.metarsis.ro\/wp-content\/uploads\/2011\/09\/Razvan-Georgescu-95x95.jpg\" alt=\"\" width=\"95\" height=\"95\" \/><\/a><a href=\"http:\/\/semndecarte.metarsis.ro\/wp-content\/uploads\/2011\/09\/Semn-de-Carte-2.jpg\" rel=\"lightbox[5592]\"><img loading=\"lazy\" class=\"alignleft size-thumbnail wp-image-5606\" title=\"Semn de Carte 2\" src=\"http:\/\/semndecarte.metarsis.ro\/wp-content\/uploads\/2011\/09\/Semn-de-Carte-2-95x95.jpg\" alt=\"\" width=\"95\" height=\"95\" \/><\/a><a href=\"http:\/\/semndecarte.metarsis.ro\/wp-content\/uploads\/2011\/09\/Nora-Iuga.jpg\" rel=\"lightbox[5592]\"><img loading=\"lazy\" class=\"alignleft size-thumbnail wp-image-5604\" title=\"Nora Iuga\" src=\"http:\/\/semndecarte.metarsis.ro\/wp-content\/uploads\/2011\/09\/Nora-Iuga-95x95.jpg\" alt=\"\" width=\"95\" height=\"95\" \/><\/a><a href=\"http:\/\/semndecarte.metarsis.ro\/wp-content\/uploads\/2011\/09\/Liubita-Raichici.jpg\" rel=\"lightbox[5592]\"><img loading=\"lazy\" class=\"alignleft size-thumbnail wp-image-5603\" title=\"Liubita Raichici\" src=\"http:\/\/semndecarte.metarsis.ro\/wp-content\/uploads\/2011\/09\/Liubita-Raichici-95x95.jpg\" alt=\"\" width=\"95\" height=\"95\" \/><\/a><a href=\"http:\/\/semndecarte.metarsis.ro\/wp-content\/uploads\/2011\/09\/Smaranda-Vultur.jpg\" rel=\"lightbox[5592]\"><img loading=\"lazy\" class=\"alignleft size-thumbnail wp-image-5608\" title=\"Smaranda Vultur\" src=\"http:\/\/semndecarte.metarsis.ro\/wp-content\/uploads\/2011\/09\/Smaranda-Vultur-95x95.jpg\" alt=\"\" width=\"95\" height=\"95\" \/><\/a><a href=\"http:\/\/semndecarte.metarsis.ro\/wp-content\/uploads\/2011\/09\/Virgil-Untila.jpg\" rel=\"lightbox[5592]\"><img loading=\"lazy\" class=\"alignleft size-thumbnail wp-image-5611\" title=\"Virgil Untila\" src=\"http:\/\/semndecarte.metarsis.ro\/wp-content\/uploads\/2011\/09\/Virgil-Untila-95x95.jpg\" alt=\"\" width=\"95\" height=\"95\" \/><\/a><a href=\"http:\/\/semndecarte.metarsis.ro\/wp-content\/uploads\/2011\/09\/Clara-Constantin.jpg\" rel=\"lightbox[5592]\"><img loading=\"lazy\" class=\"alignleft size-thumbnail wp-image-5613\" title=\"Clara Constantin\" src=\"http:\/\/semndecarte.metarsis.ro\/wp-content\/uploads\/2011\/09\/Clara-Constantin-95x95.jpg\" alt=\"\" width=\"95\" height=\"95\" \/><\/a><a href=\"http:\/\/semndecarte.metarsis.ro\/wp-content\/uploads\/2011\/09\/Libraria-Semn-de-Carte-3.jpg\" rel=\"lightbox[5592]\"><img loading=\"lazy\" class=\"alignleft size-thumbnail wp-image-5600\" title=\"Libraria Semn de Carte 3\" src=\"http:\/\/semndecarte.metarsis.ro\/wp-content\/uploads\/2011\/09\/Libraria-Semn-de-Carte-3-95x95.jpg\" alt=\"\" width=\"95\" height=\"95\" \/><\/a><a href=\"http:\/\/semndecarte.metarsis.ro\/wp-content\/uploads\/2011\/09\/Jonnathan-David.jpg\" rel=\"lightbox[5592]\"><img loading=\"lazy\" class=\"alignleft size-thumbnail wp-image-5599\" title=\"Jonnathan David\" src=\"http:\/\/semndecarte.metarsis.ro\/wp-content\/uploads\/2011\/09\/Jonnathan-David-95x95.jpg\" alt=\"\" width=\"95\" height=\"95\" \/><\/a><a href=\"http:\/\/semndecarte.metarsis.ro\/wp-content\/uploads\/2011\/09\/David-Jonatan.jpg\" rel=\"lightbox[5592]\"><img loading=\"lazy\" class=\"alignleft size-thumbnail wp-image-5612\" title=\"David Jonatan\" src=\"http:\/\/semndecarte.metarsis.ro\/wp-content\/uploads\/2011\/09\/David-Jonatan-95x95.jpg\" alt=\"\" width=\"95\" height=\"95\" \/><\/a><a href=\"http:\/\/semndecarte.metarsis.ro\/wp-content\/uploads\/2011\/09\/Libraria-Semn-de-Carte-5_0138.jpg\" rel=\"lightbox[5592]\"><img loading=\"lazy\" class=\"alignleft size-thumbnail wp-image-5601\" title=\"Libraria Semn de Carte 5_0138\" src=\"http:\/\/semndecarte.metarsis.ro\/wp-content\/uploads\/2011\/09\/Libraria-Semn-de-Carte-5_0138-95x95.jpg\" alt=\"\" width=\"95\" height=\"95\" \/><\/a><a href=\"http:\/\/semndecarte.metarsis.ro\/wp-content\/uploads\/2011\/09\/Libraria-Semn-de-Carte.jpg\" rel=\"lightbox[5592]\"><img loading=\"lazy\" class=\"alignleft size-thumbnail wp-image-5602\" title=\"Libraria Semn de Carte\" src=\"http:\/\/semndecarte.metarsis.ro\/wp-content\/uploads\/2011\/09\/Libraria-Semn-de-Carte-95x95.jpg\" alt=\"\" width=\"95\" height=\"95\" \/><\/a><\/p>\n","protected":false},"excerpt":{"rendered":"<p>Prezen\u0163i mar\u0163i, 13 septembrie la libr\u0103ria Semn de Carte  din Re\u015fi\u0163a \u00eentr-o sesiune moderat\u0103 de scriitorul \u015fi editorul timi\u015forean Viorel Marineasa scriitorii prezen\u0163i au \u00eenc\u00e2ntat asisten\u0163a cu lecturi din crea\u0163ii proprii.<\/p>\n","protected":false},"author":1,"featured_media":0,"comment_status":"open","ping_status":"open","sticky":false,"template":"","format":"standard","meta":[],"categories":[7],"tags":[232,249],"_links":{"self":[{"href":"https:\/\/semndecarte.metarsis.ro\/index.php?rest_route=\/wp\/v2\/posts\/5592"}],"collection":[{"href":"https:\/\/semndecarte.metarsis.ro\/index.php?rest_route=\/wp\/v2\/posts"}],"about":[{"href":"https:\/\/semndecarte.metarsis.ro\/index.php?rest_route=\/wp\/v2\/types\/post"}],"author":[{"embeddable":true,"href":"https:\/\/semndecarte.metarsis.ro\/index.php?rest_route=\/wp\/v2\/users\/1"}],"replies":[{"embeddable":true,"href":"https:\/\/semndecarte.metarsis.ro\/index.php?rest_route=%2Fwp%2Fv2%2Fcomments&post=5592"}],"version-history":[{"count":0,"href":"https:\/\/semndecarte.metarsis.ro\/index.php?rest_route=\/wp\/v2\/posts\/5592\/revisions"}],"wp:attachment":[{"href":"https:\/\/semndecarte.metarsis.ro\/index.php?rest_route=%2Fwp%2Fv2%2Fmedia&parent=5592"}],"wp:term":[{"taxonomy":"category","embeddable":true,"href":"https:\/\/semndecarte.metarsis.ro\/index.php?rest_route=%2Fwp%2Fv2%2Fcategories&post=5592"},{"taxonomy":"post_tag","embeddable":true,"href":"https:\/\/semndecarte.metarsis.ro\/index.php?rest_route=%2Fwp%2Fv2%2Ftags&post=5592"}],"curies":[{"name":"wp","href":"https:\/\/api.w.org\/{rel}","templated":true}]}}