{"id":5585,"date":"2011-09-14T16:50:22","date_gmt":"2011-09-14T14:50:22","guid":{"rendered":"http:\/\/semndecarte.metarsis.ro\/?p=5585"},"modified":"2011-09-15T12:02:30","modified_gmt":"2011-09-15T10:02:30","slug":"ioan-schuster-a-plecat-sa-antreneze-in-ceruri","status":"publish","type":"post","link":"https:\/\/semndecarte.metarsis.ro\/?p=5585","title":{"rendered":"IN MEMORIAM"},"content":{"rendered":"<p><strong>Prof. emerit Ioan (Hansi) Schuster<\/strong><\/p>\n<p>(24.12.1929- 14.09.2011)<\/p>\n<p><a href=\"http:\/\/semndecarte.metarsis.ro\/wp-content\/uploads\/2011\/09\/Ioan-Hansi-Shuster.jpg\" rel=\"lightbox[5585]\"><img loading=\"lazy\" class=\"alignleft size-full wp-image-5588\" title=\"Ioan (Hansi) Shuster\" src=\"http:\/\/semndecarte.metarsis.ro\/wp-content\/uploads\/2011\/09\/Ioan-Hansi-Shuster.jpg\" alt=\"\" width=\"248\" height=\"350\" srcset=\"https:\/\/semndecarte.metarsis.ro\/wp-content\/uploads\/2011\/09\/Ioan-Hansi-Shuster.jpg 354w, https:\/\/semndecarte.metarsis.ro\/wp-content\/uploads\/2011\/09\/Ioan-Hansi-Shuster-113x160.jpg 113w, https:\/\/semndecarte.metarsis.ro\/wp-content\/uploads\/2011\/09\/Ioan-Hansi-Shuster-115x163.jpg 115w\" sizes=\"(max-width: 248px) 100vw, 248px\" \/><\/a>\u201cNiciun om nu-i doar un ostrov stingher \u015fi de sine st\u0103t\u0103tor. Fiece om este o bucat\u0103 de continent, o p\u0103rticic\u0103 din \u00eentregul cel de c\u0103petenie. Dac\u0103 marea \u00eei smulge cu valurile un bulgare, acesta va fi \u00eempu\u0163inat, a\u015fa cum ar fi orice limb\u0103 de p\u0103m\u00e2nt ori mo\u015fia ta sau a prietenilor t\u0103i. Moartea oric\u0103rui om m\u0103 vat\u0103m\u0103 pe mine fiindc\u0103 m\u0103 aflu cuprins \u00een omenire. De aceea s\u0103 nu-\u0163i pui niciodat\u0103 \u00eentrebarea \u00a0&lt; Pentru cine bat clopotele ?&gt;. Pentru tine bat! \u201c (Motto-ul \u00a0semnat John Done la \u201cPentru cine bat clopotele\u201d de Ernest Hemingway)<\/p>\n<p>B\u0103tr\u00e2nul \u00eentelept, pescar \u015fi v\u00e2n\u0103tor pasionat, precursor al \u00eenotului re\u015fi\u0163ean, descoperitor de talente \u015fi f\u0103uritor de campioni, a plecat \u00een zori s\u0103 descopere raiul. Spre odihn\u0103 ve\u015fnic\u0103, binemeritat\u0103, al\u0103turi de so\u0163ia sa.<\/p>\n<p>Multumim domnule profesor Ioan Schuster. Pentru ca ne-a\u0163i f\u0103cut s\u0103 iubim \u015fi s\u0103 respect\u0103m sportul. \u015ei oamenii. Pentru \u00een\u0163elepciune. Pentru bog\u0103\u0163ia sufleteasc\u0103. Pentru voca\u0163ia de dasc\u0103l. Pentru prietenie!<\/p>\n","protected":false},"excerpt":{"rendered":"<p>Profesorul Ioan Schuster ar fi \u00eemplinit 82 de ani. Va r\u0103m\u00e2ne \u00een galeria marilor personalit\u0103\u0163i ale \u0163inutului pe care l-a \u00eendr\u0103git f\u0103r\u0103 margini \u2013 Banatul Montan.<br \/>\nDumnezeu s\u0103-l ierte!<\/p>\n","protected":false},"author":1,"featured_media":0,"comment_status":"open","ping_status":"open","sticky":false,"template":"","format":"standard","meta":[],"categories":[1],"tags":[],"_links":{"self":[{"href":"https:\/\/semndecarte.metarsis.ro\/index.php?rest_route=\/wp\/v2\/posts\/5585"}],"collection":[{"href":"https:\/\/semndecarte.metarsis.ro\/index.php?rest_route=\/wp\/v2\/posts"}],"about":[{"href":"https:\/\/semndecarte.metarsis.ro\/index.php?rest_route=\/wp\/v2\/types\/post"}],"author":[{"embeddable":true,"href":"https:\/\/semndecarte.metarsis.ro\/index.php?rest_route=\/wp\/v2\/users\/1"}],"replies":[{"embeddable":true,"href":"https:\/\/semndecarte.metarsis.ro\/index.php?rest_route=%2Fwp%2Fv2%2Fcomments&post=5585"}],"version-history":[{"count":0,"href":"https:\/\/semndecarte.metarsis.ro\/index.php?rest_route=\/wp\/v2\/posts\/5585\/revisions"}],"wp:attachment":[{"href":"https:\/\/semndecarte.metarsis.ro\/index.php?rest_route=%2Fwp%2Fv2%2Fmedia&parent=5585"}],"wp:term":[{"taxonomy":"category","embeddable":true,"href":"https:\/\/semndecarte.metarsis.ro\/index.php?rest_route=%2Fwp%2Fv2%2Fcategories&post=5585"},{"taxonomy":"post_tag","embeddable":true,"href":"https:\/\/semndecarte.metarsis.ro\/index.php?rest_route=%2Fwp%2Fv2%2Ftags&post=5585"}],"curies":[{"name":"wp","href":"https:\/\/api.w.org\/{rel}","templated":true}]}}