{"id":5482,"date":"2011-08-03T22:54:08","date_gmt":"2011-08-03T20:54:08","guid":{"rendered":"http:\/\/semndecarte.metarsis.ro\/?p=5482"},"modified":"2011-08-04T09:15:50","modified_gmt":"2011-08-04T07:15:50","slug":"florile-lui-ernest","status":"publish","type":"post","link":"https:\/\/semndecarte.metarsis.ro\/?p=5482","title":{"rendered":"Florile lui Ernest"},"content":{"rendered":"<p style=\"text-align: justify;\">M\u0103 ocup de peste 30 de ani cu fotografia \u015fi am \u00eencercat s\u0103 v\u0103 prezint o selec\u0163ie de imagini cu florile imortalizate de la \u00eenceputul anului \u015fi p\u00e2n\u0103 \u00een luna iulie \u00a0pe care le-am fotografiat \u00een excursiile f\u0103cute cu Prietenii Mun\u0163ilor &#8211; sec\u0163ia Drume\u0163ie \u015fi, individual, \u00een peregrin\u0103rile f\u0103cute prin judetul Cara\u015f-Severin. <!--more-->Selec\u0163ia prezentat\u0103 a \u00eenceput cu flori de ghia\u0163\u0103 &#8211; primele flori ale anului, flori uscate care au supravie\u0163uit iernii, urm\u00e2nd flori de prim\u0103var\u0103: topora\u015fi, ghiocei, ciubo\u0163ica cucului, br\u00e2ndu\u015fe de prim\u0103var\u0103, iar apoi: brebenei, semenica, gen\u0163iene, maci, clopo\u0163ei, nuferi, lotu\u015fi, narcise, iri\u015fi, maci \u015fi multe alte imagini care mi-au \u00eenc\u00e2ntat ochiul \u015fi sufletul \u00een drume\u0163iile f\u0103cute. Sper ca imaginile prezentate s\u0103 v\u0103 fi \u00a0\u00eenc\u00e2ntat \u015fi pe dumneavoastr\u0103 ca \u015fi pe mine, autorul lor. (ERNEST POZSAR}<\/p>\n<p style=\"text-align: justify;\">\u00a0<\/p>\n<p style=\"text-align: justify;\">\n<object style=\"width: 520px; height: 428px;\" classid=\"clsid:d27cdb6e-ae6d-11cf-96b8-444553540000\" width=\"520\" height=\"428\" codebase=\"http:\/\/download.macromedia.com\/pub\/shockwave\/cabs\/flash\/swflash.cab#version=6,0,40,0\"><param name=\"menu\" value=\"false\" \/><param name=\"salign\" value=\"l\" \/><param name=\"src\" value=\"http:\/\/www.youtube.com\/v\/SulT2GXxbas&amp;rel=0\" \/><param name=\"align\" value=\"left\" \/><embed style=\"width: 520px; height: 428px;\" type=\"application\/x-shockwave-flash\" width=\"520\" height=\"428\" src=\"http:\/\/www.youtube.com\/v\/SulT2GXxbas&amp;rel=0\" align=\"left\" salign=\"l\" menu=\"false\"><\/embed><\/object><\/p>\n","protected":false},"excerpt":{"rendered":"<p>M\u0103 ocup de peste 30 de ani cu fotografia \u015fi am \u00eencercat s\u0103 v\u0103 prezint o selec\u0163ie de imagini cu florile imortalizate de la \u00eenceputul anului \u015fi p\u00e2n\u0103 \u00een luna iulie  pe care le-am fotografiat \u00een excursiile f\u0103cute cu Prietenii Mun\u0163ilor &#8211; sec\u0163ia Drume\u0163ie \u015fi, individual, \u00een peregrin\u0103rile f\u0103cute prin judetul Cara\u015f-Severin. <\/p>\n","protected":false},"author":1,"featured_media":0,"comment_status":"open","ping_status":"open","sticky":false,"template":"","format":"standard","meta":[],"categories":[6,7],"tags":[323],"_links":{"self":[{"href":"https:\/\/semndecarte.metarsis.ro\/index.php?rest_route=\/wp\/v2\/posts\/5482"}],"collection":[{"href":"https:\/\/semndecarte.metarsis.ro\/index.php?rest_route=\/wp\/v2\/posts"}],"about":[{"href":"https:\/\/semndecarte.metarsis.ro\/index.php?rest_route=\/wp\/v2\/types\/post"}],"author":[{"embeddable":true,"href":"https:\/\/semndecarte.metarsis.ro\/index.php?rest_route=\/wp\/v2\/users\/1"}],"replies":[{"embeddable":true,"href":"https:\/\/semndecarte.metarsis.ro\/index.php?rest_route=%2Fwp%2Fv2%2Fcomments&post=5482"}],"version-history":[{"count":0,"href":"https:\/\/semndecarte.metarsis.ro\/index.php?rest_route=\/wp\/v2\/posts\/5482\/revisions"}],"wp:attachment":[{"href":"https:\/\/semndecarte.metarsis.ro\/index.php?rest_route=%2Fwp%2Fv2%2Fmedia&parent=5482"}],"wp:term":[{"taxonomy":"category","embeddable":true,"href":"https:\/\/semndecarte.metarsis.ro\/index.php?rest_route=%2Fwp%2Fv2%2Fcategories&post=5482"},{"taxonomy":"post_tag","embeddable":true,"href":"https:\/\/semndecarte.metarsis.ro\/index.php?rest_route=%2Fwp%2Fv2%2Ftags&post=5482"}],"curies":[{"name":"wp","href":"https:\/\/api.w.org\/{rel}","templated":true}]}}