{"id":5468,"date":"2011-07-26T20:57:57","date_gmt":"2011-07-26T18:57:57","guid":{"rendered":"http:\/\/semndecarte.metarsis.ro\/?p=5468"},"modified":"2011-07-26T20:57:57","modified_gmt":"2011-07-26T18:57:57","slug":"concert-extraordinar","status":"publish","type":"post","link":"https:\/\/semndecarte.metarsis.ro\/?p=5468","title":{"rendered":"Concert extraordinar"},"content":{"rendered":"<p style=\"text-align: justify;\"><strong>Cristian Ro\u015foag\u0103 &#8211; org\u0103 \u015fi\u00a0tenorul Georg Col\u0163a \u00een biserica romano-catolic\u0103 din Brebu-Nou<\/strong><\/p>\n<p style=\"text-align: justify;\">Duminic\u0103, 24 iulie 2011, \u00eenainte de liturghie, \u00een biserica romano-catolic\u0103 din Brebu-Nou (Weidenthal)\u00a0sunetele vibrante ale muzicii de org\u0103 s-au \u00eempletit cu vocea\u00a0uman\u0103 \u00eentr-un concert clasic, exemplu perfect de stil. <!--more-->\u00cen edificiul construit \u00een stil neogotic \u00een anul 1858 de c\u0103tre germanii colonizati pentru a ap\u0103ra grani\u0163ele imperiului, cl\u0103dire restaurat\u0103 \u015fi \u00eengrijit\u0103 de urma\u015fii acestora re\u00eentor\u015fi \u00een patria-mam\u0103 dar cu sufletul r\u0103mas aici &#8211; \u00een care se \u0163in slujbe sporadic &#8211; duminica, instrumentul \u00a0vechi de 140 de ani a r\u0103sunat \u015fi a emo\u0163ionat puternic sub degetele t\u00e2n\u0103rului re\u015fi\u0163ean, absolvent al Academiei Gheorghe Dima din Cluj &#8211; sec\u0163ia org\u0103, masterand anul II &#8211; Cristian Ro\u015foag\u0103. Talentatul\u00a0 muzician ne-a r\u0103sf\u0103\u0163at cu lucr\u0103ri din barocul german &#8211; semnate Johann Pachelbel, Conrad Michael\u00a0Schneider, Carlmann Kolb\u00a0\u015fi barocul vene\u0163ian cu Concertul nr. 3 \u201cLa Stravaganza\u201d semnat de Antonio Vivaldi. Tenorului Georg Col\u0163a, binecunoscut iubitorilor muzicii clasice din Re\u015fi\u0163a a \u00eentregit experien\u0163a spiritual\u0103 \u00eemp\u0103rt\u0103\u015fit\u0103 cu divinitatea \u00een acest spa\u0163iu ales prin piesele interpretate semnate Konrad Kreutzer, Georg Friederich Handel \u015fi Ludwig van Beethoven. \u015ei cum, dintr-un spa\u0163iu al spiritualit\u0103\u0163ii nu putea lipsi un imn, acesta a fost cel semnat Franz Schubert &#8211; Ave Maria pe care Georg Col\u0163a l-a interpretat \u015fi la bis, al\u0103turi de varia\u0163iunile pe tema Imnului Bucuriei din Simfonia a IX-a de Beethoven semnate Cristian Ro\u015foag\u0103 &#8211;\u00a0 improviza\u0163iile pe org\u0103 fiind un salut adresat iubitorilor de muzica bun\u0103, prezen\u0163i, \u00een acest col\u0163 de rai din Banatul Montan, la Festivalul International de Jazz de la G\u0103r\u00e2ana (Wolfsberg), sat apar\u0163in\u00e2nd de comuna Brebu-Nou (Weidenthal).<\/p>\n<p style=\"text-align: justify;\">Manifestarea, \u00a0marca Metarsis &#8211; activit\u0103\u0163i \u015fi servicii de cultur\u0103 urban\u0103 \u015fi art\u0103 contemporan\u0103 s-a desf\u0103\u015furat cu sprijinul Direc\u0163iei pentru Cultur\u0103 \u015fi Patrimoniu Na\u0163ional a Jude\u0163ului Cara\u015f-Severin \u015fi a Radiodifuziunii Rom\u00e2ne prin Studioul Regional Radio-Re\u015fi\u0163a, c\u0103rora le mul\u0163umim.<\/p>\n<p style=\"text-align: justify;\">\u00a0<\/p>\n<p style=\"text-align: justify;\"><a href=\"http:\/\/semndecarte.metarsis.ro\/wp-content\/uploads\/2011\/07\/Concert-Rosoaga-Colta_002.jpg\" rel=\"lightbox[5468]\"><img loading=\"lazy\" class=\"alignleft size-thumbnail wp-image-5469\" title=\"Biserica Romano-Catolic\u0103 Brebu Nou\" src=\"http:\/\/semndecarte.metarsis.ro\/wp-content\/uploads\/2011\/07\/Concert-Rosoaga-Colta_002-95x95.jpg\" alt=\"\" width=\"95\" height=\"95\" \/><\/a><a href=\"http:\/\/semndecarte.metarsis.ro\/wp-content\/uploads\/2011\/07\/Concert-Rosoaga-Colta_006.jpg\" rel=\"lightbox[5468]\"><img loading=\"lazy\" class=\"alignleft size-thumbnail wp-image-5470\" title=\"Tenorul Gheorg Col\u0163a \u015fi organistul Cristian Ro\u015foag\u0103\" src=\"http:\/\/semndecarte.metarsis.ro\/wp-content\/uploads\/2011\/07\/Concert-Rosoaga-Colta_006-95x95.jpg\" alt=\"\" width=\"95\" height=\"95\" \/><\/a><a href=\"http:\/\/semndecarte.metarsis.ro\/wp-content\/uploads\/2011\/07\/Concert-Rosoaga-Colta_009.jpg\" rel=\"lightbox[5468]\"><img loading=\"lazy\" class=\"alignleft size-thumbnail wp-image-5471\" title=\"Prof. Cristian Ro\u015foag\u0103\" src=\"http:\/\/semndecarte.metarsis.ro\/wp-content\/uploads\/2011\/07\/Concert-Rosoaga-Colta_009-95x95.jpg\" alt=\"\" width=\"95\" height=\"95\" \/><\/a><a href=\"http:\/\/semndecarte.metarsis.ro\/wp-content\/uploads\/2011\/07\/Concert-Rosoaga-Colta_010.jpg\" rel=\"lightbox[5468]\"><img loading=\"lazy\" class=\"alignleft size-thumbnail wp-image-5472\" title=\"Prof. Georg Col\u0163a\" src=\"http:\/\/semndecarte.metarsis.ro\/wp-content\/uploads\/2011\/07\/Concert-Rosoaga-Colta_010-95x95.jpg\" alt=\"\" width=\"95\" height=\"95\" \/><\/a><a href=\"http:\/\/semndecarte.metarsis.ro\/wp-content\/uploads\/2011\/07\/Concert-Rosoaga-Colta_027.jpg\" rel=\"lightbox[5468]\"><img loading=\"lazy\" class=\"alignleft size-thumbnail wp-image-5477\" title=\"Concert Cristian Ro\u015foag\u0103-Georg Col\u0163a\" src=\"http:\/\/semndecarte.metarsis.ro\/wp-content\/uploads\/2011\/07\/Concert-Rosoaga-Colta_027-95x95.jpg\" alt=\"\" width=\"95\" height=\"95\" \/><\/a><a href=\"http:\/\/semndecarte.metarsis.ro\/wp-content\/uploads\/2011\/07\/Concert-Rosoaga-Colta_013.jpg\" rel=\"lightbox[5468]\"><img loading=\"lazy\" class=\"alignleft size-thumbnail wp-image-5473\" title=\"Prof. Georg Col\u0163a\" src=\"http:\/\/semndecarte.metarsis.ro\/wp-content\/uploads\/2011\/07\/Concert-Rosoaga-Colta_013-95x95.jpg\" alt=\"\" width=\"95\" height=\"95\" \/><\/a><a href=\"http:\/\/semndecarte.metarsis.ro\/wp-content\/uploads\/2011\/07\/Concert-Rosoaga-Colta_029.jpg\" rel=\"lightbox[5468]\"><img loading=\"lazy\" class=\"alignleft size-thumbnail wp-image-5478\" title=\"Concert\" src=\"http:\/\/semndecarte.metarsis.ro\/wp-content\/uploads\/2011\/07\/Concert-Rosoaga-Colta_029-95x95.jpg\" alt=\"\" width=\"95\" height=\"95\" \/><\/a><a href=\"http:\/\/semndecarte.metarsis.ro\/wp-content\/uploads\/2011\/07\/Concert-Rosoaga-Colta_025.jpg\" rel=\"lightbox[5468]\"><img loading=\"lazy\" class=\"alignleft size-thumbnail wp-image-5475\" title=\"Curtea bisericii \" src=\"http:\/\/semndecarte.metarsis.ro\/wp-content\/uploads\/2011\/07\/Concert-Rosoaga-Colta_025-95x95.jpg\" alt=\"\" width=\"95\" height=\"95\" \/><\/a><a href=\"http:\/\/semndecarte.metarsis.ro\/wp-content\/uploads\/2011\/07\/Concert-Rosoaga-Colta_024.jpg\" rel=\"lightbox[5468]\"><img loading=\"lazy\" class=\"alignleft size-thumbnail wp-image-5476\" title=\"Ascult\u0103tori \u00een curtea bisericii\" src=\"http:\/\/semndecarte.metarsis.ro\/wp-content\/uploads\/2011\/07\/Concert-Rosoaga-Colta_024-95x95.jpg\" alt=\"\" width=\"95\" height=\"95\" \/><\/a><a href=\"http:\/\/semndecarte.metarsis.ro\/wp-content\/uploads\/2011\/07\/Concert-Rosoaga-Colta_019.jpg\" rel=\"lightbox[5468]\"><img loading=\"lazy\" class=\"alignleft size-thumbnail wp-image-5474\" title=\"Biserica Romano-Catolic\u0103, Brebu Nou\" src=\"http:\/\/semndecarte.metarsis.ro\/wp-content\/uploads\/2011\/07\/Concert-Rosoaga-Colta_019-95x95.jpg\" alt=\"\" width=\"95\" height=\"95\" \/><\/a><br \/>\n<object classid=\"clsid:d27cdb6e-ae6d-11cf-96b8-444553540000\" width=\"520\" height=\"428\" codebase=\"http:\/\/download.macromedia.com\/pub\/shockwave\/cabs\/flash\/swflash.cab#version=6,0,40,0\"><param name=\"menu\" value=\"false\" \/><param name=\"salign\" value=\"l\" \/><param name=\"src\" value=\"http:\/\/www.youtube.com\/v\/4DlZyJk_BH4&amp;rel=0\" \/><param name=\"align\" value=\"left\" \/><embed type=\"application\/x-shockwave-flash\" width=\"520\" height=\"428\" src=\"http:\/\/www.youtube.com\/v\/4DlZyJk_BH4&amp;rel=0\" align=\"left\" salign=\"l\" menu=\"false\"><\/embed><\/object><\/p>\n","protected":false},"excerpt":{"rendered":"<p>Cristian Ro\u015foag\u0103 &#8211; org\u0103 \u015fi tenorul Georg Col\u0163a \u00een biserica romano-catolic\u0103 din Brebu-Nou<br \/>\nDuminic\u0103, 24 iulie 2011, \u00eenainte de liturghie, \u00een biserica romano-catolic\u0103 din Brebu-Nou (Weidenthal) sunetele vibrante ale muzicii de org\u0103 s-au \u00eempletit cu vocea uman\u0103 \u00eentr-un concert clasic, exemplu perfect de stil. <\/p>\n","protected":false},"author":1,"featured_media":0,"comment_status":"open","ping_status":"open","sticky":false,"template":"","format":"standard","meta":[],"categories":[6,7],"tags":[257],"_links":{"self":[{"href":"https:\/\/semndecarte.metarsis.ro\/index.php?rest_route=\/wp\/v2\/posts\/5468"}],"collection":[{"href":"https:\/\/semndecarte.metarsis.ro\/index.php?rest_route=\/wp\/v2\/posts"}],"about":[{"href":"https:\/\/semndecarte.metarsis.ro\/index.php?rest_route=\/wp\/v2\/types\/post"}],"author":[{"embeddable":true,"href":"https:\/\/semndecarte.metarsis.ro\/index.php?rest_route=\/wp\/v2\/users\/1"}],"replies":[{"embeddable":true,"href":"https:\/\/semndecarte.metarsis.ro\/index.php?rest_route=%2Fwp%2Fv2%2Fcomments&post=5468"}],"version-history":[{"count":0,"href":"https:\/\/semndecarte.metarsis.ro\/index.php?rest_route=\/wp\/v2\/posts\/5468\/revisions"}],"wp:attachment":[{"href":"https:\/\/semndecarte.metarsis.ro\/index.php?rest_route=%2Fwp%2Fv2%2Fmedia&parent=5468"}],"wp:term":[{"taxonomy":"category","embeddable":true,"href":"https:\/\/semndecarte.metarsis.ro\/index.php?rest_route=%2Fwp%2Fv2%2Fcategories&post=5468"},{"taxonomy":"post_tag","embeddable":true,"href":"https:\/\/semndecarte.metarsis.ro\/index.php?rest_route=%2Fwp%2Fv2%2Ftags&post=5468"}],"curies":[{"name":"wp","href":"https:\/\/api.w.org\/{rel}","templated":true}]}}