{"id":5456,"date":"2011-07-24T22:53:22","date_gmt":"2011-07-24T20:53:22","guid":{"rendered":"http:\/\/semndecarte.metarsis.ro\/?p=5456"},"modified":"2011-07-24T23:28:03","modified_gmt":"2011-07-24T21:28:03","slug":"tarot-tales","status":"publish","type":"post","link":"https:\/\/semndecarte.metarsis.ro\/?p=5456","title":{"rendered":"TAROT TALES"},"content":{"rendered":"<p><strong>7 istorii cu Mircea Tiberian, Luiza Zan \u015fi Liviu Butoi<\/strong><\/p>\n<p style=\"text-align: justify;\">Concertul de s\u00e2mb\u0103t\u0103, 23 Iulie 2011 ora 12, desf\u0103\u015furat \u00een Biserica Romano-Catolic\u0103 din Brebu-Nou a fost un minunat prilej de \u00eent\u00e2lnire a celor prezen\u0163i \u00a0cu trei mari personalit\u0103\u0163i ale jazz-ului romanesc. <!--more-->Cele \u015fapte istorii inspirate din Arcanele Tarotului transpuse pe muzic\u0103 de Mircea Tiberian &#8211; org\u0103, Luiza Zan &#8211; voce \u015fi Liviu Butoi &#8211; saxofon \u015fi flaut &#8211; sub genericul TAROT TALES \u2013 au surprins, \u00eenc\u00e2ntat \u015fi r\u0103sf\u0103\u0163at\u00a0 publicul select prezent cu sonorit\u0103\u0163i inspirate \u015fi bine armonizate, perfect structurate pe textele scrise de Mircea Tiberian dup\u0103 Saviana St\u0103nescu:<\/p>\n<p style=\"text-align: justify;\">1. Introitus. Preambul.<\/p>\n<p style=\"text-align: justify;\">2. For\u0163a.Strenght \u2013Fortitude.(Arcane VIII)<\/p>\n<p style=\"text-align: justify;\">O femeie \u015fi un leu, o Femeie-Leu, O for\u0163\u0103 \u00eembl\u00e2nzitoare netem\u0103toare \u015fi calm\u0103, capabil\u0103 s\u0103 lege lucruri v\u0103zute \u015fi nevazute, desp\u0103r\u0163ite sau \u00eenc\u00e2lcite. Este for\u0163a optului r\u0103sturnat, a clepsidrei rotitoare, e \u015fuvoiul care curge prin octavelele muzicii.<\/p>\n<p style=\"text-align: justify;\">3. Marea Preoteas\u0103.The high Priestess.(Arcana II)<\/p>\n<p style=\"text-align: justify;\">Ea e regina g\u00e2ndurilor \u00een\u0163elelepte, aproape ireal\u0103. Nu poate fi iubit\u0103, nici m\u0103car atins\u0103 ci se las\u0103 doar admirat\u0103\u00a0 sau poate adulat\u0103.<\/p>\n<p style=\"text-align: justify;\">E mult prea frumoas\u0103 pentru aceasta lume, prea sincer\u0103 prea generoas\u0103, prea vibrant\u0103.<\/p>\n<p style=\"text-align: justify;\">Prea singur\u0103.<\/p>\n<p style=\"text-align: justify;\">4. Interlude.Valea salciilor.Weidenthall<\/p>\n<p style=\"text-align: justify;\">5. Sp\u00e2nzuratul. Hanged man (Arcana XI)<\/p>\n<p style=\"text-align: justify;\">Sacrificat pentru vina colectiv\u0103 a celor apropia\u0163i dar \u015fi a celor pe care nu-i cunoa\u015fte, el pl\u0103te\u015fste pentru resturile\u00a0 faptelor \u015fi dorin\u0163elor ne\u00eemplinite ale semenilor.<\/p>\n<p style=\"text-align: justify;\">N-a comis, \u00een principiu, nici o fapt\u0103 rea dar nici cu vreuna bun\u0103 nu s-a remarcat.<\/p>\n<p style=\"text-align: justify;\">Ins\u0103 , din c\u00e2nd \u00een c\u00e2nd, omenirea are nevoie de un \u0163ap isp\u0103\u015fitor care sa moar\u0103, dac\u0103 se poate frumos, cu un z\u00e2mbet pe chip \u015fi o binecuv\u00e2ntare din din partea noastr\u0103; ca \u00eentr-un scenariu de film\u00a0 \u00een care personajul nereliefat e primul eliminat din joc.<\/p>\n<p style=\"text-align: justify;\">6. Moartea.Death. (Arcana XIII)<\/p>\n<p style=\"text-align: justify;\">Cavalerul din arcan\u0103 nu trebuie confundat cu F\u0103t-Frumos pentru c\u0103 el de fapt e cel care\u00a0\u00a0 l-a omorat\u00a0 pe prin\u0163 \u015fi i-a furat calul. Iar tu nu po\u0163i s\u0103 faci absolut nimic dec\u00e2t s\u0103 \u00een\u0163elegi asta \u015fi s\u0103 te m\u00e2ng\u00e2i cu gandul c\u0103 furtul cailor \u015fi c\u0103s\u0103pirea se face \u00een mod democratic de la bordei p\u00e2n\u0103 la palat. Trebuie s\u0103 accept\u0103m c\u0103 negrul nu e luminos iar gri-ul nu e curat. Avem oricum parte de multe schimb\u0103ri nea\u015fteptate \u015fi nedorite chiar \u00eenainte de \u00eentalnirea cu\u2026 \u00eens\u0103 mai bine s\u0103 nu vorbim despre ea. Arcana XIII nu are nume. \u015ei jocul nu se sf\u00e2r\u015fe\u015fste aici.<\/p>\n<p style=\"text-align: justify;\">7. Soarele. The Sun.Piatra alb\u0103. (Arcana XIX)<\/p>\n<p style=\"text-align: justify;\">Copilul soare, Regele Copil. Copilul Iisus, Kalokagathia micului nostru univers.<\/p>\n<p style=\"text-align: justify;\">Te sim\u0163i copilul unei lumi bogate \u015fi generoase unde n-ai \u015ftiut ce \u00eenseamn\u0103\u00a0 nevoie ori nazuin\u0163\u0103. E\u015fti regele gr\u0103dinii \u00een care Symposion-ul se desf\u0103\u015foar\u0103 f\u0103r\u0103 sf\u00e2r\u015fit iar compania e perfect\u0103. Planetele se \u00eenvart \u00een jurul t\u0103u iar cometele te ocolesc. Dulce libertate! Ce mai urmeaz\u0103 acum?<\/p>\n<p style=\"text-align: justify;\">Concertul marca Metarsis &#8211; activit\u0103\u0163i \u015fi servicii de cultur\u0103 urban\u0103 \u015fi art\u0103 contemporan\u0103 s-a desf\u0103\u015furat cu sprijinul Direc\u0163iei pentru Cultur\u0103 \u015fi Partimoniu Na\u0163ional a Jude\u0163ului Cara\u015f- Severin \u015fi a Studioului Regional Radio-Re\u015fi\u0163a, Radio Rom\u00e2nia, c\u0103rora le mul\u0163umim.<\/p>\n<p style=\"text-align: justify;\"><a href=\"http:\/\/semndecarte.metarsis.ro\/wp-content\/uploads\/2011\/07\/Concert-Tiberian-Zan-Butoi_041.jpg\" rel=\"lightbox[5456]\"><img loading=\"lazy\" class=\"alignleft size-thumbnail wp-image-5467\" title=\"Concert Tiberian, Zan, Butoi in Biserica Romano-Carolica din Brebu Nou, Caras-Severin\" src=\"http:\/\/semndecarte.metarsis.ro\/wp-content\/uploads\/2011\/07\/Concert-Tiberian-Zan-Butoi_041-95x95.jpg\" alt=\"\" width=\"95\" height=\"95\" \/><\/a><a href=\"http:\/\/semndecarte.metarsis.ro\/wp-content\/uploads\/2011\/07\/Concert-Tiberian-Zan-Butoi_001.jpg\" rel=\"lightbox[5456]\"><img loading=\"lazy\" class=\"alignleft size-thumbnail wp-image-5458\" title=\"Mircea Tiberian\" src=\"http:\/\/semndecarte.metarsis.ro\/wp-content\/uploads\/2011\/07\/Concert-Tiberian-Zan-Butoi_001-95x95.jpg\" alt=\"\" width=\"95\" height=\"95\" \/><\/a><a href=\"http:\/\/semndecarte.metarsis.ro\/wp-content\/uploads\/2011\/07\/Concert-Tiberian-Zan-Butoi_002.jpg\" rel=\"lightbox[5456]\"><img loading=\"lazy\" class=\"alignleft size-thumbnail wp-image-5459\" title=\"Liviu Butoi\" src=\"http:\/\/semndecarte.metarsis.ro\/wp-content\/uploads\/2011\/07\/Concert-Tiberian-Zan-Butoi_002-95x95.jpg\" alt=\"\" width=\"95\" height=\"95\" \/><\/a><a href=\"http:\/\/semndecarte.metarsis.ro\/wp-content\/uploads\/2011\/07\/Concert-Tiberian-Zan-Butoi_011.jpg\" rel=\"lightbox[5456]\"><img loading=\"lazy\" class=\"alignleft size-thumbnail wp-image-5462\" title=\"Mircea Tiberian, Luiza Zan\" src=\"http:\/\/semndecarte.metarsis.ro\/wp-content\/uploads\/2011\/07\/Concert-Tiberian-Zan-Butoi_011-95x95.jpg\" alt=\"\" width=\"95\" height=\"95\" \/><\/a><a href=\"http:\/\/semndecarte.metarsis.ro\/wp-content\/uploads\/2011\/07\/Concert-Tiberian-Zan-Butoi_006.jpg\" rel=\"lightbox[5456]\"><img loading=\"lazy\" class=\"alignleft size-thumbnail wp-image-5460\" title=\"Liviu Butoi\" src=\"http:\/\/semndecarte.metarsis.ro\/wp-content\/uploads\/2011\/07\/Concert-Tiberian-Zan-Butoi_006-95x95.jpg\" alt=\"\" width=\"95\" height=\"95\" \/><\/a><a href=\"http:\/\/semndecarte.metarsis.ro\/wp-content\/uploads\/2011\/07\/Concert-Tiberian-Zan-Butoi_014.jpg\" rel=\"lightbox[5456]\"><img loading=\"lazy\" class=\"alignleft size-thumbnail wp-image-5464\" title=\"Luiza Zan\" src=\"http:\/\/semndecarte.metarsis.ro\/wp-content\/uploads\/2011\/07\/Concert-Tiberian-Zan-Butoi_014-95x95.jpg\" alt=\"\" width=\"95\" height=\"95\" \/><\/a><a href=\"http:\/\/semndecarte.metarsis.ro\/wp-content\/uploads\/2011\/07\/Concert-Tiberian-Zan-Butoi_008.jpg\" rel=\"lightbox[5456]\"><img loading=\"lazy\" class=\"alignleft size-thumbnail wp-image-5461\" title=\"Mircea Tiberian\" src=\"http:\/\/semndecarte.metarsis.ro\/wp-content\/uploads\/2011\/07\/Concert-Tiberian-Zan-Butoi_008-95x95.jpg\" alt=\"\" width=\"95\" height=\"95\" \/><\/a><a href=\"http:\/\/semndecarte.metarsis.ro\/wp-content\/uploads\/2011\/07\/Concert-Tiberian-Zan-Butoi_013.jpg\" rel=\"lightbox[5456]\"><img loading=\"lazy\" class=\"alignleft size-thumbnail wp-image-5463\" title=\"Liviu Butoi\" src=\"http:\/\/semndecarte.metarsis.ro\/wp-content\/uploads\/2011\/07\/Concert-Tiberian-Zan-Butoi_013-95x95.jpg\" alt=\"\" width=\"95\" height=\"95\" \/><\/a><a href=\"http:\/\/semndecarte.metarsis.ro\/wp-content\/uploads\/2011\/07\/Concert-Tiberian-Zan-Butoi_038.jpg\" rel=\"lightbox[5456]\"><img loading=\"lazy\" class=\"alignleft size-thumbnail wp-image-5466\" title=\"Concert Tiberian, Zan, Butoi in Biserica Romano-Carolica din Brebu Nou, Caras-Severin\" src=\"http:\/\/semndecarte.metarsis.ro\/wp-content\/uploads\/2011\/07\/Concert-Tiberian-Zan-Butoi_038-95x95.jpg\" alt=\"\" width=\"95\" height=\"95\" \/><\/a><a href=\"http:\/\/semndecarte.metarsis.ro\/wp-content\/uploads\/2011\/07\/Concert-Tiberian-Zan-Butoi_026.jpg\" rel=\"lightbox[5456]\"><img loading=\"lazy\" class=\"alignleft size-thumbnail wp-image-5465\" title=\"Avlia bisericii romano-catolice din Brebu Nou in timpul concertului\" src=\"http:\/\/semndecarte.metarsis.ro\/wp-content\/uploads\/2011\/07\/Concert-Tiberian-Zan-Butoi_026-95x95.jpg\" alt=\"\" width=\"95\" height=\"95\" \/><\/a><\/p>\n<p style=\"text-align: justify;\">\u00a0<\/p>\n<p style=\"text-align: justify;\">\n<object classid=\"clsid:d27cdb6e-ae6d-11cf-96b8-444553540000\" width=\"520\" height=\"428\" codebase=\"http:\/\/download.macromedia.com\/pub\/shockwave\/cabs\/flash\/swflash.cab#version=6,0,40,0\"><param name=\"menu\" value=\"false\" \/><param name=\"salign\" value=\"l\" \/><param name=\"src\" value=\"http:\/\/www.youtube.com\/v\/td91OxFlpl8&amp;rel=0\" \/><param name=\"align\" value=\"left\" \/><embed type=\"application\/x-shockwave-flash\" width=\"520\" height=\"428\" src=\"http:\/\/www.youtube.com\/v\/td91OxFlpl8&amp;rel=0\" align=\"left\" salign=\"l\" menu=\"false\"><\/embed><\/object><\/p>\n","protected":false},"excerpt":{"rendered":"<p>Concertul de s\u00e2mb\u0103t\u0103, 23 Iulie 2011 ora 12, desf\u0103\u015furat \u00een Biserica Romano-Catolic\u0103 din Brebu-Nou a fost un minunat prilej de \u00eent\u00e2lnire a celor prezen\u0163i  cu trei mari personalit\u0103\u0163i ale jazz-ului romanesc: Mircea Tiberian &#8211; org\u0103, Luiza Zan &#8211; voce \u015fi Liviu Butoi &#8211; saxofon \u015fi flaut.<\/p>\n","protected":false},"author":1,"featured_media":0,"comment_status":"open","ping_status":"open","sticky":false,"template":"","format":"standard","meta":[],"categories":[6,7],"tags":[257,334],"_links":{"self":[{"href":"https:\/\/semndecarte.metarsis.ro\/index.php?rest_route=\/wp\/v2\/posts\/5456"}],"collection":[{"href":"https:\/\/semndecarte.metarsis.ro\/index.php?rest_route=\/wp\/v2\/posts"}],"about":[{"href":"https:\/\/semndecarte.metarsis.ro\/index.php?rest_route=\/wp\/v2\/types\/post"}],"author":[{"embeddable":true,"href":"https:\/\/semndecarte.metarsis.ro\/index.php?rest_route=\/wp\/v2\/users\/1"}],"replies":[{"embeddable":true,"href":"https:\/\/semndecarte.metarsis.ro\/index.php?rest_route=%2Fwp%2Fv2%2Fcomments&post=5456"}],"version-history":[{"count":0,"href":"https:\/\/semndecarte.metarsis.ro\/index.php?rest_route=\/wp\/v2\/posts\/5456\/revisions"}],"wp:attachment":[{"href":"https:\/\/semndecarte.metarsis.ro\/index.php?rest_route=%2Fwp%2Fv2%2Fmedia&parent=5456"}],"wp:term":[{"taxonomy":"category","embeddable":true,"href":"https:\/\/semndecarte.metarsis.ro\/index.php?rest_route=%2Fwp%2Fv2%2Fcategories&post=5456"},{"taxonomy":"post_tag","embeddable":true,"href":"https:\/\/semndecarte.metarsis.ro\/index.php?rest_route=%2Fwp%2Fv2%2Ftags&post=5456"}],"curies":[{"name":"wp","href":"https:\/\/api.w.org\/{rel}","templated":true}]}}