{"id":5423,"date":"2011-07-06T23:02:42","date_gmt":"2011-07-06T21:02:42","guid":{"rendered":"http:\/\/semndecarte.metarsis.ro\/?p=5423"},"modified":"2011-07-06T23:02:42","modified_gmt":"2011-07-06T21:02:42","slug":"ioan-adamek-in-muntii-retezat-69-80-84","status":"publish","type":"post","link":"https:\/\/semndecarte.metarsis.ro\/?p=5423","title":{"rendered":"Ioan Adamek \u00een Mun\u0163ii Retezat (&#8217;69, &#8217;80-&#8217;84)"},"content":{"rendered":"<p style=\"text-align: justify;\">Pove\u015fti, amintiri \u015fi multe diapozitive. Adul\u0163i \u015fi copii \u00een drume\u0163ii pe trasee din Mun\u0163ii Retezat. Anii 1969, 1980-1984. Sec\u0163ia de drume\u0163ie a Asocia\u0163iei Prietenii Mun\u0163ilor din Re\u015fi\u0163a s-a \u00eent\u00e2lnit, ca de obicei \u00een prima zi de mar\u0163i din lun\u0103, iulie fiind rezervat\u0103\u00a0 Mun\u0163ilor Retezat.<!--more--> Capre Negre, gen\u0163ian\u0103 galben\u0103, rododendron, p\u0103duri de pin, jnepeni, lacuri (Bucura, Gale\u015f, Gemenele, Lia, Ana, Florica), t\u0103uri (Negru \u015fi Ag\u0103\u0163at), \u015fei \u015fi v\u00e2rfuri \u00a0(Retezat &#8211; 2483, Iorgovan, Albele, Peleaga, Bucura I \u015fi II), refugii \u015fi cabane. Toate \u00een diapozitive realizate de decanul de v\u00e2rst\u0103 al sec\u0163iei Drume\u0163ie a Asocia\u0163iei Prietenii Mun\u0163ilor &#8211; Ioan Adamek. O seara minunat\u0103 \u00een care, c\u0103l\u0103uzi\u0163i de unul dintre cei mai experimenta\u0163i c\u0103l\u0103tori pe trasee de munte care \u015fi azi, la 85 de ani, conduce duminic\u0103 de duminic\u0103 grupul de iubitori de turism pe trasee din Banatul Montan, am fost \u00een Mun\u0163ii\u00a0 Retezat. O seara de suflet, ca toate cele \u00een care calatorim, chiar dac\u0103 doar \u201ccu gandul \u015fi cu ochii\u201d &#8211; pe c\u0103r\u0103ri montane.<\/p>\n<p style=\"text-align: justify;\">\u00a0<\/p>\n<p style=\"text-align: justify;\"><a href=\"http:\/\/semndecarte.metarsis.ro\/wp-content\/uploads\/2011\/07\/Drumeti-in-Retezat_005.jpg\" rel=\"lightbox[5423]\"><img loading=\"lazy\" class=\"alignleft size-thumbnail wp-image-5424\" title=\"Drumeti in Retezat_005\" src=\"http:\/\/semndecarte.metarsis.ro\/wp-content\/uploads\/2011\/07\/Drumeti-in-Retezat_005-95x95.jpg\" alt=\"\" width=\"95\" height=\"95\" \/><\/a><a href=\"http:\/\/semndecarte.metarsis.ro\/wp-content\/uploads\/2011\/07\/Drumeti-in-Retezat_006.jpg\" rel=\"lightbox[5423]\"><img loading=\"lazy\" class=\"alignleft size-thumbnail wp-image-5425\" title=\"Drumeti in Retezat_006\" src=\"http:\/\/semndecarte.metarsis.ro\/wp-content\/uploads\/2011\/07\/Drumeti-in-Retezat_006-95x95.jpg\" alt=\"\" width=\"95\" height=\"95\" \/><\/a><a href=\"http:\/\/semndecarte.metarsis.ro\/wp-content\/uploads\/2011\/07\/Drumeti-in-Retezat_012.jpg\" rel=\"lightbox[5423]\"><img loading=\"lazy\" class=\"alignleft size-thumbnail wp-image-5427\" title=\"Drumeti in Retezat_012\" src=\"http:\/\/semndecarte.metarsis.ro\/wp-content\/uploads\/2011\/07\/Drumeti-in-Retezat_012-95x95.jpg\" alt=\"\" width=\"95\" height=\"95\" \/><\/a><a href=\"http:\/\/semndecarte.metarsis.ro\/wp-content\/uploads\/2011\/07\/Drumeti-in-Retezat_016.jpg\" rel=\"lightbox[5423]\"><img loading=\"lazy\" class=\"alignleft size-thumbnail wp-image-5428\" title=\"Drumeti in Retezat_016\" src=\"http:\/\/semndecarte.metarsis.ro\/wp-content\/uploads\/2011\/07\/Drumeti-in-Retezat_016-95x95.jpg\" alt=\"\" width=\"95\" height=\"95\" \/><\/a><a href=\"http:\/\/semndecarte.metarsis.ro\/wp-content\/uploads\/2011\/07\/Drumeti-in-Retezat_008.jpg\" rel=\"lightbox[5423]\"><img loading=\"lazy\" class=\"alignleft size-thumbnail wp-image-5426\" title=\"Drumeti in Retezat_008\" src=\"http:\/\/semndecarte.metarsis.ro\/wp-content\/uploads\/2011\/07\/Drumeti-in-Retezat_008-95x95.jpg\" alt=\"\" width=\"95\" height=\"95\" \/><\/a><\/p>\n","protected":false},"excerpt":{"rendered":"<p>Pove\u015fti, amintiri \u015fi multe diapozitive. Adul\u0163i \u015fi copii \u00een drume\u0163ii pe trasee din Mun\u0163ii Retezat. Anii 1969, 1980-1984. Sec\u0163ia de drume\u0163ie a Asocia\u0163iei Prietenii Mun\u0163ilor din Re\u015fi\u0163a s-a \u00eent\u00e2lnit, ca de obicei \u00een prima zi de mar\u0163i din lun\u0103, iulie fiind rezervat\u0103  Mun\u0163ilor Retezat.<\/p>\n","protected":false},"author":1,"featured_media":0,"comment_status":"open","ping_status":"open","sticky":false,"template":"","format":"standard","meta":[],"categories":[7],"tags":[322,323,309],"_links":{"self":[{"href":"https:\/\/semndecarte.metarsis.ro\/index.php?rest_route=\/wp\/v2\/posts\/5423"}],"collection":[{"href":"https:\/\/semndecarte.metarsis.ro\/index.php?rest_route=\/wp\/v2\/posts"}],"about":[{"href":"https:\/\/semndecarte.metarsis.ro\/index.php?rest_route=\/wp\/v2\/types\/post"}],"author":[{"embeddable":true,"href":"https:\/\/semndecarte.metarsis.ro\/index.php?rest_route=\/wp\/v2\/users\/1"}],"replies":[{"embeddable":true,"href":"https:\/\/semndecarte.metarsis.ro\/index.php?rest_route=%2Fwp%2Fv2%2Fcomments&post=5423"}],"version-history":[{"count":0,"href":"https:\/\/semndecarte.metarsis.ro\/index.php?rest_route=\/wp\/v2\/posts\/5423\/revisions"}],"wp:attachment":[{"href":"https:\/\/semndecarte.metarsis.ro\/index.php?rest_route=%2Fwp%2Fv2%2Fmedia&parent=5423"}],"wp:term":[{"taxonomy":"category","embeddable":true,"href":"https:\/\/semndecarte.metarsis.ro\/index.php?rest_route=%2Fwp%2Fv2%2Fcategories&post=5423"},{"taxonomy":"post_tag","embeddable":true,"href":"https:\/\/semndecarte.metarsis.ro\/index.php?rest_route=%2Fwp%2Fv2%2Ftags&post=5423"}],"curies":[{"name":"wp","href":"https:\/\/api.w.org\/{rel}","templated":true}]}}