{"id":5404,"date":"2011-06-24T22:47:46","date_gmt":"2011-06-24T20:47:46","guid":{"rendered":"http:\/\/semndecarte.metarsis.ro\/?p=5404"},"modified":"2011-06-27T11:55:08","modified_gmt":"2011-06-27T09:55:08","slug":"karaoke-party-cu-%e2%80%9cmenestrelul%e2%80%9d-si-arcus","status":"publish","type":"post","link":"https:\/\/semndecarte.metarsis.ro\/?p=5404","title":{"rendered":"Karaoke Party cu \u201cMenestrelul\u201d \u015fi ARCUS"},"content":{"rendered":"<p style=\"text-align: justify;\">\u00cencheierea stagiunii corului Menestrelul al Palatului Copiilor din Re\u015fi\u0163a, dirijor doamna prof. Adriana Caciuc-Ponoran, s-a \u00eencheiat joi, 23 iunie 2011, cu o petrecere Karaoke \u00een gr\u0103dina libr\u0103riei Semn de Carte. \u00cencep\u00e2nd cu orele 19:00 &#8211; o nou\u0103 manifestare Metarsis &#8211; activit\u0103\u0163i \u015fi servicii de cultur\u0103 urban\u0103 \u015fi art\u0103 contemporan\u0103, s-a desf\u0103\u015furat\u00a0 de data aceasta \u00een gr\u0103dina libr\u0103riei sub bolta vi\u0163ei de vie unde au sosit menestrei, p\u0103rin\u0163i \u015fi bunici \u015fi au \u00eenceput vocalizele! <!--more-->Dezinvol\u0163i, micu\u0163ii au pus st\u0103p\u00e2nire rapid pe microfoane f\u0103c\u00e2ndu-ne dovada talentului lor muzical, binecunoscut de altfel. Surpriza serii? Tinerii minuna\u0163i din Grupul Local de Tineret ARCUS din Re\u015fi\u0163a! Elevi \u015fi studen\u0163i \u2013 voluntari \u2013 \u00eembr\u0103ca\u0163i \u00een costume viu colorate, clowni, spider mani sau arlechini, au animat petrcerea \u015fi ne-au \u00eenv\u0103\u0163at dansurile lor spectaculoase. Playlist-ul, microfoanele, ecranul \u015fi muzica rom\u00e2neasc\u0103, talentul copiilor \u015fi \u00eencerc\u0103rile, la \u00eenceput timide, ale p\u0103rin\u0163ilor au facut din seara de joi o minunat\u0103 petrcere la care, copii \u015fi p\u0103rin\u0163i, tineri \u015fi mai pu\u0163in tineri, au c\u00e2ntat \u015fi dansat \u00eempreun\u0103, sub atenta supraveghere a doamnei prof. Adriana Caciuc-Ponoran, sufletul manifest\u0103rii. Urmeaz\u0103 vacan\u0163a, dup\u0103 care, \u00eenceputul de stagiune va debuta tot cu un Karaoke Party &#8211; a\u015fa \u015fi-au propus copii dar, mai ales, p\u0103rin\u0163ii.<\/p>\n<p style=\"text-align: justify;\">\u00a0<\/p>\n<p style=\"text-align: justify;\"><a href=\"http:\/\/semndecarte.metarsis.ro\/wp-content\/uploads\/2011\/06\/Karaoke-Party_004.jpg\" rel=\"lightbox[5404]\"><img loading=\"lazy\" class=\"alignleft size-thumbnail wp-image-5406\" title=\"Karaoke Party_004\" src=\"http:\/\/semndecarte.metarsis.ro\/wp-content\/uploads\/2011\/06\/Karaoke-Party_004-95x95.jpg\" alt=\"\" width=\"95\" height=\"95\" \/><\/a><a href=\"http:\/\/semndecarte.metarsis.ro\/wp-content\/uploads\/2011\/06\/Karaoke-Party_003.jpg\" rel=\"lightbox[5404]\"><img loading=\"lazy\" class=\"alignleft size-thumbnail wp-image-5405\" title=\"Karaoke Party_003\" src=\"http:\/\/semndecarte.metarsis.ro\/wp-content\/uploads\/2011\/06\/Karaoke-Party_003-95x95.jpg\" alt=\"\" width=\"95\" height=\"95\" \/><\/a><a href=\"http:\/\/semndecarte.metarsis.ro\/wp-content\/uploads\/2011\/06\/Karaoke-Party_006.jpg\" rel=\"lightbox[5404]\"><img loading=\"lazy\" class=\"alignleft size-thumbnail wp-image-5407\" title=\"Karaoke Party_006\" src=\"http:\/\/semndecarte.metarsis.ro\/wp-content\/uploads\/2011\/06\/Karaoke-Party_006-95x95.jpg\" alt=\"\" width=\"95\" height=\"95\" \/><\/a><a href=\"http:\/\/semndecarte.metarsis.ro\/wp-content\/uploads\/2011\/06\/Karaoke-Party_009.jpg\" rel=\"lightbox[5404]\"><img loading=\"lazy\" class=\"alignleft size-thumbnail wp-image-5409\" title=\"Karaoke Party_009\" src=\"http:\/\/semndecarte.metarsis.ro\/wp-content\/uploads\/2011\/06\/Karaoke-Party_009-95x95.jpg\" alt=\"\" width=\"95\" height=\"95\" \/><\/a><a href=\"http:\/\/semndecarte.metarsis.ro\/wp-content\/uploads\/2011\/06\/Karaoke-Party_007.jpg\" rel=\"lightbox[5404]\"><img loading=\"lazy\" class=\"alignleft size-thumbnail wp-image-5408\" title=\"Karaoke Party_007\" src=\"http:\/\/semndecarte.metarsis.ro\/wp-content\/uploads\/2011\/06\/Karaoke-Party_007-95x95.jpg\" alt=\"\" width=\"95\" height=\"95\" \/><\/a><a href=\"http:\/\/semndecarte.metarsis.ro\/wp-content\/uploads\/2011\/06\/Karaoke-Party_011.jpg\" rel=\"lightbox[5404]\"><img loading=\"lazy\" class=\"alignleft size-thumbnail wp-image-5410\" title=\"Karaoke Party_011\" src=\"http:\/\/semndecarte.metarsis.ro\/wp-content\/uploads\/2011\/06\/Karaoke-Party_011-95x95.jpg\" alt=\"\" width=\"95\" height=\"95\" \/><\/a><a href=\"http:\/\/semndecarte.metarsis.ro\/wp-content\/uploads\/2011\/06\/Karaoke-Party_014.jpg\" rel=\"lightbox[5404]\"><img loading=\"lazy\" class=\"alignleft size-thumbnail wp-image-5411\" title=\"Karaoke Party_014\" src=\"http:\/\/semndecarte.metarsis.ro\/wp-content\/uploads\/2011\/06\/Karaoke-Party_014-95x95.jpg\" alt=\"\" width=\"95\" height=\"95\" \/><\/a><a href=\"http:\/\/semndecarte.metarsis.ro\/wp-content\/uploads\/2011\/06\/Karaoke-Party_018.jpg\" rel=\"lightbox[5404]\"><img loading=\"lazy\" class=\"alignleft size-thumbnail wp-image-5414\" title=\"Karaoke Party_018\" src=\"http:\/\/semndecarte.metarsis.ro\/wp-content\/uploads\/2011\/06\/Karaoke-Party_018-95x95.jpg\" alt=\"\" width=\"95\" height=\"95\" \/><\/a><a href=\"http:\/\/semndecarte.metarsis.ro\/wp-content\/uploads\/2011\/06\/Karaoke-Party_016.jpg\" rel=\"lightbox[5404]\"><img loading=\"lazy\" class=\"alignleft size-thumbnail wp-image-5412\" title=\"Karaoke Party_016\" src=\"http:\/\/semndecarte.metarsis.ro\/wp-content\/uploads\/2011\/06\/Karaoke-Party_016-95x95.jpg\" alt=\"\" width=\"95\" height=\"95\" \/><\/a><a href=\"http:\/\/semndecarte.metarsis.ro\/wp-content\/uploads\/2011\/06\/Karaoke-Party_017.jpg\" rel=\"lightbox[5404]\"><img loading=\"lazy\" class=\"alignleft size-thumbnail wp-image-5413\" title=\"Karaoke Party_017\" src=\"http:\/\/semndecarte.metarsis.ro\/wp-content\/uploads\/2011\/06\/Karaoke-Party_017-95x95.jpg\" alt=\"\" width=\"95\" height=\"95\" \/><\/a><a href=\"http:\/\/semndecarte.metarsis.ro\/wp-content\/uploads\/2011\/06\/Karaoke-Party_024.jpg\" rel=\"lightbox[5404]\"><img loading=\"lazy\" class=\"alignleft size-thumbnail wp-image-5415\" title=\"Karaoke Party_024\" src=\"http:\/\/semndecarte.metarsis.ro\/wp-content\/uploads\/2011\/06\/Karaoke-Party_024-95x95.jpg\" alt=\"\" width=\"95\" height=\"95\" \/><\/a><a href=\"http:\/\/semndecarte.metarsis.ro\/wp-content\/uploads\/2011\/06\/Karaoke-Party_026.jpg\" rel=\"lightbox[5404]\"><img loading=\"lazy\" class=\"alignleft size-thumbnail wp-image-5416\" title=\"Karaoke Party_026\" src=\"http:\/\/semndecarte.metarsis.ro\/wp-content\/uploads\/2011\/06\/Karaoke-Party_026-95x95.jpg\" alt=\"\" width=\"95\" height=\"95\" \/><\/a><a href=\"http:\/\/semndecarte.metarsis.ro\/wp-content\/uploads\/2011\/06\/Karaoke-Party_029.jpg\" rel=\"lightbox[5404]\"><img loading=\"lazy\" class=\"alignleft size-thumbnail wp-image-5418\" title=\"Karaoke Party_029\" src=\"http:\/\/semndecarte.metarsis.ro\/wp-content\/uploads\/2011\/06\/Karaoke-Party_029-95x95.jpg\" alt=\"\" width=\"95\" height=\"95\" \/><\/a><a href=\"http:\/\/semndecarte.metarsis.ro\/wp-content\/uploads\/2011\/06\/Karaoke-Party_028.jpg\" rel=\"lightbox[5404]\"><img loading=\"lazy\" class=\"alignleft size-thumbnail wp-image-5417\" title=\"Karaoke Party_028\" src=\"http:\/\/semndecarte.metarsis.ro\/wp-content\/uploads\/2011\/06\/Karaoke-Party_028-95x95.jpg\" alt=\"\" width=\"95\" height=\"95\" \/><\/a><a href=\"http:\/\/semndecarte.metarsis.ro\/wp-content\/uploads\/2011\/06\/Karaoke-Party_031.jpg\" rel=\"lightbox[5404]\"><img loading=\"lazy\" class=\"alignleft size-thumbnail wp-image-5419\" title=\"Karaoke Party_031\" src=\"http:\/\/semndecarte.metarsis.ro\/wp-content\/uploads\/2011\/06\/Karaoke-Party_031-95x95.jpg\" alt=\"\" width=\"95\" height=\"95\" \/><\/a><\/p>\n","protected":false},"excerpt":{"rendered":"<p>\u00cencheierea stagiunii corului Menestrelul al Palatului Copiilor din Re\u015fi\u0163a, dirijor doamna prof. Adriana Caciuc-Ponoran, s-a \u00eencheiat joi, 23 iunie 2011, cu o petrecere Karaoke \u00een gr\u0103dina libr\u0103riei Semn de Carte.<\/p>\n","protected":false},"author":1,"featured_media":0,"comment_status":"open","ping_status":"open","sticky":false,"template":"","format":"standard","meta":[],"categories":[7],"tags":[151,332],"_links":{"self":[{"href":"https:\/\/semndecarte.metarsis.ro\/index.php?rest_route=\/wp\/v2\/posts\/5404"}],"collection":[{"href":"https:\/\/semndecarte.metarsis.ro\/index.php?rest_route=\/wp\/v2\/posts"}],"about":[{"href":"https:\/\/semndecarte.metarsis.ro\/index.php?rest_route=\/wp\/v2\/types\/post"}],"author":[{"embeddable":true,"href":"https:\/\/semndecarte.metarsis.ro\/index.php?rest_route=\/wp\/v2\/users\/1"}],"replies":[{"embeddable":true,"href":"https:\/\/semndecarte.metarsis.ro\/index.php?rest_route=%2Fwp%2Fv2%2Fcomments&post=5404"}],"version-history":[{"count":0,"href":"https:\/\/semndecarte.metarsis.ro\/index.php?rest_route=\/wp\/v2\/posts\/5404\/revisions"}],"wp:attachment":[{"href":"https:\/\/semndecarte.metarsis.ro\/index.php?rest_route=%2Fwp%2Fv2%2Fmedia&parent=5404"}],"wp:term":[{"taxonomy":"category","embeddable":true,"href":"https:\/\/semndecarte.metarsis.ro\/index.php?rest_route=%2Fwp%2Fv2%2Fcategories&post=5404"},{"taxonomy":"post_tag","embeddable":true,"href":"https:\/\/semndecarte.metarsis.ro\/index.php?rest_route=%2Fwp%2Fv2%2Ftags&post=5404"}],"curies":[{"name":"wp","href":"https:\/\/api.w.org\/{rel}","templated":true}]}}