{"id":5369,"date":"2011-06-22T22:59:11","date_gmt":"2011-06-22T20:59:11","guid":{"rendered":"http:\/\/semndecarte.metarsis.ro\/?p=5369"},"modified":"2011-06-23T07:33:52","modified_gmt":"2011-06-23T05:33:52","slug":"de-la-anina-la-resita-virgil-birou","status":"publish","type":"post","link":"https:\/\/semndecarte.metarsis.ro\/?p=5369","title":{"rendered":"De la Anina la Re\u015fi\u0163a &#8222;Virgil Birou&#8221;"},"content":{"rendered":"<p style=\"text-align: justify;\">Cenaclul literar \u201eVirgil Birou\u201d al Casei de Cultur\u0103 din Anina, jud. Cara\u015f-Severin a organizat mar\u0163i, 21 iunie 2011, \u00eencep\u00e2nd cu orele 18, la Libr\u0103ria \u201eSEMN DE CARTE\u201d din Re\u015fi\u0163a o sear\u0103 literar-muzical\u0103.<!--more--><\/p>\n<p style=\"text-align: justify;\">\u00cen deschiderea manifest\u0103rii Mihai Chiper, directorul Casei de Cultur\u0103 \u015fi pre\u015fedintele cenaclului a prezentat istoricul cenaclului de la \u00eenfiin\u0163are p\u00e2n\u0103 \u00een prezent. \u00cen continuare a prezentat revista de literatur\u0103, art\u0103 \u015fi cultur\u0103 \u201eARCADIA\u201d ajuns\u0103 la num\u0103rul 13, cu prilejul \u00eemplinirii a 3 ani de la apari\u0163ia primului num\u0103r.<\/p>\n<p style=\"text-align: justify;\">Red\u0103m \u00een continuare istoricul cenaclului \u015fi al revistei:<\/p>\n<p style=\"text-align: justify;\">Cenaclul literar \u201cVIRGIL BIROU\u201d \u00ee\u015fi desf\u0103\u015foar\u0103 activitatea \u00een cadrul Casei de Cultur\u0103 din Anina \u2013 fostul Club Minier. Cenaclul s-a \u00eenfiin\u0163at \u00een vara anului 1958, sub denumirea de Cenaclul \u201cMINERUL\u201d, mineritul fiind, pe atunci, o ocupa\u0163ie \u00eenfloritoare pe meleagurile aninene.<\/p>\n<p style=\"text-align: justify;\">Printre cei care au pus bazele cenaclului s-au aflat: Vasile Cre\u0163u, Pavel Lungu, Ion Marin Alm\u0103jan, Iosif Chiril\u0103, Elena Stoian, Valeria Pop, Ion V\u0103caru \u015fi Mircea Croitor. Vasile Cre\u0163u este cunoscut azi drept un apreciat culeg\u0103tor de folclor, iar Ion Marin Alm\u0103jan s-a afirmat ca ziarist, director de editur\u0103, prozator, eseist \u015fi conferen\u0163iar.<\/p>\n<p style=\"text-align: justify;\">O amprent\u0103 deosebit\u0103 asupra vie\u0163ii cenaclului, \u00een calitate de invitat \u015fi oaspete frecvent, \u015fi-a pus-o scriitorul \u015fi prozatorul Virgil Birou. Acesta, cu toate c\u0103 era absolvent al facult\u0103\u0163ii de mine din Timi\u015foara, publicase mai multe c\u0103r\u0163i: \u201cOameni \u015fi locuri din Cara\u015f\u201d \u2013 1940, cu reedit\u0103ri \u00een 1943 \u015fi 1982, \u201cOglinda lui mo\u015f Ion St\u0103van\u201d \u2013 nuvel\u0103 1946, \u201cLume f\u0103r\u0103 cer\u201d roman inspirit din via\u0163a minerilor din Anina, 1947 cu reedit\u0103ri \u00een 1957 \u015fi 1972, era membru al Uniunii Scriitorilor din Rom\u00e2nia, iar \u00een perioada anilor 1941 \u2013 1944 a fost chiar pre\u015fedintele Societ\u0103\u0163ii Scriitorilor Rom\u00e2ni din Banat.\u00a0\u00a0\u00a0\u00a0\u00a0 (n. 11 mai 1903 \u00een Ticvaniu Mare \u2013 fiul \u00eenv\u0103\u0163\u0103torului Iului Birou, \u015fi a decedat la 23 aprilie 1968 \u00een Timi\u015foara. 108 ani de la na\u015fterea prozatorului \u2013 43 de ani de la moartea lui).<\/p>\n<p style=\"text-align: justify;\">Dup\u0103 moartea sa cenaclul \u015fi-a schimbat numele din \u201cMinerul\u201d \u00een \u201cVirgil Birou\u201d, nume pe care-l poart\u0103 \u015fi \u00een prezent. Din anul 2010 Bibliotecii Casei de Cultur\u0103 din Anina i s-a atribuit denumirea de Biblioteca Or\u0103\u015feneasc\u0103 \u201cVirgil Birou\u201d.<\/p>\n<p style=\"text-align: justify;\">Un alt oaspede drag nou\u0103 este cel al lui Ion Arie\u015fanul, autor printre altele a romanului \u201cO complicat\u0103 stare de fericire\u201d. De-a lungul anilor \u00een cenaclul din Anina \u015fi-au afirmat personalitatea literar\u0103: Vasile Versavia, Aneta Blaj, Cornel Faur, Gheorghe Azap, Octavian Doclin, Nicolae S\u00e2rbu, Laurian Lodoab\u0103, Marina Glodici, Grigore Achim, Mariana Ungureanu, Ion Ghine\u0163, Horea Guia, Ilie F\u0103nin\u0103, Mihai Rusu, Iancu Dogariu, Adriana Rusu, Maria Rus \u015eu\u015far\u0103, Maria Chiper, \u015etefan Georgescu, Dumitru Ni\u0163oiu, Ana Ni\u0163oiu, Ion R\u0103\u015finaru, Elena \u015euve\u0163i, Anca Predu\u015f Ruva, Alin Muntean, Andra Gajevszky, Mihai Chiper \u015fi al\u0163ii.<\/p>\n<p style=\"text-align: justify;\">De prin anul 1986 visul cenacli\u015ftilor anineni a fost acela de a edita o revist\u0103 literar\u0103. Proiectul av\u0103ndu-l drept protagonist pe regretatul nostru poet \u015fi secretar al cenaclului din acea vreme, Horea Guia. A ap\u0103rut, sporatic, o foaie volant\u0103 \u00een anul 1990, intitulat\u0103 de nea Horic\u0103 \u201cJurnal de Anina\u201d,\u00a0 mijloacele vremii ne\u00eeng\u0103duind mai mult. Visul mult a\u015fteptat al cenaclului s-a \u00eemplinit \u00een decembrie 2007, cu sprijinul distinsei doamne Ada Mirela Chis\u0103li\u0163\u0103, director \u00een acea perioad\u0103 la Direc\u0163ia Pentru Cultur\u0103 a jude\u0163ului Cara\u015f-Severin. Prin bun\u0103voin\u0163a domniei sale a ap\u0103rut primul num\u0103r al revistei de literatur\u0103, art\u0103 \u015fi cultur\u0103 \u201cArcadia\u201d, cum am botezat-o noi \u015fi pe care am lansat-o \u00een 15 ianuarie 2008 \u00een cadrul zilelor \u201cEminescu\u201d.<\/p>\n<p style=\"text-align: justify;\">Revista \u201cArcadia\u201d este o m\u00e2ndrie a cenaclului, a ora\u015fului Anina, chiar dac\u0103 presupune pentru unii dintre noi o munc\u0103 \u00een plus, renun\u0163area de multe ori la timpul liber dar, satisfac\u0163iile sunt pe m\u0103sur\u0103. Revista noastr\u0103 apare prin bibliotecile din jude\u0163 \u015fi din \u0163ar\u0103, precum \u015fi \u00een afara \u0163\u0103rii. Prin aceast\u0103 revist\u0103 am lansat creatorii locali, am promovat tinere talente din \u0163ar\u0103 \u015fi din afara \u0163\u0103rii. Am avut colabor\u0103ri cu mari poe\u0163i ai \u0163\u0103rii precum Adrian P\u0103unescu \u015fi Corneliu Vadim Tudor. De asemenea avem colabor\u0103ri cu scriitori \u015fi poe\u0163i din Serbia, printre care Vasile Barbu, Ionel Stoi\u0163, Aurel Mioc \u015fi al\u0163ii.<\/p>\n<p style=\"text-align: justify;\">Revista \u201cArcadia\u201d cu toate greut\u0103\u0163ile financiare pe care le \u00eent\u00e2mpin\u0103m, dorim s\u0103 o facem pe viitor o emblem\u0103 spiritual\u0103 a ora\u015fului nostru.<\/p>\n<p style=\"text-align: justify;\">La manifestare, pe l\u00e2ng\u0103 scriitorii \u015fi poe\u0163ii anineni, printre care s-au num\u0103rat: Ion R\u0103\u015finaru, Alin Muntean, Maria Chiper, Mircea Croitor \u015fi Petru Tudor, au r\u0103spuns invita\u0163iei \u015fi poe\u0163i \u015fi scriitori din Re\u015fi\u0163a: Ada Mirela Chis\u0103li\u0163\u0103, Octavian Doclin, Gheorghe Jurma, Titus Crisciu, Costel Stancu, Iulian Barbu, Iosif Hlinka, Dia Iova \u015fi Iancu Alm\u0103j Ban\u0103\u0163eanu. Din Oravi\u0163a: Nicolae Irimia \u015fi Costel Simedrea. De la Boc\u015fa, Tiberiu Popovici, Nicolae Gheju, Dimitrie Acea \u015fi Ion Albu. Din Timi\u015foara, Diana Todea, o t\u00e2n\u0103r\u0103 debutant\u0103 \u00een revista \u201cARCADIA\u201d, iar de la Lugoj au r\u0103spuns invita\u0163iei poetul \u015fi scriitorul Laurian Lodoab\u0103 \u015fi cantautorul Vasile Gondoci.<\/p>\n<p style=\"text-align: justify;\">De asemenea au fost prezen\u0163i \u015fi Eugenia Burileanu, metodist la Biblioteca Jude\u0163ean\u0103 \u201cPAUL IORGOVICI\u201d\u00a0 \u015fi Mariana D\u0103nescu, director la \u015ecoala Popular\u0103 de Arte \u015fi Meserii \u201cION ROM\u00c2NU\u201d din Re\u015fi\u0163a, \u015fi Gabriela \u015eerban, manager la Biblioteca Or\u0103\u015feneasc\u0103 \u201cTATA OANCEA\u201d din Boc\u015fa.<\/p>\n<p style=\"text-align: justify;\">Despre cenaclul literar \u201cVIRGIL BIROU\u201d \u015fi revista \u201cARCADIA\u201d au vorbit Octavian Doclin, Ada Mirela Chis\u0103li\u0163\u0103, Titus Crisciu, Eugenia Burileanu, Gabriela \u015eerban \u015fi Gheorghe Jurma.<\/p>\n<p style=\"text-align: justify;\">\u00cen cadrul manifest\u0103rii au recitat din crea\u0163iile proprii: Mircea Croitor, Maria Chiper, Ion R\u0103\u015finaru, Alin Muntean, Petru Tudor, Iulian Barbu, Iancu Alm\u0103j B\u0103n\u0103\u0163eanu, Laurian Lodoab\u0103, Diana Todea \u015fi Dia Iova. Momentele muzicale ale \u00eent\u00e2lnirii au fost sus\u0163inute de cantautorul Vasile Gondoci, care a \u00eenc\u00e2ntat asisten\u0163a cu melodiile lui.<\/p>\n<p style=\"text-align: justify;\">Timp de 2 ore s-a \u00eembinat poezia \u015fi muzica, fiind \u015fi un moment de delectare pentru cei prezen\u0163i la seara literar\u0103, iubitori de literatur\u0103. (a consemnat Mihai Chiper)<\/p>\n<p style=\"text-align: justify;\">\u00a0<\/p>\n<p style=\"text-align: justify;\"><a href=\"http:\/\/semndecarte.metarsis.ro\/wp-content\/uploads\/2011\/06\/DSC_0007.jpg\" rel=\"lightbox[5369]\"><img loading=\"lazy\" class=\"alignleft size-thumbnail wp-image-5370\" title=\"DSC_0007\" src=\"http:\/\/semndecarte.metarsis.ro\/wp-content\/uploads\/2011\/06\/DSC_0007-95x95.jpg\" alt=\"\" width=\"95\" height=\"95\" \/><\/a><a href=\"http:\/\/semndecarte.metarsis.ro\/wp-content\/uploads\/2011\/06\/Cenaclu-5.jpg\" rel=\"lightbox[5369]\"><img loading=\"lazy\" class=\"alignleft size-thumbnail wp-image-5375\" title=\"Cenaclu 5\" src=\"http:\/\/semndecarte.metarsis.ro\/wp-content\/uploads\/2011\/06\/Cenaclu-5-95x95.jpg\" alt=\"\" width=\"95\" height=\"95\" \/><\/a><a href=\"http:\/\/semndecarte.metarsis.ro\/wp-content\/uploads\/2011\/06\/Cenaclu-4.jpg\" rel=\"lightbox[5369]\"><img loading=\"lazy\" class=\"alignleft size-thumbnail wp-image-5374\" title=\"Cenaclu 4\" src=\"http:\/\/semndecarte.metarsis.ro\/wp-content\/uploads\/2011\/06\/Cenaclu-4-95x95.jpg\" alt=\"\" width=\"95\" height=\"95\" \/><\/a><a href=\"http:\/\/semndecarte.metarsis.ro\/wp-content\/uploads\/2011\/06\/Cenaclu-13.jpg\" rel=\"lightbox[5369]\"><img loading=\"lazy\" class=\"alignleft size-thumbnail wp-image-5383\" title=\"Cenaclu 13\" src=\"http:\/\/semndecarte.metarsis.ro\/wp-content\/uploads\/2011\/06\/Cenaclu-13-95x95.jpg\" alt=\"\" width=\"95\" height=\"95\" \/><\/a><a href=\"http:\/\/semndecarte.metarsis.ro\/wp-content\/uploads\/2011\/06\/Cenaclu-3.jpg\" rel=\"lightbox[5369]\"><img loading=\"lazy\" class=\"alignleft size-thumbnail wp-image-5373\" title=\"Cenaclu 3\" src=\"http:\/\/semndecarte.metarsis.ro\/wp-content\/uploads\/2011\/06\/Cenaclu-3-95x95.jpg\" alt=\"\" width=\"95\" height=\"95\" \/><\/a><a href=\"http:\/\/semndecarte.metarsis.ro\/wp-content\/uploads\/2011\/06\/Cenaclu-7.jpg\" rel=\"lightbox[5369]\"><img loading=\"lazy\" class=\"alignleft size-thumbnail wp-image-5377\" title=\"Cenaclu 7\" src=\"http:\/\/semndecarte.metarsis.ro\/wp-content\/uploads\/2011\/06\/Cenaclu-7-95x95.jpg\" alt=\"\" width=\"95\" height=\"95\" \/><\/a><a href=\"http:\/\/semndecarte.metarsis.ro\/wp-content\/uploads\/2011\/06\/Cenaclu-6.jpg\" rel=\"lightbox[5369]\"><img loading=\"lazy\" class=\"alignleft size-thumbnail wp-image-5376\" title=\"Cenaclu 6\" src=\"http:\/\/semndecarte.metarsis.ro\/wp-content\/uploads\/2011\/06\/Cenaclu-6-95x95.jpg\" alt=\"\" width=\"95\" height=\"95\" \/><\/a><a href=\"http:\/\/semndecarte.metarsis.ro\/wp-content\/uploads\/2011\/06\/Cenaclu-11.jpg\" rel=\"lightbox[5369]\"><img loading=\"lazy\" class=\"alignleft size-thumbnail wp-image-5381\" title=\"Cenaclu 11\" src=\"http:\/\/semndecarte.metarsis.ro\/wp-content\/uploads\/2011\/06\/Cenaclu-11-95x95.jpg\" alt=\"\" width=\"95\" height=\"95\" \/><\/a><a href=\"http:\/\/semndecarte.metarsis.ro\/wp-content\/uploads\/2011\/06\/Cenaclu-8.jpg\" rel=\"lightbox[5369]\"><img loading=\"lazy\" class=\"alignleft size-thumbnail wp-image-5378\" title=\"Cenaclu 8\" src=\"http:\/\/semndecarte.metarsis.ro\/wp-content\/uploads\/2011\/06\/Cenaclu-8-95x95.jpg\" alt=\"\" width=\"95\" height=\"95\" \/><\/a><a href=\"http:\/\/semndecarte.metarsis.ro\/wp-content\/uploads\/2011\/06\/Cenaclu-12.jpg\" rel=\"lightbox[5369]\"><img loading=\"lazy\" class=\"alignleft size-thumbnail wp-image-5382\" title=\"Cenaclu 12\" src=\"http:\/\/semndecarte.metarsis.ro\/wp-content\/uploads\/2011\/06\/Cenaclu-12-95x95.jpg\" alt=\"\" width=\"95\" height=\"95\" \/><\/a><a href=\"http:\/\/semndecarte.metarsis.ro\/wp-content\/uploads\/2011\/06\/Cenaclu-2.jpg\" rel=\"lightbox[5369]\"><img loading=\"lazy\" class=\"alignleft size-thumbnail wp-image-5372\" title=\"Cenaclu 2\" src=\"http:\/\/semndecarte.metarsis.ro\/wp-content\/uploads\/2011\/06\/Cenaclu-2-95x95.jpg\" alt=\"\" width=\"95\" height=\"95\" \/><\/a><a href=\"http:\/\/semndecarte.metarsis.ro\/wp-content\/uploads\/2011\/06\/Cenaclu-9.jpg\" rel=\"lightbox[5369]\"><img loading=\"lazy\" class=\"alignleft size-thumbnail wp-image-5379\" title=\"Cenaclu 9\" src=\"http:\/\/semndecarte.metarsis.ro\/wp-content\/uploads\/2011\/06\/Cenaclu-9-95x95.jpg\" alt=\"\" width=\"95\" height=\"95\" \/><\/a><a href=\"http:\/\/semndecarte.metarsis.ro\/wp-content\/uploads\/2011\/06\/Cenaclu-14.jpg\" rel=\"lightbox[5369]\"><img loading=\"lazy\" class=\"alignleft size-thumbnail wp-image-5384\" title=\"Cenaclu 14\" src=\"http:\/\/semndecarte.metarsis.ro\/wp-content\/uploads\/2011\/06\/Cenaclu-14-95x95.jpg\" alt=\"\" width=\"95\" height=\"95\" \/><\/a><a href=\"http:\/\/semndecarte.metarsis.ro\/wp-content\/uploads\/2011\/06\/Cenaclu-10.jpg\" rel=\"lightbox[5369]\"><img loading=\"lazy\" class=\"alignleft size-thumbnail wp-image-5380\" title=\"Cenaclu 10\" src=\"http:\/\/semndecarte.metarsis.ro\/wp-content\/uploads\/2011\/06\/Cenaclu-10-95x95.jpg\" alt=\"\" width=\"95\" height=\"95\" \/><\/a><\/p>\n<p><a href=\"http:\/\/semndecarte.metarsis.ro\/wp-content\/uploads\/2011\/06\/Cenaclu-15.jpg\" rel=\"lightbox[5369]\"><img loading=\"lazy\" class=\"alignleft size-thumbnail wp-image-5387\" title=\"Cenaclu 15\" src=\"http:\/\/semndecarte.metarsis.ro\/wp-content\/uploads\/2011\/06\/Cenaclu-15-95x95.jpg\" alt=\"\" width=\"95\" height=\"95\" \/><\/a><\/p>\n","protected":false},"excerpt":{"rendered":"<p>Cenaclul literar \u201eVirgil Birou\u201d al Casei de Cultur\u0103 din Anina, jud. Cara\u015f-Severin a organizat mar\u0163i, 21 iunie 2011, \u00eencep\u00e2nd cu orele 18, la Libr\u0103ria \u201eSEMN DE CARTE\u201d din Re\u015fi\u0163a o sear\u0103 literar-muzical\u0103.<\/p>\n","protected":false},"author":1,"featured_media":0,"comment_status":"open","ping_status":"open","sticky":false,"template":"","format":"standard","meta":[],"categories":[7],"tags":[331],"_links":{"self":[{"href":"https:\/\/semndecarte.metarsis.ro\/index.php?rest_route=\/wp\/v2\/posts\/5369"}],"collection":[{"href":"https:\/\/semndecarte.metarsis.ro\/index.php?rest_route=\/wp\/v2\/posts"}],"about":[{"href":"https:\/\/semndecarte.metarsis.ro\/index.php?rest_route=\/wp\/v2\/types\/post"}],"author":[{"embeddable":true,"href":"https:\/\/semndecarte.metarsis.ro\/index.php?rest_route=\/wp\/v2\/users\/1"}],"replies":[{"embeddable":true,"href":"https:\/\/semndecarte.metarsis.ro\/index.php?rest_route=%2Fwp%2Fv2%2Fcomments&post=5369"}],"version-history":[{"count":0,"href":"https:\/\/semndecarte.metarsis.ro\/index.php?rest_route=\/wp\/v2\/posts\/5369\/revisions"}],"wp:attachment":[{"href":"https:\/\/semndecarte.metarsis.ro\/index.php?rest_route=%2Fwp%2Fv2%2Fmedia&parent=5369"}],"wp:term":[{"taxonomy":"category","embeddable":true,"href":"https:\/\/semndecarte.metarsis.ro\/index.php?rest_route=%2Fwp%2Fv2%2Fcategories&post=5369"},{"taxonomy":"post_tag","embeddable":true,"href":"https:\/\/semndecarte.metarsis.ro\/index.php?rest_route=%2Fwp%2Fv2%2Ftags&post=5369"}],"curies":[{"name":"wp","href":"https:\/\/api.w.org\/{rel}","templated":true}]}}