{"id":5325,"date":"2011-05-28T18:41:44","date_gmt":"2011-05-28T16:41:44","guid":{"rendered":"http:\/\/semndecarte.metarsis.ro\/?p=5325"},"modified":"2011-05-28T18:41:44","modified_gmt":"2011-05-28T16:41:44","slug":"%e2%80%9enoapte-de-mai%e2%80%9d-intr-o-dimineata-la-libraria-%e2%80%9esemn-de-carte%e2%80%9d","status":"publish","type":"post","link":"https:\/\/semndecarte.metarsis.ro\/?p=5325","title":{"rendered":"\u201eNoapte de mai\u201d, \u00eentr-o diminea\u0163\u0103, la libr\u0103ria \u201eSemn de carte\u201d"},"content":{"rendered":"<p style=\"text-align: justify;\">Libr\u0103ria \u201eSemn de carte\u201d a g\u0103zduit vineri, 27 mai, dezbaterea despre opera \u015fi via\u0163a poetului Alexandru Macedonski, \u00een organizarea Clubului Discu\u0163iilor Interesante, pornind de la referatul profesorului Daniel Laz\u0103r, cu titlul: \u201eStudiu de caz \u2013 Alexandru Macedonski\u201d.<!--more--> Dezbaterea a vut loc \u00een curtea libr\u0103riei, sub raze solare antemeridiane, prefirate printre frunzele r\u0103coroase ale galeriei cu vi\u0163\u0103-de-vie.<\/p>\n<p style=\"text-align: justify;\">\u00cen studiul s\u0103u, Daniel Laz\u0103r argumenteaz\u0103 faptul c\u0103 Alexandru Macedonski este \u201eun caz\u201d aparte \u00een literatura rom\u00e2n\u0103, deoarece a fost receptat inegal de c\u0103tre contemporanii s\u0103i \u015fi nici ast\u0103zi nu este a\u015fezat la locul pe care \u00eel merit\u0103. Scriind despre meritele lui Macedonski, profesorul Laz\u0103r afirm\u0103 c\u0103 acesta este primul clasic care, dincolo de prelungirea romantismului, anun\u0163\u0103 semnele moderniz\u0103rii discursului poetic \u015fi noteaz\u0103:<\/p>\n<p style=\"text-align: justify;\">\u201eIndiscutabil, Eminescu \u015fi Macedonski domin\u0103 epoca, dar sunt incompatibili. Macedonski r\u0103m\u00e2ne o fire suprasensibil\u0103 \u015fi orgolioas\u0103, \u00ee\u015fi supraliciteaz\u0103 talentul, reac\u0163ion\u00e2nd vehement fa\u0163\u0103 de detractorii s\u0103i. Am\u0103nunte de natur\u0103 biografic\u0103 eviden\u0163iaz\u0103, pentru\u00a0 \u00eentreaga sa familie, sentimentul unei acute presiuni, al fr\u0103m\u00e2nt\u0103rii \u015fi opresiunii. Un asemenea climat familial \u00ee\u015fi va pune amprenta asupra psihologiei viitorului poet.<\/p>\n<p style=\"text-align: justify;\">Inadaptarea \u015fi inadecvarea lui Macedonski provin \u015fi din refuzul unei \u00eenregiment\u0103ri politice efective. Nu avea nici o sus\u0163inere politic\u0103, dimpotriv\u0103. Sociali\u015ftii de la Contemporanul \u00eel atac\u0103 pentru grandomania afi\u015fat\u0103 \u015fi pentru c\u0103 ar fi inaugurat critica analitic\u0103\u201d<\/p>\n<p style=\"text-align: justify;\">De asemenea autorul \u201eStudiului de caz\u201d, consemneaz\u0103 conflictele de idei care s-au manifestat \u00eentre curentul junimist, unde activa \u015fi Eminescu, \u015fi curentul creat \u00een jurul revistei \u201eLiteratorul\u201d, condus\u0103 de Macedonski. \u015ei nu este vorba numai de diferen\u0163e sensibile de idei \u00eentre cele dou\u0103 curente, ci chiar de articole critice, adresate, mai mult sau mai pu\u0163in explicit, de Eminescu lui Macedonski \u015fi invers.<\/p>\n<p style=\"text-align: justify;\">Toat\u0103 atmosfera literar\u0103, \u015fi politic\u0103, este descris\u0103 de profesorul Laz\u0103r \u015fi pentru a schi\u0163a fondul pe care a ap\u0103rut celebra \u015fi nefericita epigram\u0103 a lui Macedonski, \u00een mod evident adresat\u0103 lui Eminescu, de\u015fi numele acestuia nu apare \u00een versuri. Totu\u015fi, autorul studiului \u00eei ia, \u00eentr-un fel, ap\u0103rarea lui Macedonski, prezent\u00e2nd \u015fi alte afirma\u0163ii, poate la fel de \u015focante \u015fi dureroase la adresa lui Eminescu, care au trecut nesanc\u0163ionate de opinia public\u0103. De exemplu: \u201eE dur \u00een epigrama sa, Macedonski, dar nimeni nu a reac\u0163ionat vehement c\u00e2nd tocmai Veronica Micle \u00eei replica unui ofi\u0163er: \u201eA \u00eennebunit Eminescu? Se vedea de mult c\u0103 merge pe calea aceasta. Apoi schimb\u00e2nd vorba, trecu la un subiect de conversa\u0163ie mai vesel\u201d. (C. Negruzzi \u2013 Amintiri despre Junimea \u2013 Bucure\u015fti, C.R. 1943, p.271 \u015fi&#8230;)\u201d.<\/p>\n<p style=\"text-align: justify;\">De altfel, profesorul Laz\u0103r, precizeaz\u0103 c\u0103 epigrama lui Macedonski este \u201eepicentrul cazului\u201d \u015fi \u00een jurul acesteia \u00ee\u015fi constuie\u015fte studiul, ca urmare a faptului c\u0103 acest text, de c\u00e2teva r\u00e2nduri, a influen\u0163at negativ percep\u0163ia lui Macedonski, \u00een epoc\u0103, dar \u015fi \u00een posteritate. Printre r\u00e2nduri, putem \u00een\u0163elege c\u0103 autorul militeaz\u0103 pentru recuperarea lui Macedonski, consider\u00e2ndu-l unul dintre cei mai mari poe\u0163i rom\u00e2ni, de\u015fi, inegal \u00een texte. \u015ei, pentru c\u0103 tot ne-am \u00eenv\u00e2rtit \u00een jurul cozii (epigramei), prezent\u0103m \u015fi epigrama bucluca\u015f\u0103 a lui Macedonski, publicat\u0103 \u00een revista \u201eLiteratorul\u201d, \u00een anul 1883:<\/p>\n<p style=\"text-align: justify;\">\u201eUn X&#8230; pretins poet \u2013 acum \/ S-a dus pe cel mai jalnic drum&#8230; \/ L-a\u015f pl\u00e2nge dac\u0103-n balamuc \/ Destinul s\u0103u n-ar fi mai bun, \/ C\u0103ci p\u00e2n\u0103 ieri a fost n\u0103uc \/ \u015ei nu e azi dec\u00e2t nebun.\u201d<\/p>\n<p style=\"text-align: justify;\">Comentariile participan\u0163ilor la dezbatere s-au oprit mai pu\u0163in asupra epigramei cu pricina (pentru care, de altfel, Macdonski a \u015fi \u00eencasat c\u00e2teva palme, de la un t\u00e2n\u0103r admirator al lui Eminescu), \u015fi au z\u0103bovit mai mult asupra fermec\u0103toarelor poezii macedonskiene. Iacob Roman a citit \u201eNoapte de mai\u201d \u015fi a recitat c\u00e2teva rondeluri, care i-au entuziasmat pe Anton Georgescu, Valentin Popovici, Emilian Ro\u015fculescu-Papi, Ilie Cucuruz \u015fi, cum altfel se putea? pe maestrul Daniel Laz\u0103r. Pentru a-i face o c\u00e2t de mic\u0103 dreptate lui Macedonski prezent\u0103m aici un fragment din celebrul poem \u201eNoapte de mai\u201d:<\/p>\n<p>\u201e\u2026 \/ Se poate crede c\u0103 vreodat\u0103 ce e foc sacru se va stinge, &#8212; \/ C\u00e2nd frunza ca \u015fi mai nainte \u015fopte\u015fte frunzei ce atinge? \/ C\u00e2nd stea cu stea vorbe\u015fte-n culmea diamantatului abis, \/ Izvorul c\u00e2nd s-argintuie\u015fte de alba lun\u0103 care-l ninge, \/ C\u00e2nd zboar\u0103 fream\u0103te de aripi \u00een fundul cerului deschis?&#8230; \/ Vestalelor, dac\u0103-ntre oameni sunt numai jalnice nevroze, \/ E cerul \u00eenc\u0103 plin de stele \u015fi c\u00e2mpul \u00eenc\u0103 plin de roze \/ \u015fi p\u00e2n\u0103 ast\u0103zi din natur\u0103 nimica n-a \u00eemb\u0103tr\u00e2nit&#8230; \/ Iubirea, \u015fi prietenia, dac\u0103-au ajuns z\u0103d\u0103rnicie, \/ \u015fi dac\u0103 ura \u015fi tr\u0103darea vor predomni \u00een vecinicie&#8230; \/ Veni\u015fi: privighetoarea c\u00e2nt\u0103, \u015fi liliacul e-nflorit! \/ \u2026\u201d\u00a0 (Matei Mircioane, Re\u015fi\u0163a, 28 mai, 2011)<\/p>\n<p><br class=\"spacer_\" \/><\/p>\n<p><a href=\"http:\/\/semndecarte.metarsis.ro\/wp-content\/uploads\/2011\/05\/Clubul-Discutiilor-Interesante-la-libraria-Semn-de-carte-1.jpg\" rel=\"lightbox[5325]\"><img loading=\"lazy\" class=\"alignleft size-thumbnail wp-image-5332\" title=\"Clubul Discutiilor Interesante - la libraria Semn de Carte\" src=\"http:\/\/semndecarte.metarsis.ro\/wp-content\/uploads\/2011\/05\/Clubul-Discutiilor-Interesante-la-libraria-Semn-de-carte-1-95x95.jpg\" alt=\"\" width=\"95\" height=\"95\" \/><\/a><a href=\"http:\/\/semndecarte.metarsis.ro\/wp-content\/uploads\/2011\/05\/27052011317.jpg\" rel=\"lightbox[5325]\"><img loading=\"lazy\" class=\"alignleft size-thumbnail wp-image-5328\" title=\"Clubul discu\u0163iilor interesante\" src=\"http:\/\/semndecarte.metarsis.ro\/wp-content\/uploads\/2011\/05\/27052011317-95x95.jpg\" alt=\"\" width=\"95\" height=\"95\" \/><\/a><a href=\"http:\/\/semndecarte.metarsis.ro\/wp-content\/uploads\/2011\/05\/27052011321.jpg\" rel=\"lightbox[5325]\"><img loading=\"lazy\" class=\"alignleft size-thumbnail wp-image-5329\" title=\"Clubul discu\u0163iilor interesante\" src=\"http:\/\/semndecarte.metarsis.ro\/wp-content\/uploads\/2011\/05\/27052011321-95x95.jpg\" alt=\"\" width=\"95\" height=\"95\" \/><\/a><a href=\"http:\/\/semndecarte.metarsis.ro\/wp-content\/uploads\/2011\/05\/27052011322.jpg\" rel=\"lightbox[5325]\"><img loading=\"lazy\" class=\"alignleft size-thumbnail wp-image-5330\" title=\"Clubul discu\u0163iilor interesante\" src=\"http:\/\/semndecarte.metarsis.ro\/wp-content\/uploads\/2011\/05\/27052011322-95x95.jpg\" alt=\"\" width=\"95\" height=\"95\" \/><\/a><a href=\"http:\/\/semndecarte.metarsis.ro\/wp-content\/uploads\/2011\/05\/27052011324.jpg\" rel=\"lightbox[5325]\"><img loading=\"lazy\" class=\"alignleft size-thumbnail wp-image-5331\" title=\"Clubul discu\u0163iilor interesante\" src=\"http:\/\/semndecarte.metarsis.ro\/wp-content\/uploads\/2011\/05\/27052011324-95x95.jpg\" alt=\"\" width=\"95\" height=\"95\" \/><\/a><\/p>\n<p>\n<object classid=\"clsid:d27cdb6e-ae6d-11cf-96b8-444553540000\" width=\"520\" height=\"428\" codebase=\"http:\/\/download.macromedia.com\/pub\/shockwave\/cabs\/flash\/swflash.cab#version=6,0,40,0\"><param name=\"play\" value=\"false\" \/><param name=\"loop\" value=\"false\" \/><param name=\"salign\" value=\"l\" \/><param name=\"src\" value=\"http:\/\/www.youtube.com\/v\/JSyRjMsC-bw&amp;rel=0\" \/><param name=\"align\" value=\"left\" \/><embed type=\"application\/x-shockwave-flash\" width=\"520\" height=\"428\" src=\"http:\/\/www.youtube.com\/v\/JSyRjMsC-bw&amp;rel=0\" align=\"left\" salign=\"l\" loop=\"false\" play=\"false\"><\/embed><\/object><\/p>\n","protected":false},"excerpt":{"rendered":"<p>Libr\u0103ria \u201eSemn de carte\u201d a g\u0103zduit vineri, 27 mai, dezbaterea despre opera \u015fi via\u0163a poetului Alexandru Macedonski, \u00een organizarea Clubului Discu\u0163iilor Interesante, pornind de la referatul profesorului Daniel Laz\u0103r, cu titlul: \u201eStudiu de caz \u2013 Alexandru Macedonski\u201d.<\/p>\n","protected":false},"author":1,"featured_media":0,"comment_status":"open","ping_status":"open","sticky":false,"template":"","format":"standard","meta":[],"categories":[6,7],"tags":[326,328],"_links":{"self":[{"href":"https:\/\/semndecarte.metarsis.ro\/index.php?rest_route=\/wp\/v2\/posts\/5325"}],"collection":[{"href":"https:\/\/semndecarte.metarsis.ro\/index.php?rest_route=\/wp\/v2\/posts"}],"about":[{"href":"https:\/\/semndecarte.metarsis.ro\/index.php?rest_route=\/wp\/v2\/types\/post"}],"author":[{"embeddable":true,"href":"https:\/\/semndecarte.metarsis.ro\/index.php?rest_route=\/wp\/v2\/users\/1"}],"replies":[{"embeddable":true,"href":"https:\/\/semndecarte.metarsis.ro\/index.php?rest_route=%2Fwp%2Fv2%2Fcomments&post=5325"}],"version-history":[{"count":0,"href":"https:\/\/semndecarte.metarsis.ro\/index.php?rest_route=\/wp\/v2\/posts\/5325\/revisions"}],"wp:attachment":[{"href":"https:\/\/semndecarte.metarsis.ro\/index.php?rest_route=%2Fwp%2Fv2%2Fmedia&parent=5325"}],"wp:term":[{"taxonomy":"category","embeddable":true,"href":"https:\/\/semndecarte.metarsis.ro\/index.php?rest_route=%2Fwp%2Fv2%2Fcategories&post=5325"},{"taxonomy":"post_tag","embeddable":true,"href":"https:\/\/semndecarte.metarsis.ro\/index.php?rest_route=%2Fwp%2Fv2%2Ftags&post=5325"}],"curies":[{"name":"wp","href":"https:\/\/api.w.org\/{rel}","templated":true}]}}