{"id":5312,"date":"2011-05-26T21:14:32","date_gmt":"2011-05-26T19:14:32","guid":{"rendered":"http:\/\/semndecarte.metarsis.ro\/?p=5312"},"modified":"2011-05-27T21:00:32","modified_gmt":"2011-05-27T19:00:32","slug":"cum-se-face-muzica-iv","status":"publish","type":"post","link":"https:\/\/semndecarte.metarsis.ro\/?p=5312","title":{"rendered":"Cum se face muzica &#8211; IV"},"content":{"rendered":"<p style=\"text-align: justify;\">Al patrulea concert din seria \u201cCum se face muzica\u201d organizat de Metarsis prin libr\u0103ria Semn de Carte din Re\u015fi\u0163a \u00eempreun\u0103 cu Studioul Regional Radio Re\u015fi\u0163a \u015fi Filarmonica Banatul din Timi\u015foara a avut \u00a0loc joi 26 mai 2011 la Sala Lira a Liceului de Art\u0103 Sabin P\u0103u\u0163a din Re\u015fi\u0163a.<!--more--><\/p>\n<p style=\"text-align: justify;\">Au fost \u00a0prezentate instrumentele de coarde prin ciupire sau lovire, \u00eent\u00e2lnirea fiind moderat\u0103 de prof. Maria Dragomirescu.<\/p>\n<p style=\"text-align: justify;\">Ne-am \u00eent\u00e2lnit cu Sorin Petrescu \u2013 pian, Mihaela Faur &#8211; harp\u0103 \u015fi Alexandru Cena &#8211; chitar\u0103.<\/p>\n<p style=\"text-align: justify;\"><a href=\"http:\/\/semndecarte.metarsis.ro\/wp-content\/uploads\/2011\/05\/3.jpg\" rel=\"lightbox[5312]\"><img loading=\"lazy\" class=\"alignleft size-thumbnail wp-image-5315\" title=\"Cum se face muzica - concert educativ\" src=\"http:\/\/semndecarte.metarsis.ro\/wp-content\/uploads\/2011\/05\/3-95x95.jpg\" alt=\"\" width=\"95\" height=\"95\" \/><\/a><a href=\"http:\/\/semndecarte.metarsis.ro\/wp-content\/uploads\/2011\/05\/2.jpg\" rel=\"lightbox[5312]\"><img loading=\"lazy\" class=\"alignleft size-thumbnail wp-image-5314\" title=\"Sorin Petrescu - pian\" src=\"http:\/\/semndecarte.metarsis.ro\/wp-content\/uploads\/2011\/05\/2-95x95.jpg\" alt=\"\" width=\"95\" height=\"95\" \/><\/a><a href=\"http:\/\/semndecarte.metarsis.ro\/wp-content\/uploads\/2011\/05\/Concert-educativ_004.jpg\" rel=\"lightbox[5312]\"><img loading=\"lazy\" class=\"alignleft size-thumbnail wp-image-5316\" title=\"Alexandru Cena - chitara\" src=\"http:\/\/semndecarte.metarsis.ro\/wp-content\/uploads\/2011\/05\/Concert-educativ_004-95x95.jpg\" alt=\"\" width=\"95\" height=\"95\" \/><\/a><a href=\"http:\/\/semndecarte.metarsis.ro\/wp-content\/uploads\/2011\/05\/1.jpg\" rel=\"lightbox[5312]\"><img loading=\"lazy\" class=\"alignleft size-thumbnail wp-image-5313\" title=\"Cum se face muzica - concert educativ\" src=\"http:\/\/semndecarte.metarsis.ro\/wp-content\/uploads\/2011\/05\/1-95x95.jpg\" alt=\"\" width=\"95\" height=\"95\" \/><\/a><a href=\"http:\/\/semndecarte.metarsis.ro\/wp-content\/uploads\/2011\/05\/Concert-educativ_006.jpg\" rel=\"lightbox[5312]\"><img loading=\"lazy\" class=\"alignleft size-thumbnail wp-image-5318\" title=\"Cum se face muzica - concert educativ\" src=\"http:\/\/semndecarte.metarsis.ro\/wp-content\/uploads\/2011\/05\/Concert-educativ_006-95x95.jpg\" alt=\"\" width=\"95\" height=\"95\" \/><\/a><a href=\"http:\/\/semndecarte.metarsis.ro\/wp-content\/uploads\/2011\/05\/IMG_1547.jpg\" rel=\"lightbox[5312]\"><img loading=\"lazy\" class=\"alignleft size-thumbnail wp-image-5320\" title=\"Mihaela Faur\" src=\"http:\/\/semndecarte.metarsis.ro\/wp-content\/uploads\/2011\/05\/IMG_1547-95x95.jpg\" alt=\"\" width=\"95\" height=\"95\" \/><\/a><a href=\"http:\/\/semndecarte.metarsis.ro\/wp-content\/uploads\/2011\/05\/Concert-educativ_007.jpg\" rel=\"lightbox[5312]\"><img loading=\"lazy\" class=\"alignleft size-thumbnail wp-image-5319\" title=\"Sorin Petrescu\" src=\"http:\/\/semndecarte.metarsis.ro\/wp-content\/uploads\/2011\/05\/Concert-educativ_007-95x95.jpg\" alt=\"\" width=\"95\" height=\"95\" \/><\/a> <a href=\"http:\/\/semndecarte.metarsis.ro\/wp-content\/uploads\/2011\/05\/IMG_1561.jpg\" rel=\"lightbox[5312]\"><img loading=\"lazy\" class=\"alignleft size-thumbnail wp-image-5321\" title=\"Alexandru Cena\" src=\"http:\/\/semndecarte.metarsis.ro\/wp-content\/uploads\/2011\/05\/IMG_1561-95x95.jpg\" alt=\"\" width=\"95\" height=\"95\" \/><\/a><a href=\"http:\/\/semndecarte.metarsis.ro\/wp-content\/uploads\/2011\/05\/IMG_1534.jpg\" rel=\"lightbox[5312]\"><img loading=\"lazy\" class=\"alignleft size-thumbnail wp-image-5322\" title=\"Mihaela Faur\" src=\"http:\/\/semndecarte.metarsis.ro\/wp-content\/uploads\/2011\/05\/IMG_1534-95x95.jpg\" alt=\"\" width=\"95\" height=\"95\" \/><\/a><a href=\"http:\/\/semndecarte.metarsis.ro\/wp-content\/uploads\/2011\/05\/4.jpg\" rel=\"lightbox[5312]\"><img loading=\"lazy\" class=\"alignleft size-thumbnail wp-image-5317\" title=\"Alexandru Cena - chitara, Mihaela Faur - harpa, Sorin Petrescu - pian, Maria Dragomirescu - moderator\" src=\"http:\/\/semndecarte.metarsis.ro\/wp-content\/uploads\/2011\/05\/4-95x95.jpg\" alt=\"\" width=\"95\" height=\"95\" \/><\/a><\/p>\n<p><a href=\"http:\/\/semndecarte.metarsis.ro\/wp-content\/uploads\/2011\/05\/Concert-educativ_007.jpg\" rel=\"lightbox[5312]\"> <\/a><\/p>\n<p><a href=\"http:\/\/semndecarte.metarsis.ro\/wp-content\/uploads\/2011\/05\/Concert-educativ_007.jpg\" rel=\"lightbox[5312]\"><\/a><\/p>\n<p><a href=\"http:\/\/semndecarte.metarsis.ro\/wp-content\/uploads\/2011\/05\/Concert-educativ_007.jpg\" rel=\"lightbox[5312]\"> <\/a><\/p>\n<p><a href=\"http:\/\/semndecarte.metarsis.ro\/wp-content\/uploads\/2011\/05\/Concert-educativ_007.jpg\" rel=\"lightbox[5312]\"><\/a><\/p>\n<p><a href=\"http:\/\/semndecarte.metarsis.ro\/wp-content\/uploads\/2011\/05\/Concert-educativ_007.jpg\" rel=\"lightbox[5312]\"><\/a><\/p>\n<p><a href=\"http:\/\/semndecarte.metarsis.ro\/wp-content\/uploads\/2011\/05\/Concert-educativ_007.jpg\" rel=\"lightbox[5312]\"><\/a><\/p>\n<p>\n<object classid=\"clsid:d27cdb6e-ae6d-11cf-96b8-444553540000\" width=\"520\" height=\"350\" codebase=\"http:\/\/download.macromedia.com\/pub\/shockwave\/cabs\/flash\/swflash.cab#version=6,0,40,0\"><param name=\"play\" value=\"false\" \/><param name=\"loop\" value=\"false\" \/><param name=\"salign\" value=\"l\" \/><param name=\"src\" value=\"http:\/\/www.youtube.com\/v\/l27hFtjDh2g&amp;rel=0\" \/><param name=\"align\" value=\"left\" \/><embed type=\"application\/x-shockwave-flash\" width=\"520\" height=\"350\" src=\"http:\/\/www.youtube.com\/v\/l27hFtjDh2g&amp;rel=0\" align=\"left\" salign=\"l\" loop=\"false\" play=\"false\"><\/embed><\/object>\n<\/p>\n<p><br class=\"spacer_\" \/><\/p>\n<p><a href=\"http:\/\/semndecarte.metarsis.ro\/wp-content\/uploads\/2011\/05\/Concert-educativ_007.jpg\" rel=\"lightbox[5312]\"><\/a><\/p>\n<p><a href=\"http:\/\/semndecarte.metarsis.ro\/wp-content\/uploads\/2011\/05\/Concert-educativ_007.jpg\" rel=\"lightbox[5312]\"> <\/a><\/p>\n<p><a href=\"http:\/\/semndecarte.metarsis.ro\/wp-content\/uploads\/2011\/05\/Concert-educativ_007.jpg\" rel=\"lightbox[5312]\"> <\/a><\/p>\n<p><a href=\"http:\/\/semndecarte.metarsis.ro\/wp-content\/uploads\/2011\/05\/Concert-educativ_007.jpg\" rel=\"lightbox[5312]\"> <\/a><\/p>\n","protected":false},"excerpt":{"rendered":"<p>Al patrulea concert din seria \u201cCum se face muzica\u201d organizat de Metarsis prin libr\u0103ria Semn de Carte din Re\u015fi\u0163a \u00eempreun\u0103 cu Studioul Regional Radio Re\u015fi\u0163a \u015fi Filarmonica Banatul din Timi\u015foara a avut  loc joi 26 mai 2011 la Sala Lira a Liceului de Art\u0103 Sabin P\u0103u\u0163a din Re\u015fi\u0163a.<\/p>\n","protected":false},"author":1,"featured_media":0,"comment_status":"open","ping_status":"open","sticky":false,"template":"","format":"standard","meta":[],"categories":[6,7],"tags":[308,82,234],"_links":{"self":[{"href":"https:\/\/semndecarte.metarsis.ro\/index.php?rest_route=\/wp\/v2\/posts\/5312"}],"collection":[{"href":"https:\/\/semndecarte.metarsis.ro\/index.php?rest_route=\/wp\/v2\/posts"}],"about":[{"href":"https:\/\/semndecarte.metarsis.ro\/index.php?rest_route=\/wp\/v2\/types\/post"}],"author":[{"embeddable":true,"href":"https:\/\/semndecarte.metarsis.ro\/index.php?rest_route=\/wp\/v2\/users\/1"}],"replies":[{"embeddable":true,"href":"https:\/\/semndecarte.metarsis.ro\/index.php?rest_route=%2Fwp%2Fv2%2Fcomments&post=5312"}],"version-history":[{"count":0,"href":"https:\/\/semndecarte.metarsis.ro\/index.php?rest_route=\/wp\/v2\/posts\/5312\/revisions"}],"wp:attachment":[{"href":"https:\/\/semndecarte.metarsis.ro\/index.php?rest_route=%2Fwp%2Fv2%2Fmedia&parent=5312"}],"wp:term":[{"taxonomy":"category","embeddable":true,"href":"https:\/\/semndecarte.metarsis.ro\/index.php?rest_route=%2Fwp%2Fv2%2Fcategories&post=5312"},{"taxonomy":"post_tag","embeddable":true,"href":"https:\/\/semndecarte.metarsis.ro\/index.php?rest_route=%2Fwp%2Fv2%2Ftags&post=5312"}],"curies":[{"name":"wp","href":"https:\/\/api.w.org\/{rel}","templated":true}]}}