{"id":5306,"date":"2011-05-25T20:02:00","date_gmt":"2011-05-25T18:02:00","guid":{"rendered":"http:\/\/semndecarte.metarsis.ro\/?p=5306"},"modified":"2011-05-25T20:02:00","modified_gmt":"2011-05-25T18:02:00","slug":"cerc-literar","status":"publish","type":"post","link":"https:\/\/semndecarte.metarsis.ro\/?p=5306","title":{"rendered":"Cerc literar"},"content":{"rendered":"<p style=\"text-align: justify;\">Mar\u0163i, 24 mai 2001, de la orele 17:30, s-a desf\u0103\u015furat la Libr\u0103ria Semn de Carte \u00eent\u00e2lnirea Cercului literar \u201eLucian Blaga\u201d, al Grupului \u015ecolar de Construc\u0163ii-Montaj, Re\u015fi\u0163a, prezidat\u0103 de doamnele prof. Iudit Szabo \u015fi Ramona Ober\u015fterescu.<!--more--><\/p>\n<p style=\"text-align: justify;\">Cercul literar a fost ini\u0163iat \u00een octombrie 2009 \u015fi este coordonat de d-na prof. Iudit Szabo, av\u00e2nd ca \u015fi colaboratori permanen\u0163i pe d-nii prof. Ramona Ober\u015fterescu \u015fi Ovidiu Dumitrescu. Motivul care i-a adus pe ace\u015fti domni profesori \u015fi pe elevii lor \u00eempreun\u0103 a fost dorin\u0163a de a-i familiariza pe elevi cu literatura, cu arta \u00een general, dar mai ales \u00eencercarea de a-i face s\u0103-\u015fi dep\u0103\u015feasc\u0103 barierele impuse de societate \u015fi etichetele negative datorate faptului c\u0103 studiaz\u0103 la un liceu tehnic. \u015ei, dup\u0103 doi ani, at\u00e2t profesorii c\u00e2t \u015fi elevii sus\u0163in c\u0103 scopul a fost atins, dragostea pentru poezie, pentru art\u0103, dar \u015fi capacit\u0103\u0163ile de comunicare \u015fi de axprimare a propriilor tr\u0103iri \u015fi sentimente cresc\u00e2nd de la o \u00eent\u00e2lnire la alta.<\/p>\n<p style=\"text-align: justify;\">La \u00eentalnirea de mar\u0163i s-a lansat \u015fi un volum de culegeri de texte, \u00een proz\u0103 \u015fi \u00een versuri, prezentate de profesori \u015fi de elevi de-a lungul anilor \u00een cadrul Cercului literar. Elevii au citit c\u00e2teva poezii compuse de ei, au urm\u0103rit un album foto digital al \u00eent\u00e2lnirilor cercului, c\u00e2t \u015fi film\u0103ri ale unor momente memorabile din cadrul acestor \u00eent\u00e2lniri. \u015ei, nu \u00een ultimul r\u00e2nd, au schimbat opinii \u015fi impresii despre ceea ce s-a petrecut \u00een ultimii doi ani.<\/p>\n<p style=\"text-align: justify;\">Concluziile care s-au desprins au fost pozitive, elevii manifest\u00e2ndu-\u015fi dorin\u0163a de a continua tradi\u0163ia Cercului literar, chiar \u015fi cei care vor termina anul acesta clasa a XII-a, ace\u015ftia dorind \u00een mod special sa fie invita\u0163i mai departe la aceste \u00eent\u00e2lniri. Bucuria, voia bun\u0103, dar \u015fi melancolia li se citea \u00een glasuri \u015fi priviri, toate acestea oferindu-le doamnelor profesoare satisfac\u0163iile \u015fi mul\u0163umirea at\u00e2t de meritate pentru munca \u015fi d\u0103ruirea lor.<\/p>\n<p style=\"text-align: justify;\">La finalul \u00eent\u00e2lnirii d-na prof. Iudit Szabo a prezentat \u015fi o mic\u0103 enciclopedie ilustrat\u0103 a miturilor, realizat\u0103 de dumneaei, \u00een colaborare cu editura Neutrino, \u00een care sunt prezentate unele dintre cele mai importante personaje mitologice, multe dintre ele apar\u00e2nd \u00een textele studiate la clas\u0103: sirena, unicornul, androginul, zbur\u0103torul, etc. Prezentarea a fost \u00eenso\u0163it\u0103 de un material realizat \u00een Power Point, profesoara discut\u00e2nd cu elevii despre c\u00e2teva fiin\u0163e fantastice prezentate. (prof. Iudit Szabo)<\/p>\n<p style=\"text-align: justify;\"><a href=\"http:\/\/semndecarte.metarsis.ro\/wp-content\/uploads\/2011\/05\/IMG_8182.jpg\" rel=\"lightbox[5306]\"><img loading=\"lazy\" class=\"alignleft size-thumbnail wp-image-5307\" title=\"Cercul literar &quot;Lucian Blaga&quot; al Grupului \u015ecolar Construc\u0163ii-Montaj Re\u015fi\u0163a\" src=\"http:\/\/semndecarte.metarsis.ro\/wp-content\/uploads\/2011\/05\/IMG_8182-95x95.jpg\" alt=\"\" width=\"95\" height=\"95\" \/><\/a><a href=\"http:\/\/semndecarte.metarsis.ro\/wp-content\/uploads\/2011\/05\/IMG_8242.jpg\" rel=\"lightbox[5306]\"><img loading=\"lazy\" class=\"alignleft size-thumbnail wp-image-5308\" title=\"Cercul literar &quot;Lucian Blaga&quot; al Grupului \u015ecolar Construc\u0163ii-Montaj Re\u015fi\u0163a\" src=\"http:\/\/semndecarte.metarsis.ro\/wp-content\/uploads\/2011\/05\/IMG_8242-95x95.jpg\" alt=\"\" width=\"95\" height=\"95\" \/><\/a><a href=\"http:\/\/semndecarte.metarsis.ro\/wp-content\/uploads\/2011\/05\/IMG_8243.jpg\" rel=\"lightbox[5306]\"><img loading=\"lazy\" class=\"alignleft size-thumbnail wp-image-5309\" title=\"Cercul literar &quot;Lucian Blaga&quot; al Grupului \u015ecolar Construc\u0163ii-Montaj Re\u015fi\u0163a\" src=\"http:\/\/semndecarte.metarsis.ro\/wp-content\/uploads\/2011\/05\/IMG_8243-95x95.jpg\" alt=\"\" width=\"95\" height=\"95\" \/><\/a><a href=\"http:\/\/semndecarte.metarsis.ro\/wp-content\/uploads\/2011\/05\/IMG_8244.jpg\" rel=\"lightbox[5306]\"><img loading=\"lazy\" class=\"alignleft size-thumbnail wp-image-5310\" title=\"Cercul literar &quot;Lucian Blaga&quot; al Grupului \u015ecolar Construc\u0163ii-Montaj Re\u015fi\u0163a\" src=\"http:\/\/semndecarte.metarsis.ro\/wp-content\/uploads\/2011\/05\/IMG_8244-95x95.jpg\" alt=\"\" width=\"95\" height=\"95\" \/><\/a><a href=\"http:\/\/semndecarte.metarsis.ro\/wp-content\/uploads\/2011\/05\/IMG_8262.jpg\" rel=\"lightbox[5306]\"><img loading=\"lazy\" class=\"alignleft size-thumbnail wp-image-5311\" title=\"Cercul literar &quot;Lucian Blaga&quot; al Grupului \u015ecolar Construc\u0163ii-Montaj Re\u015fi\u0163a\" src=\"http:\/\/semndecarte.metarsis.ro\/wp-content\/uploads\/2011\/05\/IMG_8262-95x95.jpg\" alt=\"\" width=\"95\" height=\"95\" \/><\/a><\/p>\n<p>\n<object classid=\"clsid:d27cdb6e-ae6d-11cf-96b8-444553540000\" width=\"255\" height=\"210\" codebase=\"http:\/\/download.macromedia.com\/pub\/shockwave\/cabs\/flash\/swflash.cab#version=6,0,40,0\"><param name=\"play\" value=\"false\" \/><param name=\"loop\" value=\"false\" \/><param name=\"salign\" value=\"l\" \/><param name=\"src\" value=\"http:\/\/www.youtube.com\/v\/htKvqBBBDnY&amp;rel=0\" \/><param name=\"align\" value=\"left\" \/><embed type=\"application\/x-shockwave-flash\" width=\"255\" height=\"210\" src=\"http:\/\/www.youtube.com\/v\/htKvqBBBDnY&amp;rel=0\" align=\"left\" salign=\"l\" loop=\"false\" play=\"false\"><\/embed><\/object>\n<\/p>\n<p>\n<object classid=\"clsid:d27cdb6e-ae6d-11cf-96b8-444553540000\" width=\"255\" height=\"210\" codebase=\"http:\/\/download.macromedia.com\/pub\/shockwave\/cabs\/flash\/swflash.cab#version=6,0,40,0\"><param name=\"play\" value=\"false\" \/><param name=\"loop\" value=\"false\" \/><param name=\"salign\" value=\"l\" \/><param name=\"src\" value=\"http:\/\/www.youtube.com\/v\/pmilGLwPThs&amp;rel=0\" \/><param name=\"align\" value=\"left\" \/><embed type=\"application\/x-shockwave-flash\" width=\"255\" height=\"210\" src=\"http:\/\/www.youtube.com\/v\/pmilGLwPThs&amp;rel=0\" align=\"left\" salign=\"l\" loop=\"false\" play=\"false\"><\/embed><\/object><\/p>\n","protected":false},"excerpt":{"rendered":"<p>Mar\u0163i, 24 mai 2001, de la orele 17:30, s-a desf\u0103\u015furat la Libr\u0103ria Semn de Carte \u00eent\u00e2lnirea Cercului literar \u201eLucian Blaga\u201d, al Grupului \u015ecolar de Construc\u0163ii-Montaj, Re\u015fi\u0163a, prezidat\u0103 de doamnele prof. Iudit Szabo \u015fi Ramona Ober\u015fterescu.<\/p>\n","protected":false},"author":1,"featured_media":0,"comment_status":"open","ping_status":"open","sticky":false,"template":"","format":"standard","meta":[],"categories":[6,7],"tags":[329,278],"_links":{"self":[{"href":"https:\/\/semndecarte.metarsis.ro\/index.php?rest_route=\/wp\/v2\/posts\/5306"}],"collection":[{"href":"https:\/\/semndecarte.metarsis.ro\/index.php?rest_route=\/wp\/v2\/posts"}],"about":[{"href":"https:\/\/semndecarte.metarsis.ro\/index.php?rest_route=\/wp\/v2\/types\/post"}],"author":[{"embeddable":true,"href":"https:\/\/semndecarte.metarsis.ro\/index.php?rest_route=\/wp\/v2\/users\/1"}],"replies":[{"embeddable":true,"href":"https:\/\/semndecarte.metarsis.ro\/index.php?rest_route=%2Fwp%2Fv2%2Fcomments&post=5306"}],"version-history":[{"count":0,"href":"https:\/\/semndecarte.metarsis.ro\/index.php?rest_route=\/wp\/v2\/posts\/5306\/revisions"}],"wp:attachment":[{"href":"https:\/\/semndecarte.metarsis.ro\/index.php?rest_route=%2Fwp%2Fv2%2Fmedia&parent=5306"}],"wp:term":[{"taxonomy":"category","embeddable":true,"href":"https:\/\/semndecarte.metarsis.ro\/index.php?rest_route=%2Fwp%2Fv2%2Fcategories&post=5306"},{"taxonomy":"post_tag","embeddable":true,"href":"https:\/\/semndecarte.metarsis.ro\/index.php?rest_route=%2Fwp%2Fv2%2Ftags&post=5306"}],"curies":[{"name":"wp","href":"https:\/\/api.w.org\/{rel}","templated":true}]}}