{"id":5287,"date":"2011-05-22T22:41:05","date_gmt":"2011-05-22T20:41:05","guid":{"rendered":"http:\/\/semndecarte.metarsis.ro\/?p=5287"},"modified":"2011-05-22T22:41:05","modified_gmt":"2011-05-22T20:41:05","slug":"prezentare-de-carte","status":"publish","type":"post","link":"https:\/\/semndecarte.metarsis.ro\/?p=5287","title":{"rendered":"Prezentare de carte"},"content":{"rendered":"<p style=\"text-align: justify;\">Pentru prima oar\u0103 la Re\u015fi\u0163a (joi, 19 mai 2011) &#8211; jurnalistul, scriitorul \u015fi art &#8211; promoterul Eugen Cojocaru a fost prezent joi seara la libr\u0103ria Semn de Carte. Despre volumele \u201cIsus\u201d \u015fi \u201c Fa\u0163a nevazut\u0103 a lunii\u201d au vorbit dr. Ada Cruceanu, dr. Liubi\u0163a Raichici \u015fi preot Petru Berbentia. <!--more-->\u00centr-un cadru \u00eennobilat de pictura pe sticl\u0103 a lui Tomi Radcu \u015fi sunetele trioului format din prof. Zenaida V\u00eerd\u0103u \u2013 oboi, prof. Andreea Martin &#8211; oboi \u015fi prof. Lucia Ghilea &#8211; pian interpret\u00e2nd lucr\u0103ri de la preclasic la modern, \u00een prezen\u0163a unui public numeros format din elevi, studen\u0163i, profesori, oameni de cultur\u0103 \u015fi iubitori de literatur\u0103, al\u0103turi de al\u0163i arti\u015fti b\u0103n\u0103\u0163eni din diaspora rom\u00e2neasc\u0103 : actri\u0163a Lelia Columb (Canada) , sculptorul \u015fi scriitorul Bata Marianov (Germania), pictorul \u015fi poetul Emilian (Papi) Ro\u015fculescu (Germania), jurnalistul \u015fi scriitorul Eugen Cojocaru \u2013 stabilit din 1990 la Stuttgart (Germania) &#8211; format la \u015ecoala de la Cluj &#8211; \u015fi-a prezentat lucr\u0103rile \u015fi \u015fi-a f\u0103cut noi prieteni \u00eenc\u00e2ntat s\u0103 cunoasc\u0103 lume nou\u0103 \u015fi mediul creator al Banatului de Munte. Volumele \u201cIsus\u201d, \u201cFa\u0163a nevazut\u0103 a lunii\u201d, \u201cPlimbare pe tai\u015ful g\u00e2ndului\u201d. \u201cRom\u00e2nia &#8211; \u015focul viitorului\u201d, edi\u0163ia trilingv\u0103 &#8211; rom\u00e2n\u0103, englez\u0103, francez\u0103- a piesei de teatru \u201cThe Windoors &#8211; And I kissed the heaven too\u201c semnate Eugen Cojocaru se g\u0103sesc pe rafturile libr\u0103riei Semn de Carte \u015fi promite s\u0103 revin\u0103, c\u00e2t mai cur\u00e2nd.<\/p>\n<p style=\"text-align: justify;\"><img loading=\"lazy\" class=\"alignleft size-thumbnail wp-image-5291\" title=\"Prezentare de carte\" src=\"http:\/\/semndecarte.metarsis.ro\/wp-content\/uploads\/2011\/05\/targ-de-carte-1_017-95x95.jpg\" alt=\"\" width=\"95\" height=\"95\" \/><img loading=\"lazy\" class=\"alignleft size-thumbnail wp-image-5289\" title=\"Prezentare de carte\" src=\"http:\/\/semndecarte.metarsis.ro\/wp-content\/uploads\/2011\/05\/targ-de-carte-1_013-95x95.jpg\" alt=\"\" width=\"95\" height=\"95\" \/><img loading=\"lazy\" class=\"alignleft size-thumbnail wp-image-5288\" title=\"Prezentare de carte\" src=\"http:\/\/semndecarte.metarsis.ro\/wp-content\/uploads\/2011\/05\/targ-de-carte-1_012-95x95.jpg\" alt=\"\" width=\"95\" height=\"95\" \/><img loading=\"lazy\" class=\"alignleft size-thumbnail wp-image-5290\" title=\"Prezentare de carte\" src=\"http:\/\/semndecarte.metarsis.ro\/wp-content\/uploads\/2011\/05\/targ-de-carte-1_014-95x95.jpg\" alt=\"\" width=\"95\" height=\"95\" \/><img loading=\"lazy\" class=\"alignleft size-thumbnail wp-image-5292\" title=\"Prezentare de carte\" src=\"http:\/\/semndecarte.metarsis.ro\/wp-content\/uploads\/2011\/05\/targ-de-carte-1_020-95x95.jpg\" alt=\"\" width=\"95\" height=\"95\" \/><img loading=\"lazy\" class=\"alignleft size-thumbnail wp-image-5293\" title=\"Preot Petru Berbentia\" src=\"http:\/\/semndecarte.metarsis.ro\/wp-content\/uploads\/2011\/05\/targ-de-carte-1_021-95x95.jpg\" alt=\"\" width=\"95\" height=\"95\" \/><img loading=\"lazy\" class=\"alignleft size-thumbnail wp-image-5297\" title=\"Actri\u0163a Lelia Columb\" src=\"http:\/\/semndecarte.metarsis.ro\/wp-content\/uploads\/2011\/05\/targ-de-carte-1_027-95x95.jpg\" alt=\"\" width=\"95\" height=\"95\" \/><img loading=\"lazy\" class=\"alignleft size-thumbnail wp-image-5294\" title=\"Prof Iudit Szabo, Emilian-Papi Ro\u015fculescu\" src=\"http:\/\/semndecarte.metarsis.ro\/wp-content\/uploads\/2011\/05\/targ-de-carte-1_023-95x95.jpg\" alt=\"\" width=\"95\" height=\"95\" \/><img loading=\"lazy\" class=\"alignleft size-thumbnail wp-image-5296\" title=\"Bata Marianov, Eugen Cojocaru\" src=\"http:\/\/semndecarte.metarsis.ro\/wp-content\/uploads\/2011\/05\/targ-de-carte-1_047-95x95.jpg\" alt=\"\" width=\"95\" height=\"95\" \/><img loading=\"lazy\" class=\"alignleft size-thumbnail wp-image-5295\" title=\"Prof. Andreea Martin, prof. Zenaida V\u00eerd\u0103u, prof Lucia Ghilea\" src=\"http:\/\/semndecarte.metarsis.ro\/wp-content\/uploads\/2011\/05\/targ-de-carte-1_040-95x95.jpg\" alt=\"\" width=\"95\" height=\"95\" \/><\/p>\n<p>\n<object classid=\"clsid:d27cdb6e-ae6d-11cf-96b8-444553540000\" width=\"255\" height=\"210\" codebase=\"http:\/\/download.macromedia.com\/pub\/shockwave\/cabs\/flash\/swflash.cab#version=6,0,40,0\"><param name=\"play\" value=\"false\" \/><param name=\"loop\" value=\"false\" \/><param name=\"salign\" value=\"l\" \/><param name=\"src\" value=\"http:\/\/www.youtube.com\/v\/pi0W33vuAo4&amp;rel=0\" \/><param name=\"align\" value=\"left\" \/><embed type=\"application\/x-shockwave-flash\" width=\"255\" height=\"210\" src=\"http:\/\/www.youtube.com\/v\/pi0W33vuAo4&amp;rel=0\" align=\"left\" salign=\"l\" loop=\"false\" play=\"false\"><\/embed><\/object><br \/>\n<\/p>\n<p><object classid=\"clsid:d27cdb6e-ae6d-11cf-96b8-444553540000\" width=\"255\" height=\"210\" codebase=\"http:\/\/download.macromedia.com\/pub\/shockwave\/cabs\/flash\/swflash.cab#version=6,0,40,0\"><param name=\"play\" value=\"false\" \/><param name=\"loop\" value=\"false\" \/><param name=\"salign\" value=\"l\" \/><param name=\"src\" value=\"http:\/\/www.youtube.com\/v\/BbtOJp9peRo&amp;rel=0\" \/><param name=\"align\" value=\"left\" \/><embed type=\"application\/x-shockwave-flash\" width=\"255\" height=\"210\" src=\"http:\/\/www.youtube.com\/v\/BbtOJp9peRo&amp;rel=0\" align=\"left\" salign=\"l\" loop=\"false\" play=\"false\"><\/embed><\/object><\/p>\n","protected":false},"excerpt":{"rendered":"<p>Pentru prima oar\u0103 la Re\u015fi\u0163a (joi, 19 mai 2011) &#8211; jurnalistul, scriitorul \u015fi art &#8211; promoterul Eugen Cojocaru a fost prezent joi seara la libr\u0103ria Semn de Carte. Despre volumele \u201cIsus\u201d \u015fi \u201c Fa\u0163a nevazut\u0103 a lunii\u201d au vorbit dr. Ada Cruceanu, dr. Liubi\u0163a Raichici \u015fi preot Petru Berbentia. <\/p>\n","protected":false},"author":1,"featured_media":0,"comment_status":"open","ping_status":"open","sticky":false,"template":"","format":"standard","meta":[],"categories":[6,7],"tags":[102,103],"_links":{"self":[{"href":"https:\/\/semndecarte.metarsis.ro\/index.php?rest_route=\/wp\/v2\/posts\/5287"}],"collection":[{"href":"https:\/\/semndecarte.metarsis.ro\/index.php?rest_route=\/wp\/v2\/posts"}],"about":[{"href":"https:\/\/semndecarte.metarsis.ro\/index.php?rest_route=\/wp\/v2\/types\/post"}],"author":[{"embeddable":true,"href":"https:\/\/semndecarte.metarsis.ro\/index.php?rest_route=\/wp\/v2\/users\/1"}],"replies":[{"embeddable":true,"href":"https:\/\/semndecarte.metarsis.ro\/index.php?rest_route=%2Fwp%2Fv2%2Fcomments&post=5287"}],"version-history":[{"count":0,"href":"https:\/\/semndecarte.metarsis.ro\/index.php?rest_route=\/wp\/v2\/posts\/5287\/revisions"}],"wp:attachment":[{"href":"https:\/\/semndecarte.metarsis.ro\/index.php?rest_route=%2Fwp%2Fv2%2Fmedia&parent=5287"}],"wp:term":[{"taxonomy":"category","embeddable":true,"href":"https:\/\/semndecarte.metarsis.ro\/index.php?rest_route=%2Fwp%2Fv2%2Fcategories&post=5287"},{"taxonomy":"post_tag","embeddable":true,"href":"https:\/\/semndecarte.metarsis.ro\/index.php?rest_route=%2Fwp%2Fv2%2Ftags&post=5287"}],"curies":[{"name":"wp","href":"https:\/\/api.w.org\/{rel}","templated":true}]}}