{"id":5263,"date":"2011-05-11T21:02:51","date_gmt":"2011-05-11T19:02:51","guid":{"rendered":"http:\/\/semndecarte.metarsis.ro\/?p=5263"},"modified":"2011-05-11T21:05:22","modified_gmt":"2011-05-11T19:05:22","slug":"sequoia-de-caras-si-orhideea-de-ciudanovita","status":"publish","type":"post","link":"https:\/\/semndecarte.metarsis.ro\/?p=5263","title":{"rendered":"Sequoia de Cara\u015f \u015fi semenica"},"content":{"rendered":"<p><strong>Prietenii mun\u0163ilor &#8211; Mai 2011<\/strong><\/p>\n<p style=\"text-align: justify;\">Asear\u0103, la\u00a0 libr\u0103ria Semn de Carte din Re\u015fi\u0163a membii Asocia\u0163iei Prietenii Mun\u0163ilor s-au \u00eent\u00e2lnit cu iubitorii de excursii, de natur\u0103 , cu adep\u0163ii unui stil de via\u0163\u0103 s\u0103n\u0103tos. Sec\u0163iunea \u201cDrume\u0163ie\u201d din cadrul Asocia\u0163iei, prin decanul de v\u00e2rst\u0103, cel ce conduce grupul \u015fi stabile\u015fte traseele duminicale ale participan\u0163ilor la drume\u0163ie \u2013 Ioan Adamek ne-a oferit un regal de diapozitive proprii realizate \u00een excursiile din anii 1996 \u015fi 1997. <!--more-->De origine german\u0103, Ioan Adamek, meticulos \u015fi extrem de bine organizat, cu diapozitivele datate, p\u0103strate \u015fi ordonate \u201cca la neam\u0163 \u00een \u015fpais (c\u0103mar\u0103)\u201d \u2013 nu degeaba circula aceast\u0103 vorb\u0103 \u00een Banat &#8211; ne-a \u201cdrume\u0163it\u201d pe trasee din Banatul Montan prea bine cunoscute, b\u0103tute \u201cla pas\u201d, vara \u015fi iarna, pe soare, ploaie \u015fi ninsoare. Am plecat din Re\u015fi\u0163a din Driglov\u0103\u0163, am str\u0103b\u0103tut Ponorul \u015fi-am fost pe Ghica, ne-am oprit deasupra norilor pe dealul Ililici \u015fi-am privit \u00eenspre Anina, am fost pe Socolov\u0103\u0163, la barajele Breazova, Secu \u015fi Dognecea, la Ochiul Bei, lacul Dracului \u015fi cascadele Beu\u015fni\u0163a \u015fi \u015eu\u015fara, \u00een pe\u015ftera Comarnic \u015fi \u00een Prolas, la Cazane &#8211; pe Dun\u0103re, \u00een cheile Cara\u015fului \u015fi ale Nerei. Pentru unii poate sunt nume fara noim\u0103 dar \u00eei asigur c\u0103 \u00een momentul \u00een care vor p\u0103\u015fi doar \u00een unul dintre locurile men\u0163ionate numele li se va \u00eentip\u0103ri ad\u00e2nc \u00een minte \u015fi \u00een inim\u0103, Cara\u015f-Severinul fiind, realmente, un colt\u0163 de rai, binecuv\u00e2ntat cu\u00a0formele de relief varii, de la Dunare p\u00e2n\u0103 \u00een Mun\u0163ii Semenic. \u015ei am vazut \u00een sf\u00e2r\u015fit\u00a0 <em><em>semenica<\/em><\/em>, floarea ce seam\u0103n\u0103 izbitor cu floarea de col\u0163, \u015fi poate fi v\u0103zut\u0103 la poale de Semenic, pe dealurile G\u0103r\u00e2nei, am vazut orhideea de Ciudanovi\u0163a &#8211; unicat \u00een Europa cu cele trei forme denumite popular \u201calbina\u201d, \u201cmusca\u201d \u015fi \u201cbondar\u201d, pinii de la Cantonul Pin care ast\u0103zi, din pacate, au disp\u0103rut \u00een tandem. \u015ei am mai v\u0103zut grupuri de copii &#8211; ast\u0103zi adul\u0163i- fotografia\u0163i l\u00e2ng\u0103 enormi sequoia pe Navesul Mare \u015fi la B\u0103ile Herculane, cu rucsacuri \u00een spate str\u0103b\u0103t\u00e2nd p\u0103duri, \u00eentr-o comuniune perfect\u0103 cu natura. \u015ei mi-am dorit s\u0103 fie vara, s\u0103 fiu \u00eentr-o p\u0103dure, departe de \u201cnebunia\u201d ora\u015fului, s\u0103 ascult cioc\u00e2rlii \u015fi p\u0103sari mii iar apoi, obosit\u0103, s\u0103-mi frig c\u00e2rna\u0163i al\u0103turi de drume\u0163i sub supravegherea strict\u0103 a seniorilor &#8211; cei ce cunosc tainele mun\u0163ilor &#8211; s\u0103 ascult legende \u015fi pove\u015fti , s\u0103 aflu c\u00e2t mai multe despre fabulosul Banat Montan.<\/p>\n<p style=\"text-align: justify;\"><a href=\"http:\/\/semndecarte.metarsis.ro\/wp-content\/uploads\/2011\/05\/Prietenii-muntilor_002.jpg\" rel=\"lightbox[5263]\"><img loading=\"lazy\" class=\"alignleft size-thumbnail wp-image-5264\" title=\"Prietenii muntilor- Drumetie\" src=\"http:\/\/semndecarte.metarsis.ro\/wp-content\/uploads\/2011\/05\/Prietenii-muntilor_002-95x95.jpg\" alt=\"\" width=\"95\" height=\"95\" \/><\/a><a href=\"http:\/\/semndecarte.metarsis.ro\/wp-content\/uploads\/2011\/05\/Prietenii-muntilor_005.jpg\" rel=\"lightbox[5263]\"><img loading=\"lazy\" class=\"alignleft size-thumbnail wp-image-5265\" title=\"Prietenii muntilor- Drumetie\" src=\"http:\/\/semndecarte.metarsis.ro\/wp-content\/uploads\/2011\/05\/Prietenii-muntilor_005-95x95.jpg\" alt=\"\" width=\"95\" height=\"95\" \/><\/a><a href=\"http:\/\/semndecarte.metarsis.ro\/wp-content\/uploads\/2011\/05\/Prietenii-muntilor_007.jpg\" rel=\"lightbox[5263]\"><img loading=\"lazy\" class=\"alignleft size-thumbnail wp-image-5266\" title=\"Prietenii muntilor- Drumetie\" src=\"http:\/\/semndecarte.metarsis.ro\/wp-content\/uploads\/2011\/05\/Prietenii-muntilor_007-95x95.jpg\" alt=\"\" width=\"95\" height=\"95\" \/><\/a><a href=\"http:\/\/semndecarte.metarsis.ro\/wp-content\/uploads\/2011\/05\/Prietenii-muntilor_012.jpg\" rel=\"lightbox[5263]\"><img loading=\"lazy\" class=\"alignleft size-thumbnail wp-image-5267\" title=\"Prietenii muntilor- Drumetie\" src=\"http:\/\/semndecarte.metarsis.ro\/wp-content\/uploads\/2011\/05\/Prietenii-muntilor_012-95x95.jpg\" alt=\"\" width=\"95\" height=\"95\" \/><\/a><a href=\"http:\/\/semndecarte.metarsis.ro\/wp-content\/uploads\/2011\/05\/Prietenii-muntilor_014.jpg\" rel=\"lightbox[5263]\"><img loading=\"lazy\" class=\"alignleft size-thumbnail wp-image-5268\" title=\"Prietenii muntilor- Drumetie\" src=\"http:\/\/semndecarte.metarsis.ro\/wp-content\/uploads\/2011\/05\/Prietenii-muntilor_014-95x95.jpg\" alt=\"\" width=\"95\" height=\"95\" \/><\/a><\/p>\n","protected":false},"excerpt":{"rendered":"<p>Asear\u0103, 10 mai 2011, la  libr\u0103ria Semn de Carte din Re\u015fi\u0163a membii Asocia\u0163iei Prietenii Mun\u0163ilor s-au \u00eent\u00e2lnit cu iubitorii de excursii, de natur\u0103 , cu adep\u0163ii unui stil de via\u0163\u0103 s\u0103n\u0103tos. Sec\u0163iunea \u201cDrume\u0163ie\u201d din cadrul Asocia\u0163iei, prin decanul de v\u00e2rst\u0103, cel ce conduce grupul \u015fi stabile\u015fte traseele duminicale ale participan\u0163ilor la drume\u0163ie \u2013 Ioan Adamek ne-a oferit un regal de diapozitive proprii realizate \u00een excursiile din anii 1996 \u015fi 1997. <\/p>\n","protected":false},"author":1,"featured_media":0,"comment_status":"open","ping_status":"open","sticky":false,"template":"","format":"standard","meta":[],"categories":[7],"tags":[319,323],"_links":{"self":[{"href":"https:\/\/semndecarte.metarsis.ro\/index.php?rest_route=\/wp\/v2\/posts\/5263"}],"collection":[{"href":"https:\/\/semndecarte.metarsis.ro\/index.php?rest_route=\/wp\/v2\/posts"}],"about":[{"href":"https:\/\/semndecarte.metarsis.ro\/index.php?rest_route=\/wp\/v2\/types\/post"}],"author":[{"embeddable":true,"href":"https:\/\/semndecarte.metarsis.ro\/index.php?rest_route=\/wp\/v2\/users\/1"}],"replies":[{"embeddable":true,"href":"https:\/\/semndecarte.metarsis.ro\/index.php?rest_route=%2Fwp%2Fv2%2Fcomments&post=5263"}],"version-history":[{"count":0,"href":"https:\/\/semndecarte.metarsis.ro\/index.php?rest_route=\/wp\/v2\/posts\/5263\/revisions"}],"wp:attachment":[{"href":"https:\/\/semndecarte.metarsis.ro\/index.php?rest_route=%2Fwp%2Fv2%2Fmedia&parent=5263"}],"wp:term":[{"taxonomy":"category","embeddable":true,"href":"https:\/\/semndecarte.metarsis.ro\/index.php?rest_route=%2Fwp%2Fv2%2Fcategories&post=5263"},{"taxonomy":"post_tag","embeddable":true,"href":"https:\/\/semndecarte.metarsis.ro\/index.php?rest_route=%2Fwp%2Fv2%2Ftags&post=5263"}],"curies":[{"name":"wp","href":"https:\/\/api.w.org\/{rel}","templated":true}]}}