{"id":5245,"date":"2011-05-04T10:49:22","date_gmt":"2011-05-04T08:49:22","guid":{"rendered":"http:\/\/semndecarte.metarsis.ro\/?p=5245"},"modified":"2011-05-04T10:49:22","modified_gmt":"2011-05-04T08:49:22","slug":"cartea-masa-sau-clasa","status":"publish","type":"post","link":"https:\/\/semndecarte.metarsis.ro\/?p=5245","title":{"rendered":"Cartea, mas\u0103 sau clas\u0103?"},"content":{"rendered":"<p style=\"text-align: justify;\">C\u00e2t de important\u0103 mai este ast\u0103zi cartea pentru cei tineri? Mai citesc ei? Se mai apropie de acest obiect, perceput tot mai des ca o obliga\u0163ie dictat\u0103 de un curriculum \u015fcolar? Sunt \u00eentreb\u0103ri pe care \u015fi le pune ast\u0103zi mai mult\u0103 lume, nu doar profesorii de literatur\u0103, iar de cele mai multe ori raspunsurile nu sunt mul\u0163umitoare.<br \/>\n Cu acest gand un grup de elevi de la Colegiul Tehnic Re\u015fi\u0163a, coordona\u0163i de prof. Alexandra Dam\u015fea \u015fi prof. Carmen Apostu, au r\u0103spuns\u00a0 (mar\u0163i, 3 mai 2010) invita\u0163iei lansate de libr\u0103ria Semn de carte sub titlul &#8222;Cartea, mas\u0103 sau clas\u0103?&#8221;. <!--more-->Pentru a nu exista niciun dubiu, precizez c\u0103 cele doua interoga\u0163ii din titlu fac referire la aspectul calitativ al actului cultural \u015fi nu la cel cantitativ. De\u015fi la inceput elevii au fost mai reticen\u0163i la ideea unei dezbateri deschise, lipsite de orice inhibi\u0163ie &#8211; dovad\u0103 a faptului c\u0103 lipsa lecturii este un factor ce explic\u0103 lipsa comunic\u0103rii &#8211; treptat au prins curaj \u015fi au \u00eenceput s\u0103-\u015fi exprime opiniile.<br \/>\n Au recunoscut deschis c\u0103 lectura nu e un &#8222;sport&#8221; favorit, fie pentru ca nu au exerci\u0163iul acesteia, fie din comoditate, televizorul \u015fi mai ales internetul av\u00e2nd prioritate (dac\u0103 ar fi s\u0103 facem o statistic\u0103, fetele pierd mai mult timp in fa\u0163a televizorului, iar b\u0103ie\u0163ii prefer\u0103 calculatorul &#8211; surprinz\u0103tor, mul\u0163i au spus c\u0103 privitul la televizor e pierdere de vreme).<br \/>\n Inhibi\u0163ia lor \u00een fa\u0163a c\u0103r\u0163ilor are mai multe explica\u0163ii: \u00een primul r\u00e2nd, \u00een majoritatea cazurilor, nu exist\u0103 o preocupare \u00een familii pentru a\u015fa ceva, nimeni nu-i indeamn\u0103 de la o v\u00e2rst\u0103 fraged\u0103 c\u0103tre universul c\u0103r\u0163ilor (ba mai mult, e cunoscut\u0103 vorba popular\u0103 c\u0103 dac\u0103 cite\u015fti prea mult, te t\u00e2mpe\u015fti!). Prin urmare, dac\u0103 nu sunt \u00eencuraja\u0163i \u00een direc\u0163ia aceasta \u015fi dac\u0103 nu au \u00eenclina\u0163ii c\u0103tre latura umanist\u0103, vor pierde startul. In al doilea r\u00e2nd, nici \u015fcoala nu ofera \u00eentotdeauna condi\u0163ii optime de afirmare a laturii creative \u015fi, de ce nu, interogative a copiilor \u015fi de prea multe ori se merge pe drumul mult prea batatorit al &#8222;comentariilor de-a gata&#8221;.<br \/>\n In final, elevii s-au ar\u0103tat dispu\u015fi s\u0103 fie mai receptivi fa\u0163\u0103 de universul c\u0103r\u0163ii, recunosc\u00e2nd singuri c\u0103 accesul la informa\u0163ie cultural\u0103 \u00eei poate propulsa pe scara social\u0103. Ne-a bucurat curiozitatea cu care au privit rafturile c\u0103r\u0163ilor \u015fi credem c\u0103 au in\u0163eles c\u0103 o libr\u0103rie nu e nici un spa\u0163iu exclusivist, nici un loc care s\u0103 te compromit\u0103 \u00een ochii g\u0103\u015ftii de prieteni. Sper\u0103m ca la o viitoare vizit\u0103, grupul participan\u0163ilor s\u0103 fie mai numeros \u015fi, de ce nu, mai implicat. (prof. Carmen Apostu)<\/p>\n<p style=\"text-align: justify;\">\u00a0<\/p>\n<p style=\"text-align: justify;\"><a href=\"http:\/\/semndecarte.metarsis.ro\/wp-content\/uploads\/2011\/05\/Colegiul-Tehnic_0010.jpg\" rel=\"lightbox[5245]\"><img loading=\"lazy\" class=\"alignleft size-thumbnail wp-image-5249\" title=\"Colegiul Tehnic_0010\" src=\"http:\/\/semndecarte.metarsis.ro\/wp-content\/uploads\/2011\/05\/Colegiul-Tehnic_0010-95x95.jpg\" alt=\"\" width=\"95\" height=\"95\" \/><\/a><a href=\"http:\/\/semndecarte.metarsis.ro\/wp-content\/uploads\/2011\/05\/Colegiul-Tehnic_0007.jpg\" rel=\"lightbox[5245]\"><img loading=\"lazy\" class=\"alignleft size-thumbnail wp-image-5248\" title=\"Colegiul Tehnic_0007\" src=\"http:\/\/semndecarte.metarsis.ro\/wp-content\/uploads\/2011\/05\/Colegiul-Tehnic_0007-95x95.jpg\" alt=\"\" width=\"95\" height=\"95\" \/><\/a><a href=\"http:\/\/semndecarte.metarsis.ro\/wp-content\/uploads\/2011\/05\/Colegiul-Tehnic_0011.jpg\" rel=\"lightbox[5245]\"><img loading=\"lazy\" class=\"alignleft size-thumbnail wp-image-5250\" title=\"Colegiul Tehnic_0011\" src=\"http:\/\/semndecarte.metarsis.ro\/wp-content\/uploads\/2011\/05\/Colegiul-Tehnic_0011-95x95.jpg\" alt=\"\" width=\"95\" height=\"95\" \/><\/a><a href=\"http:\/\/semndecarte.metarsis.ro\/wp-content\/uploads\/2011\/05\/Colegiul-Tehnic_0006.jpg\" rel=\"lightbox[5245]\"><img loading=\"lazy\" class=\"alignleft size-thumbnail wp-image-5247\" title=\"Colegiul Tehnic_0006\" src=\"http:\/\/semndecarte.metarsis.ro\/wp-content\/uploads\/2011\/05\/Colegiul-Tehnic_0006-95x95.jpg\" alt=\"\" width=\"95\" height=\"95\" \/><\/a><a href=\"http:\/\/semndecarte.metarsis.ro\/wp-content\/uploads\/2011\/05\/Colegiul-Tehnic_0004.jpg\" rel=\"lightbox[5245]\"><img loading=\"lazy\" class=\"alignleft size-thumbnail wp-image-5246\" title=\"Colegiul Tehnic_0004\" src=\"http:\/\/semndecarte.metarsis.ro\/wp-content\/uploads\/2011\/05\/Colegiul-Tehnic_0004-95x95.jpg\" alt=\"\" width=\"95\" height=\"95\" \/><\/a><\/p>\n<p style=\"text-align: justify;\">\n<object classid=\"clsid:d27cdb6e-ae6d-11cf-96b8-444553540000\" width=\"520\" height=\"428\" codebase=\"http:\/\/download.macromedia.com\/pub\/shockwave\/cabs\/flash\/swflash.cab#version=6,0,40,0\"><param name=\"play\" value=\"false\" \/><param name=\"salign\" value=\"l\" \/><param name=\"src\" value=\"http:\/\/www.youtube.com\/v\/LW3vkN-MYHE&amp;feature&amp;rel=0\" \/><param name=\"align\" value=\"left\" \/><embed type=\"application\/x-shockwave-flash\" width=\"520\" height=\"428\" src=\"http:\/\/www.youtube.com\/v\/LW3vkN-MYHE&amp;feature&amp;rel=0\" align=\"left\" salign=\"l\" play=\"false\"><\/embed><\/object><\/p>\n","protected":false},"excerpt":{"rendered":"<p>&#8230;.. un grup de elevi de la Colegiul Tehnic Re\u015fi\u0163a, coordona\u0163i de prof. Alexandra Dam\u015fea \u015fi prof. Carmen Apostu, au r\u0103spuns  (mar\u0163i, 3 mai 2010) invita\u0163iei lansate de libr\u0103ria Semn de carte sub titlul &#8222;Cartea, mas\u0103 sau clas\u0103?&#8221;. Pentru a nu exista niciun dubiu, precizez c\u0103 cele doua interoga\u0163ii din titlu fac referire la aspectul calitativ al actului cultural \u015fi nu la cel cantitativ&#8230;&#8230;. <\/p>\n","protected":false},"author":1,"featured_media":0,"comment_status":"open","ping_status":"open","sticky":false,"template":"","format":"standard","meta":[],"categories":[7],"tags":[271,162],"_links":{"self":[{"href":"https:\/\/semndecarte.metarsis.ro\/index.php?rest_route=\/wp\/v2\/posts\/5245"}],"collection":[{"href":"https:\/\/semndecarte.metarsis.ro\/index.php?rest_route=\/wp\/v2\/posts"}],"about":[{"href":"https:\/\/semndecarte.metarsis.ro\/index.php?rest_route=\/wp\/v2\/types\/post"}],"author":[{"embeddable":true,"href":"https:\/\/semndecarte.metarsis.ro\/index.php?rest_route=\/wp\/v2\/users\/1"}],"replies":[{"embeddable":true,"href":"https:\/\/semndecarte.metarsis.ro\/index.php?rest_route=%2Fwp%2Fv2%2Fcomments&post=5245"}],"version-history":[{"count":0,"href":"https:\/\/semndecarte.metarsis.ro\/index.php?rest_route=\/wp\/v2\/posts\/5245\/revisions"}],"wp:attachment":[{"href":"https:\/\/semndecarte.metarsis.ro\/index.php?rest_route=%2Fwp%2Fv2%2Fmedia&parent=5245"}],"wp:term":[{"taxonomy":"category","embeddable":true,"href":"https:\/\/semndecarte.metarsis.ro\/index.php?rest_route=%2Fwp%2Fv2%2Fcategories&post=5245"},{"taxonomy":"post_tag","embeddable":true,"href":"https:\/\/semndecarte.metarsis.ro\/index.php?rest_route=%2Fwp%2Fv2%2Ftags&post=5245"}],"curies":[{"name":"wp","href":"https:\/\/api.w.org\/{rel}","templated":true}]}}