{"id":5231,"date":"2011-04-18T15:42:52","date_gmt":"2011-04-18T13:42:52","guid":{"rendered":"http:\/\/semndecarte.metarsis.ro\/?p=5231"},"modified":"2011-04-18T15:42:52","modified_gmt":"2011-04-18T13:42:52","slug":"adolescentii-si-cartea","status":"publish","type":"post","link":"https:\/\/semndecarte.metarsis.ro\/?p=5231","title":{"rendered":"Adolescen\u0163ii \u015fi cartea"},"content":{"rendered":"<p style=\"text-align: justify;\"><strong>Cartea e un dar pe care-l po\u0163i deschide iar&#8230;\u015fi iar&#8230;.<\/strong><\/p>\n<p style=\"text-align: justify;\">A fost r\u00e2ndul elevilor \u00a0din clasa a VIII-a B, inso\u0163iti de doamna dirigint\u0103, prof. Simona Curescu, cea care pred\u0103 matematica dar iube\u015fte \u015fi literatura, s\u0103 desfa\u015foare o activitate cuprins\u0103 \u00een amplul proiect de parteneriat semnat \u00eentre Metarsis &#8211; activit\u0103\u0163i \u015fi servicii de cultur\u0103 urban\u0103 \u015fi art\u0103 contemporan\u0103 \u015fi\u00a0 \u015ecoala cu clasele I-VIII nr. 8 din Re\u015fi\u0163a &#8211; \u201cCartea e un dar pe care-l po\u0163i deschide iar\u2026\u015fi iar\u2026\u201d. Vineri, 16 aprilie 2011, la orele pr\u00e2nzului, adolescen\u0163ii au f\u0103cut o vizit\u0103 libr\u0103riei Semn de Carte.<!--more--> \u015ei-au dezvoltat abilit\u0103\u0163ile de comunicare \u015fi \u00een\u0163asta im amielegere a colegilor de clas\u0103, s-au familiarizat cu ambian\u0163a librariei \u015fi, prin cartea aleas\u0103 ca dar, au descoperit personalitatea \u015fi preocuparile colegului de care se vor desp\u0103r\u0163i la sf\u00e2r\u015fit de an. \u015ei, chiar dac\u0103 nu to\u0163i au fost de acord, g\u00e2ndurile exprimate de un\u00a0 coleg din clasa paralel\u0103 cu prilejul vizit\u0103rii libr\u0103riei, se constituie \u00eentr-un mesaj care merit\u0103 descoperit.<\/p>\n<p style=\"text-align: justify;\">\u201c F\u0103cut\u0103 s\u0103 lumineze mintea omului \u015fi s\u0103-i \u00eenc\u0103lzeasc\u0103 sufletul, cartea &#8211; magic\u0103 bijuterie de cuvinte \u015fi imagini &#8211; \u00ee\u0163i dezv\u0103luie o lume infinit\u0103 de g\u00e2ndiri \u015fi sim\u0163iri. Ea ne m\u00e2ng\u00e2ie \u015fi lini\u015fte\u015fte sufletul \u00eempov\u0103rat de at\u00e2tea \u00eentreb\u0103ri. Cartea ne ajut\u0103 s\u0103 ne \u00eenvingem temerile\u2026\u201d (Cristian Chiru, cl. A VIII-a A, \u015ec.Gen. Re\u015fi\u0163a)<\/p>\n<p style=\"text-align: justify;\">\u00a0<\/p>\n<p style=\"text-align: justify;\"><a href=\"http:\/\/semndecarte.metarsis.ro\/wp-content\/uploads\/2011\/04\/Gen-8_002.jpg\" rel=\"lightbox[5231]\"><img loading=\"lazy\" class=\"alignleft size-thumbnail wp-image-5232\" title=\"Cartea e un dar...\" src=\"http:\/\/semndecarte.metarsis.ro\/wp-content\/uploads\/2011\/04\/Gen-8_002-95x95.jpg\" alt=\"\" width=\"95\" height=\"95\" \/><\/a><a href=\"http:\/\/semndecarte.metarsis.ro\/wp-content\/uploads\/2011\/04\/Gen-8_003.jpg\" rel=\"lightbox[5231]\"><img loading=\"lazy\" class=\"alignleft size-thumbnail wp-image-5233\" title=\"Cartea e un dar...\" src=\"http:\/\/semndecarte.metarsis.ro\/wp-content\/uploads\/2011\/04\/Gen-8_003-95x95.jpg\" alt=\"\" width=\"95\" height=\"95\" \/><\/a><a href=\"http:\/\/semndecarte.metarsis.ro\/wp-content\/uploads\/2011\/04\/Gen-8_004.jpg\" rel=\"lightbox[5231]\"><img loading=\"lazy\" class=\"alignleft size-thumbnail wp-image-5234\" title=\"Cartea e un dar...\" src=\"http:\/\/semndecarte.metarsis.ro\/wp-content\/uploads\/2011\/04\/Gen-8_004-95x95.jpg\" alt=\"\" width=\"95\" height=\"95\" \/><\/a><a href=\"http:\/\/semndecarte.metarsis.ro\/wp-content\/uploads\/2011\/04\/Gen-8_005.jpg\" rel=\"lightbox[5231]\"><img loading=\"lazy\" class=\"alignleft size-thumbnail wp-image-5235\" title=\"Cartea e un dar...\" src=\"http:\/\/semndecarte.metarsis.ro\/wp-content\/uploads\/2011\/04\/Gen-8_005-95x95.jpg\" alt=\"\" width=\"95\" height=\"95\" \/><\/a><a href=\"http:\/\/semndecarte.metarsis.ro\/wp-content\/uploads\/2011\/04\/Gen-8_006.jpg\" rel=\"lightbox[5231]\"><img loading=\"lazy\" class=\"alignleft size-thumbnail wp-image-5236\" title=\"Cartea e un dar...\" src=\"http:\/\/semndecarte.metarsis.ro\/wp-content\/uploads\/2011\/04\/Gen-8_006-95x95.jpg\" alt=\"\" width=\"95\" height=\"95\" \/><\/a><\/p>\n","protected":false},"excerpt":{"rendered":"<p>A fost r\u00e2ndul elevilor  din clasa a VIII-a B, inso\u0163iti de doamna dirigint\u0103, prof. Simona Curescu, cea care pred\u0103 matematica dar iube\u015fte \u015fi literatura, s\u0103 desfa\u015foare o activitate cuprins\u0103 \u00een amplul proiect de parteneriat semnat \u00eentre Metarsis &#8211; activit\u0103\u0163i \u015fi servicii de cultur\u0103 urban\u0103 \u015fi art\u0103 contemporan\u0103 \u015fi  \u015ecoala cu clasele I-VIII nr. 8 din Re\u015fi\u0163a &#8211; \u201cCartea e un dar pe care-l po\u0163i deschide iar\u2026\u015fi iar\u2026\u201d. Vineri, 16 aprilie 2011, la orele pr\u00e2nzului, adolescen\u0163ii au f\u0103cut o vizit\u0103 libr\u0103riei Semn de Carte.<\/p>\n","protected":false},"author":1,"featured_media":0,"comment_status":"open","ping_status":"open","sticky":false,"template":"","format":"standard","meta":[],"categories":[7],"tags":[271],"_links":{"self":[{"href":"https:\/\/semndecarte.metarsis.ro\/index.php?rest_route=\/wp\/v2\/posts\/5231"}],"collection":[{"href":"https:\/\/semndecarte.metarsis.ro\/index.php?rest_route=\/wp\/v2\/posts"}],"about":[{"href":"https:\/\/semndecarte.metarsis.ro\/index.php?rest_route=\/wp\/v2\/types\/post"}],"author":[{"embeddable":true,"href":"https:\/\/semndecarte.metarsis.ro\/index.php?rest_route=\/wp\/v2\/users\/1"}],"replies":[{"embeddable":true,"href":"https:\/\/semndecarte.metarsis.ro\/index.php?rest_route=%2Fwp%2Fv2%2Fcomments&post=5231"}],"version-history":[{"count":0,"href":"https:\/\/semndecarte.metarsis.ro\/index.php?rest_route=\/wp\/v2\/posts\/5231\/revisions"}],"wp:attachment":[{"href":"https:\/\/semndecarte.metarsis.ro\/index.php?rest_route=%2Fwp%2Fv2%2Fmedia&parent=5231"}],"wp:term":[{"taxonomy":"category","embeddable":true,"href":"https:\/\/semndecarte.metarsis.ro\/index.php?rest_route=%2Fwp%2Fv2%2Fcategories&post=5231"},{"taxonomy":"post_tag","embeddable":true,"href":"https:\/\/semndecarte.metarsis.ro\/index.php?rest_route=%2Fwp%2Fv2%2Ftags&post=5231"}],"curies":[{"name":"wp","href":"https:\/\/api.w.org\/{rel}","templated":true}]}}