{"id":5219,"date":"2011-04-15T19:54:50","date_gmt":"2011-04-15T17:54:50","guid":{"rendered":"http:\/\/semndecarte.metarsis.ro\/?p=5219"},"modified":"2011-04-15T19:54:50","modified_gmt":"2011-04-15T17:54:50","slug":"prietenii-muntilor","status":"publish","type":"post","link":"https:\/\/semndecarte.metarsis.ro\/?p=5219","title":{"rendered":"Prietenii mun\u0163ilor"},"content":{"rendered":"<p style=\"text-align: justify;\">La Re\u015fi\u0163a, indiferent pe ce strad\u0103 te afli \u015fi \u00een orice direc\u0163ie ai merge, \u00een c\u00e2teva minute e\u015fti \u00eentr-o p\u0103dure. Este afirma\u0163ia decanului de v\u00e2rst\u0103 al sec\u0163iei de Drume\u0163ie a Asocia\u0163iei Prietenii mun\u0163ilor, Re\u015fi\u0163a &#8211; Muntele Semenic sec\u0163ie ce \u00eentrune\u015fte mai mult de 20 de persoane cu v\u00e2rste cuprinse \u00eentre 30 &#8211; 85 de ani. Se \u00eent\u00e2lnesc \u00een fiecare duminic\u0103 diminea\u0163a \u015fi, indiferent de vreme, echipa\u0163i corespunz\u0103tor, str\u0103bat, cu pasul, trasee din jurul Re\u015fi\u0163ei, ascult\u00e2nd legende, film\u00e2nd sau fotografiind, socializ\u00e2nd dar, mai ales, respir\u00e2nd aer de sanatate \u015fi prietenie.<!--more--><\/p>\n<p style=\"text-align: justify;\">Doamnele Hipp, Neff, Demeny, Dam\u015fea, domnii Adamek, Pomoja, Neff, Pojar, C\u0103linescu, Protocsil, Biriescu, Popoviciu, Mato, Pascu, doar o parte din acest grup, au fost prezenta\u0163i, cu umor,\u00a0 \u00een montajul de film realizat de prieteni \u015fi comentat de unul dintre cei mai tineri membri &#8211;\u00a0\u00a0\u00a0 -, inso\u0163it de mascota grupului, c\u0103\u0163elu\u015ful\u00a0&#8211;\u00a0\u00a0\u00a0\u00a0\u00a0 &#8211; .<\/p>\n<p style=\"text-align: justify;\">Bucuria libr\u0103riei Semn de Carte este c\u0103 mar\u0163i, 12 aprilie 2011, s-au reg\u0103sit \u015fi reunit\u00a0cele dou\u0103 sec\u0163ii ale Asocia\u0163iei\u00a0 Prietenii Mun\u0163ilor, Re\u015fi\u0163a &#8211; Muntele Semenic cea de Schi \u015fi cea de Drume\u0163ie oferind spa\u0163iu de \u00eent\u00e2lnire lunar prietenilor mun\u0163ilor \u015fi iubitorilor de drume\u0163ie \u015fi mi\u015fcare.<\/p>\n<p style=\"text-align: justify;\">\u00cent\u00e2lnirea s-a desf\u0103\u015furat sub motto-ul ales de decanul de v\u00e2rst\u0103 Ioan Adamek, cel ce cunoa\u015fte perfect, stabile\u015fte traseele \u015fi conduce grupul: \u201cImpresiile de voiaj nu se pot povesti \u00een limba vorbit\u0103 de toata lumea. Ele sunt ca spovedanile suflete\u015fti pe care nu le po\u0163i face oricui, fiindc\u0103 nu oricine te poate dezlega de p\u0103catul de a poseda \u015fi un al \u015faselea sim\u0163&#8230;.sim\u0163ul frumosului&#8230;\u201d (Ion Minulescu)<\/p>\n<p style=\"text-align: justify;\">\u00a0<\/p>\n<p style=\"text-align: justify;\"><a href=\"http:\/\/semndecarte.metarsis.ro\/wp-content\/uploads\/2011\/04\/Drumetie_012.jpg\" rel=\"lightbox[5219]\"><img loading=\"lazy\" class=\"alignleft size-thumbnail wp-image-5225\" title=\"Drumetie_012\" src=\"http:\/\/semndecarte.metarsis.ro\/wp-content\/uploads\/2011\/04\/Drumetie_012-95x95.jpg\" alt=\"\" width=\"95\" height=\"95\" \/><\/a><a href=\"http:\/\/semndecarte.metarsis.ro\/wp-content\/uploads\/2011\/04\/Drumetie_102.jpg\" rel=\"lightbox[5219]\"><img loading=\"lazy\" class=\"alignleft size-thumbnail wp-image-5226\" title=\"Drumetie_102\" src=\"http:\/\/semndecarte.metarsis.ro\/wp-content\/uploads\/2011\/04\/Drumetie_102-95x95.jpg\" alt=\"\" width=\"95\" height=\"95\" \/><\/a><a href=\"http:\/\/semndecarte.metarsis.ro\/wp-content\/uploads\/2011\/04\/Drumetie_108.jpg\" rel=\"lightbox[5219]\"><img loading=\"lazy\" class=\"alignleft size-thumbnail wp-image-5227\" title=\"Drumetie_108\" src=\"http:\/\/semndecarte.metarsis.ro\/wp-content\/uploads\/2011\/04\/Drumetie_108-95x95.jpg\" alt=\"\" width=\"95\" height=\"95\" \/><\/a><a href=\"http:\/\/semndecarte.metarsis.ro\/wp-content\/uploads\/2011\/04\/Drumetie_110.jpg\" rel=\"lightbox[5219]\"><img loading=\"lazy\" class=\"alignleft size-thumbnail wp-image-5229\" title=\"Drumetie_110\" src=\"http:\/\/semndecarte.metarsis.ro\/wp-content\/uploads\/2011\/04\/Drumetie_110-95x95.jpg\" alt=\"\" width=\"95\" height=\"95\" \/><\/a><a href=\"http:\/\/semndecarte.metarsis.ro\/wp-content\/uploads\/2011\/04\/Drumetie_011.jpg\" rel=\"lightbox[5219]\"><img loading=\"lazy\" class=\"alignleft size-thumbnail wp-image-5224\" title=\"Drumetie_011\" src=\"http:\/\/semndecarte.metarsis.ro\/wp-content\/uploads\/2011\/04\/Drumetie_011-95x95.jpg\" alt=\"\" width=\"95\" height=\"95\" \/><\/a><br \/>\n<object style=\"width: 255px; height: 210px;\" classid=\"clsid:d27cdb6e-ae6d-11cf-96b8-444553540000\" width=\"255\" height=\"210\" codebase=\"http:\/\/download.macromedia.com\/pub\/shockwave\/cabs\/flash\/swflash.cab#version=6,0,40,0\"><param name=\"play\" value=\"false\" \/><param name=\"loop\" value=\"false\" \/><param name=\"salign\" value=\"l\" \/><param name=\"src\" value=\"http:\/\/www.youtube.com\/v\/P8D_nBOE7JA&amp;rel=0\" \/><param name=\"align\" value=\"left\" \/><embed style=\"width: 255px; height: 210px;\" type=\"application\/x-shockwave-flash\" width=\"255\" height=\"210\" src=\"http:\/\/www.youtube.com\/v\/P8D_nBOE7JA&amp;rel=0\" align=\"left\" salign=\"l\" loop=\"false\" play=\"false\"><\/embed><\/object><br \/>\n<object style=\"width: 255px; height: 210px;\" classid=\"clsid:d27cdb6e-ae6d-11cf-96b8-444553540000\" width=\"255\" height=\"210\" codebase=\"http:\/\/download.macromedia.com\/pub\/shockwave\/cabs\/flash\/swflash.cab#version=6,0,40,0\"><param name=\"play\" value=\"false\" \/><param name=\"loop\" value=\"false\" \/><param name=\"salign\" value=\"bl\" \/><param name=\"src\" value=\"http:\/\/www.youtube.com\/v\/WVtm0fsbDKo&amp;rel=0\" \/><param name=\"align\" value=\"left\" \/><embed style=\"width: 255px; height: 210px;\" type=\"application\/x-shockwave-flash\" width=\"255\" height=\"210\" src=\"http:\/\/www.youtube.com\/v\/WVtm0fsbDKo&amp;rel=0\" align=\"left\" salign=\"bl\" loop=\"false\" play=\"false\"><\/embed><\/object><br \/>\n<object style=\"width: 255px; height: 210px;\" classid=\"clsid:d27cdb6e-ae6d-11cf-96b8-444553540000\" width=\"255\" height=\"210\" codebase=\"http:\/\/download.macromedia.com\/pub\/shockwave\/cabs\/flash\/swflash.cab#version=6,0,40,0\"><param name=\"play\" value=\"false\" \/><param name=\"loop\" value=\"false\" \/><param name=\"salign\" value=\"l\" \/><param name=\"src\" value=\"http:\/\/www.youtube.com\/v\/Az_9ueY7B94&amp;rel=0\" \/><param name=\"align\" value=\"left\" \/><embed style=\"width: 255px; height: 210px;\" type=\"application\/x-shockwave-flash\" width=\"255\" height=\"210\" src=\"http:\/\/www.youtube.com\/v\/Az_9ueY7B94&amp;rel=0\" align=\"left\" salign=\"l\" loop=\"false\" play=\"false\"><\/embed><\/object><br \/>\n<object style=\"width: 255px; height: 210px;\" classid=\"clsid:d27cdb6e-ae6d-11cf-96b8-444553540000\" width=\"255\" height=\"210\" codebase=\"http:\/\/download.macromedia.com\/pub\/shockwave\/cabs\/flash\/swflash.cab#version=6,0,40,0\"><param name=\"play\" value=\"false\" \/><param name=\"loop\" value=\"false\" \/><param name=\"salign\" value=\"l\" \/><param name=\"src\" value=\"http:\/\/www.youtube.com\/v\/qs2tQEe4TQk&amp;feature&amp;rel=0\" \/><param name=\"align\" value=\"left\" \/><embed style=\"width: 255px; height: 210px;\" type=\"application\/x-shockwave-flash\" width=\"255\" height=\"210\" src=\"http:\/\/www.youtube.com\/v\/qs2tQEe4TQk&amp;feature&amp;rel=0\" align=\"left\" salign=\"l\" loop=\"false\" play=\"false\"><\/embed><\/object><\/p>\n","protected":false},"excerpt":{"rendered":"<p>Bucuria libr\u0103riei Semn de Carte este c\u0103 mar\u0163i, 12 aprilie 2011, s-au reg\u0103sit \u015fi reunit cele dou\u0103 sec\u0163ii ale Asocia\u0163iei  Prietenii Mun\u0163ilor, Re\u015fi\u0163a &#8211; Muntele Semenic cea de Schi \u015fi cea de Drume\u0163ie oferind spa\u0163iu de \u00eent\u00e2lnire lunar prietenilor mun\u0163ilor \u015fi iubitorilor de drume\u0163ie \u015fi mi\u015fcare.<\/p>\n","protected":false},"author":1,"featured_media":0,"comment_status":"open","ping_status":"open","sticky":false,"template":"","format":"standard","meta":[],"categories":[6,7],"tags":[319,323],"_links":{"self":[{"href":"https:\/\/semndecarte.metarsis.ro\/index.php?rest_route=\/wp\/v2\/posts\/5219"}],"collection":[{"href":"https:\/\/semndecarte.metarsis.ro\/index.php?rest_route=\/wp\/v2\/posts"}],"about":[{"href":"https:\/\/semndecarte.metarsis.ro\/index.php?rest_route=\/wp\/v2\/types\/post"}],"author":[{"embeddable":true,"href":"https:\/\/semndecarte.metarsis.ro\/index.php?rest_route=\/wp\/v2\/users\/1"}],"replies":[{"embeddable":true,"href":"https:\/\/semndecarte.metarsis.ro\/index.php?rest_route=%2Fwp%2Fv2%2Fcomments&post=5219"}],"version-history":[{"count":0,"href":"https:\/\/semndecarte.metarsis.ro\/index.php?rest_route=\/wp\/v2\/posts\/5219\/revisions"}],"wp:attachment":[{"href":"https:\/\/semndecarte.metarsis.ro\/index.php?rest_route=%2Fwp%2Fv2%2Fmedia&parent=5219"}],"wp:term":[{"taxonomy":"category","embeddable":true,"href":"https:\/\/semndecarte.metarsis.ro\/index.php?rest_route=%2Fwp%2Fv2%2Fcategories&post=5219"},{"taxonomy":"post_tag","embeddable":true,"href":"https:\/\/semndecarte.metarsis.ro\/index.php?rest_route=%2Fwp%2Fv2%2Ftags&post=5219"}],"curies":[{"name":"wp","href":"https:\/\/api.w.org\/{rel}","templated":true}]}}