{"id":5199,"date":"2011-04-14T23:03:48","date_gmt":"2011-04-14T21:03:48","guid":{"rendered":"http:\/\/semndecarte.metarsis.ro\/?p=5199"},"modified":"2011-04-14T23:10:30","modified_gmt":"2011-04-14T21:10:30","slug":"au-vibrat-corzile","status":"publish","type":"post","link":"https:\/\/semndecarte.metarsis.ro\/?p=5199","title":{"rendered":"Au vibrat corzile"},"content":{"rendered":"<p style=\"text-align: justify;\">\u00cen cadrul seriei\u00a0 \u201cCum se face muzica\u201d ini\u0163iat\u0103 de Filarmonica Banatul din Timi\u015foara \u00een parteneriat cu Metarsis prin libr\u0103ria Semn de Carte din Re\u015fi\u0163a \u015fi Societatea Rom\u00e2n\u0103 de Radiodifuziune prin Studioul Regional Radio Re\u015fi\u0163a s-au desf\u0103\u015furat mar\u0163i, 12 aprilie 2011, la sala Lira a Liceului de Art\u0103 Sabin P\u0103u\u0163a dou\u0103 concerte explicative. <!--more-->De data aceasta a fost r\u00e2ndul\u00a0 instrumentelor cu coarde\u00a0cu arcu\u015f. Cu o voce cald\u0103, prof. Maria Dragomirescu a spus pove\u015fti \u015fi a prezentat copiilor veni\u0163i \u00een num\u0103r mare vioara, viola, violoncelul \u015fi contrabasul. Muzicienilor de la Filarmonica Banatul din Timi\u015foara: Gabriela \u015fi Lucian Petrila \u2013 vioar\u0103, Iuliana Amb\u0103ru\u015f &#8211; viol\u0103 \u015fi Dimitrie S\u0103vescu &#8211; violoncel, li s-a al\u0103turat, pentru a prezenta cel mai grav dintre instrumentele de coarde cu arcu\u015f \u2013 contrabasul &#8211; elevul din clasa a XII-a de la Liceul de Art\u0103 re\u015fi\u0163ean, clasa prof. Eduard Aelenei, Gabriel Sepici, posibil viitor coleg cu talenta\u0163ii muzicieni ai filarmonicii timi\u015forene.<\/p>\n<p style=\"text-align: justify;\">O zi plin\u0103 de acorduri vibrante \u00een care copiii re\u015fi\u0163eni de la \u015ecolile cu clasele I-VIII nr. 7, 8, 9 si 12,\u00a0Liceul de Art\u0103 Sabin P\u0103u\u0163a \u015fi Liceul Mircea Eliade dar \u015fi\u00a0grupa mijlocie a Gr\u0103dini\u0163ei cu Program Prelugit nr.5, au \u00eenv\u0103\u0163at cum se face muzica ascult\u00e2nd sunetele calde ale instrumentelor cu coarde cu arcu\u015f.<\/p>\n<p style=\"text-align: justify;\">\u00a0<\/p>\n<p style=\"text-align: justify;\"><a href=\"http:\/\/semndecarte.metarsis.ro\/wp-content\/uploads\/2011\/04\/IMG_9861.jpg\" rel=\"lightbox[5199]\"><img loading=\"lazy\" class=\"alignleft size-thumbnail wp-image-5201\" title=\"Concert educativ\" src=\"http:\/\/semndecarte.metarsis.ro\/wp-content\/uploads\/2011\/04\/IMG_9861-95x95.jpg\" alt=\"\" width=\"95\" height=\"95\" \/><\/a><a href=\"http:\/\/semndecarte.metarsis.ro\/wp-content\/uploads\/2011\/04\/IMG_9869.jpg\" rel=\"lightbox[5199]\"><img loading=\"lazy\" class=\"alignleft size-thumbnail wp-image-5202\" title=\"Concert educativ\" src=\"http:\/\/semndecarte.metarsis.ro\/wp-content\/uploads\/2011\/04\/IMG_9869-95x95.jpg\" alt=\"\" width=\"95\" height=\"95\" \/><\/a><a href=\"http:\/\/semndecarte.metarsis.ro\/wp-content\/uploads\/2011\/04\/IMG_9870.jpg\" rel=\"lightbox[5199]\"><img loading=\"lazy\" class=\"alignleft size-thumbnail wp-image-5203\" title=\"Concert educativ\" src=\"http:\/\/semndecarte.metarsis.ro\/wp-content\/uploads\/2011\/04\/IMG_9870-95x95.jpg\" alt=\"\" width=\"95\" height=\"95\" \/><\/a><a href=\"http:\/\/semndecarte.metarsis.ro\/wp-content\/uploads\/2011\/04\/IMG_9874.jpg\" rel=\"lightbox[5199]\"><img loading=\"lazy\" class=\"alignleft size-thumbnail wp-image-5204\" title=\"Concert educativ\" src=\"http:\/\/semndecarte.metarsis.ro\/wp-content\/uploads\/2011\/04\/IMG_9874-95x95.jpg\" alt=\"\" width=\"95\" height=\"95\" \/><\/a><a href=\"http:\/\/semndecarte.metarsis.ro\/wp-content\/uploads\/2011\/04\/IMG_9880.jpg\" rel=\"lightbox[5199]\"><img loading=\"lazy\" class=\"alignleft size-thumbnail wp-image-5205\" title=\"Concert educativ\" src=\"http:\/\/semndecarte.metarsis.ro\/wp-content\/uploads\/2011\/04\/IMG_9880-95x95.jpg\" alt=\"\" width=\"95\" height=\"95\" \/><\/a><a href=\"http:\/\/semndecarte.metarsis.ro\/wp-content\/uploads\/2011\/04\/IMG_9885.jpg\" rel=\"lightbox[5199]\"><img loading=\"lazy\" class=\"alignleft size-thumbnail wp-image-5206\" title=\"Concert educativ\" src=\"http:\/\/semndecarte.metarsis.ro\/wp-content\/uploads\/2011\/04\/IMG_9885-95x95.jpg\" alt=\"\" width=\"95\" height=\"95\" \/><\/a><a href=\"http:\/\/semndecarte.metarsis.ro\/wp-content\/uploads\/2011\/04\/IMG_9891.jpg\" rel=\"lightbox[5199]\"><img loading=\"lazy\" class=\"alignleft size-thumbnail wp-image-5207\" title=\"Concert educativ\" src=\"http:\/\/semndecarte.metarsis.ro\/wp-content\/uploads\/2011\/04\/IMG_9891-95x95.jpg\" alt=\"\" width=\"95\" height=\"95\" \/><\/a><a href=\"http:\/\/semndecarte.metarsis.ro\/wp-content\/uploads\/2011\/04\/IMG_9923.jpg\" rel=\"lightbox[5199]\"><img loading=\"lazy\" class=\"alignleft size-thumbnail wp-image-5208\" title=\"Concert educativ\" src=\"http:\/\/semndecarte.metarsis.ro\/wp-content\/uploads\/2011\/04\/IMG_9923-95x95.jpg\" alt=\"\" width=\"95\" height=\"95\" \/><\/a><a href=\"http:\/\/semndecarte.metarsis.ro\/wp-content\/uploads\/2011\/04\/IMG_9930.jpg\" rel=\"lightbox[5199]\"><img loading=\"lazy\" class=\"alignleft size-thumbnail wp-image-5209\" title=\"Concert educativ\" src=\"http:\/\/semndecarte.metarsis.ro\/wp-content\/uploads\/2011\/04\/IMG_9930-95x95.jpg\" alt=\"\" width=\"95\" height=\"95\" \/><\/a><a href=\"http:\/\/semndecarte.metarsis.ro\/wp-content\/uploads\/2011\/04\/IMG_9951.jpg\" rel=\"lightbox[5199]\"><img loading=\"lazy\" class=\"alignleft size-thumbnail wp-image-5210\" title=\"Concert educativ\" src=\"http:\/\/semndecarte.metarsis.ro\/wp-content\/uploads\/2011\/04\/IMG_9951-95x95.jpg\" alt=\"\" width=\"95\" height=\"95\" \/><\/a><a href=\"http:\/\/semndecarte.metarsis.ro\/wp-content\/uploads\/2011\/04\/IMG_9968.jpg\" rel=\"lightbox[5199]\"><img loading=\"lazy\" class=\"alignleft size-thumbnail wp-image-5211\" title=\"Concert educativ\" src=\"http:\/\/semndecarte.metarsis.ro\/wp-content\/uploads\/2011\/04\/IMG_9968-95x95.jpg\" alt=\"\" width=\"95\" height=\"95\" \/><\/a><a href=\"http:\/\/semndecarte.metarsis.ro\/wp-content\/uploads\/2011\/04\/IMG_9966.jpg\" rel=\"lightbox[5199]\"><img loading=\"lazy\" class=\"alignleft size-thumbnail wp-image-5212\" title=\"Concert educativ\" src=\"http:\/\/semndecarte.metarsis.ro\/wp-content\/uploads\/2011\/04\/IMG_9966-95x95.jpg\" alt=\"\" width=\"95\" height=\"95\" \/><\/a><a href=\"http:\/\/semndecarte.metarsis.ro\/wp-content\/uploads\/2011\/04\/IMG_9967.jpg\" rel=\"lightbox[5199]\"><img loading=\"lazy\" class=\"alignleft size-thumbnail wp-image-5213\" title=\"Concert educativ\" src=\"http:\/\/semndecarte.metarsis.ro\/wp-content\/uploads\/2011\/04\/IMG_9967-95x95.jpg\" alt=\"\" width=\"95\" height=\"95\" \/><\/a><a href=\"http:\/\/semndecarte.metarsis.ro\/wp-content\/uploads\/2011\/04\/IMG_9983.jpg\" rel=\"lightbox[5199]\"><img loading=\"lazy\" class=\"alignleft size-thumbnail wp-image-5214\" title=\"Concert educativ\" src=\"http:\/\/semndecarte.metarsis.ro\/wp-content\/uploads\/2011\/04\/IMG_9983-95x95.jpg\" alt=\"\" width=\"95\" height=\"95\" \/><\/a><a href=\"http:\/\/semndecarte.metarsis.ro\/wp-content\/uploads\/2011\/04\/IMG_99877.jpg\" rel=\"lightbox[5199]\"><img loading=\"lazy\" class=\"alignleft size-thumbnail wp-image-5218\" title=\"Concert educativ\" src=\"http:\/\/semndecarte.metarsis.ro\/wp-content\/uploads\/2011\/04\/IMG_99877-95x95.jpg\" alt=\"\" width=\"95\" height=\"95\" \/><\/a><\/p>\n","protected":false},"excerpt":{"rendered":"<p>\u00cen cadrul seriei  \u201cCum se face muzica\u201d ini\u0163iat\u0103 de Filarmonica Banatul din Timi\u015foara \u00een parteneriat cu Metarsis prin libr\u0103ria Semn de Carte din Re\u015fi\u0163a \u015fi Societatea Rom\u00e2n\u0103 de Radiodifuziune prin Studioul Regional Radio Re\u015fi\u0163a s-au desf\u0103\u015furat mar\u0163i, 12 aprilie 2011, la sala Lira a Liceului de Art\u0103 Sabin P\u0103u\u0163a dou\u0103 concerte explicative. <\/p>\n","protected":false},"author":1,"featured_media":0,"comment_status":"open","ping_status":"open","sticky":false,"template":"","format":"standard","meta":[],"categories":[7],"tags":[308],"_links":{"self":[{"href":"https:\/\/semndecarte.metarsis.ro\/index.php?rest_route=\/wp\/v2\/posts\/5199"}],"collection":[{"href":"https:\/\/semndecarte.metarsis.ro\/index.php?rest_route=\/wp\/v2\/posts"}],"about":[{"href":"https:\/\/semndecarte.metarsis.ro\/index.php?rest_route=\/wp\/v2\/types\/post"}],"author":[{"embeddable":true,"href":"https:\/\/semndecarte.metarsis.ro\/index.php?rest_route=\/wp\/v2\/users\/1"}],"replies":[{"embeddable":true,"href":"https:\/\/semndecarte.metarsis.ro\/index.php?rest_route=%2Fwp%2Fv2%2Fcomments&post=5199"}],"version-history":[{"count":0,"href":"https:\/\/semndecarte.metarsis.ro\/index.php?rest_route=\/wp\/v2\/posts\/5199\/revisions"}],"wp:attachment":[{"href":"https:\/\/semndecarte.metarsis.ro\/index.php?rest_route=%2Fwp%2Fv2%2Fmedia&parent=5199"}],"wp:term":[{"taxonomy":"category","embeddable":true,"href":"https:\/\/semndecarte.metarsis.ro\/index.php?rest_route=%2Fwp%2Fv2%2Fcategories&post=5199"},{"taxonomy":"post_tag","embeddable":true,"href":"https:\/\/semndecarte.metarsis.ro\/index.php?rest_route=%2Fwp%2Fv2%2Ftags&post=5199"}],"curies":[{"name":"wp","href":"https:\/\/api.w.org\/{rel}","templated":true}]}}