{"id":5180,"date":"2011-04-08T23:04:19","date_gmt":"2011-04-08T21:04:19","guid":{"rendered":"http:\/\/semndecarte.metarsis.ro\/?p=5180"},"modified":"2011-04-08T23:04:19","modified_gmt":"2011-04-08T21:04:19","slug":"helmut-kulhanek-din-nou-acasa","status":"publish","type":"post","link":"https:\/\/semndecarte.metarsis.ro\/?p=5180","title":{"rendered":"Helmut Kulhanek, din nou acasa&#8230;"},"content":{"rendered":"<p style=\"text-align: justify;\">\u201cConstruc\u0163ii hidrotehnice de avangard\u0103 \u00een Banatul Montan. Baraje, canale, tuneluri, apeducte \u015fi centrale electrice, capodopere tehnice \u00een sud-estul Europei la \u00eenceputul secolului al XX-lea\u201d \u015fi analogul \u201c Das Wasserkraft- und Holzschwemmsystem im Banater Bergland. Talsperren, Tunnels, Kanale und Kraftwerke zwischen Semenik und Reshitz &#8211; eine technische Meisterleistung in Sudosteuropa am Anfang des 20. Jahrhunderts\u201d semnate Helmut Kulhamnek au fost lansate asear\u0103, la libr\u0103ria Semn de Carte din Re\u015fi\u0163a <!--more-->\u00een prezen\u0163a unui public numeros \u015fi select dar, din p\u0103cate, \u00een absen\u0163a autorului care, din motive obiective, nu a putut face deplasarea din Germania \u00een Rom\u00e2nia. Invita\u0163ii speciali: dr. Ada D. Cruceanu, prof. univ. Martin Olaru &#8211; Universitatea de Vest Timi\u015foara, ing. Dan Gh. Perianu, ing. Karl Ludwig Lup\u015fiasca \u015fi ing. Iulian Georgevici, vicspre\u015fedinte al Consiliului Jude\u0163ean Cara\u015f-Severin, au evocat personalitatea lui Helmut Kulhanek \u015fi au vorbit despre importan\u0163a apari\u0163iei unui volum dedicat unui sistem hidroenergetic care, la \u00eenceput de secol XX, era o capodoper\u0103 tehnic\u0103 de dimensiuni europene de prim rang, constituind un tezaur industrial ce merit\u0103 conemnat, conservat \u015fi valorificat.<\/p>\n<p style=\"text-align: justify;\">F\u0103c\u00e2nd parte dintr-o genera\u0163ie de aur &#8211; absolven\u0163i ai Bastiliei promo\u0163ia 1960- al\u0103turi de prof. dr. Dan D. Farcas, muzicianul Sabin P\u0103u\u0163a, ing. Dan Perian, dr. Mircea Meil\u0103, Rodica \u015fi Puiu Brebenar, Sanda Bogdan (\u015fi s\u0103 ne ierte cei pe care nu i-am numit) semnatarul volumului lansat asear\u0103 la libr\u0103ria Semn de Carte &#8211; profesorul\u00a0 Helmut Kulhanek a facut, \u00eenc\u0103 o dat\u0103, dovada valorii de necontestat a \u015fcolii b\u0103n\u0103\u0163ene, a apartene\u0163ei Domniei Sale la spa\u0163iul multicultural al Banatului Montan chiar dac\u0103, din 1977, este stabilit \u00een Germania.<\/p>\n<p style=\"text-align: justify;\">\u00a0<\/p>\n<p style=\"text-align: justify;\"><a href=\"http:\/\/semndecarte.metarsis.ro\/wp-content\/uploads\/2011\/04\/Lansare-de-carte-Helmut-Kulhan_0003.jpg\" rel=\"lightbox[5180]\"><img loading=\"lazy\" class=\"alignleft size-thumbnail wp-image-5181\" title=\"Ing. Dan Perianu, prof. univ. Martin Olaru - Universitatea de Vest Timisoara, dr. Ada D. Cruceanu, ing Karl Ludwig Lupsiasca\" src=\"http:\/\/semndecarte.metarsis.ro\/wp-content\/uploads\/2011\/04\/Lansare-de-carte-Helmut-Kulhan_0003-95x95.jpg\" alt=\"\" width=\"95\" height=\"95\" \/><\/a><a href=\"http:\/\/semndecarte.metarsis.ro\/wp-content\/uploads\/2011\/04\/Lansare-de-carte-Helmut-Kulhan_0004.jpg\" rel=\"lightbox[5180]\"><img loading=\"lazy\" class=\"alignleft size-thumbnail wp-image-5182\" title=\"Lansare de carte Helmut Kulhanek\" src=\"http:\/\/semndecarte.metarsis.ro\/wp-content\/uploads\/2011\/04\/Lansare-de-carte-Helmut-Kulhan_0004-95x95.jpg\" alt=\"\" width=\"95\" height=\"95\" \/><\/a><a href=\"http:\/\/semndecarte.metarsis.ro\/wp-content\/uploads\/2011\/04\/Lansare-de-carte-Helmut-Kulhan_0006.jpg\" rel=\"lightbox[5180]\"><img loading=\"lazy\" class=\"alignleft size-thumbnail wp-image-5183\" title=\"Lansare de carte Helmut Kulhanek\" src=\"http:\/\/semndecarte.metarsis.ro\/wp-content\/uploads\/2011\/04\/Lansare-de-carte-Helmut-Kulhan_0006-95x95.jpg\" alt=\"\" width=\"95\" height=\"95\" \/><\/a><a href=\"http:\/\/semndecarte.metarsis.ro\/wp-content\/uploads\/2011\/04\/Lansare-de-carte-Helmut-Kulhan_0007.jpg\" rel=\"lightbox[5180]\"><img loading=\"lazy\" class=\"alignleft size-thumbnail wp-image-5184\" title=\"Lansare de carte Helmut Kulhanek\" src=\"http:\/\/semndecarte.metarsis.ro\/wp-content\/uploads\/2011\/04\/Lansare-de-carte-Helmut-Kulhan_0007-95x95.jpg\" alt=\"\" width=\"95\" height=\"95\" \/><\/a><a href=\"http:\/\/semndecarte.metarsis.ro\/wp-content\/uploads\/2011\/04\/Lansare-de-carte-Helmut-Kulhan_0050.jpg\" rel=\"lightbox[5180]\"><img loading=\"lazy\" class=\"alignleft size-thumbnail wp-image-5185\" title=\"Ing. Karl Ludwig Lupsiasca\" src=\"http:\/\/semndecarte.metarsis.ro\/wp-content\/uploads\/2011\/04\/Lansare-de-carte-Helmut-Kulhan_0050-95x95.jpg\" alt=\"\" width=\"95\" height=\"95\" \/><\/a><a href=\"http:\/\/semndecarte.metarsis.ro\/wp-content\/uploads\/2011\/04\/Lansare-de-carte-Helmut-Kulhan_0012.jpg\" rel=\"lightbox[5180]\"><img loading=\"lazy\" class=\"alignleft size-thumbnail wp-image-5186\" title=\"Lansare de carte Helmut Kulhanek\" src=\"http:\/\/semndecarte.metarsis.ro\/wp-content\/uploads\/2011\/04\/Lansare-de-carte-Helmut-Kulhan_0012-95x95.jpg\" alt=\"\" width=\"95\" height=\"95\" \/><\/a><a href=\"http:\/\/semndecarte.metarsis.ro\/wp-content\/uploads\/2011\/04\/Lansare-de-carte-Helmut-Kulhan_0014.jpg\" rel=\"lightbox[5180]\"><img loading=\"lazy\" class=\"alignleft size-thumbnail wp-image-5187\" title=\"Lansare de carte Helmut Kulhanek\" src=\"http:\/\/semndecarte.metarsis.ro\/wp-content\/uploads\/2011\/04\/Lansare-de-carte-Helmut-Kulhan_0014-95x95.jpg\" alt=\"\" width=\"95\" height=\"95\" \/><\/a><a href=\"http:\/\/semndecarte.metarsis.ro\/wp-content\/uploads\/2011\/04\/Lansare-de-carte-Helmut-Kulhan_0016.jpg\" rel=\"lightbox[5180]\"><img loading=\"lazy\" class=\"alignleft size-thumbnail wp-image-5188\" title=\"Lansare de carte Helmut Kulhanek\" src=\"http:\/\/semndecarte.metarsis.ro\/wp-content\/uploads\/2011\/04\/Lansare-de-carte-Helmut-Kulhan_0016-95x95.jpg\" alt=\"\" width=\"95\" height=\"95\" \/><\/a><a href=\"http:\/\/semndecarte.metarsis.ro\/wp-content\/uploads\/2011\/04\/Lansare-de-carte-Helmut-Kulhan_0022.jpg\" rel=\"lightbox[5180]\"><img loading=\"lazy\" class=\"alignleft size-thumbnail wp-image-5189\" title=\"Lansare de carte Helmut Kulhanek\" src=\"http:\/\/semndecarte.metarsis.ro\/wp-content\/uploads\/2011\/04\/Lansare-de-carte-Helmut-Kulhan_0022-95x95.jpg\" alt=\"\" width=\"95\" height=\"95\" \/><\/a><a href=\"http:\/\/semndecarte.metarsis.ro\/wp-content\/uploads\/2011\/04\/Lansare-de-carte-Helmut-Kulhan_0023.jpg\" rel=\"lightbox[5180]\"><img loading=\"lazy\" class=\"alignleft size-thumbnail wp-image-5190\" title=\"Lansare de carte Helmut Kulhanek\" src=\"http:\/\/semndecarte.metarsis.ro\/wp-content\/uploads\/2011\/04\/Lansare-de-carte-Helmut-Kulhan_0023-95x95.jpg\" alt=\"\" width=\"95\" height=\"95\" \/><\/a><a href=\"http:\/\/semndecarte.metarsis.ro\/wp-content\/uploads\/2011\/04\/Lansare-de-carte-Helmut-Kulhan_0024.jpg\" rel=\"lightbox[5180]\"><img loading=\"lazy\" class=\"alignleft size-thumbnail wp-image-5191\" title=\"Lansare de carte Helmut Kulhanek\" src=\"http:\/\/semndecarte.metarsis.ro\/wp-content\/uploads\/2011\/04\/Lansare-de-carte-Helmut-Kulhan_0024-95x95.jpg\" alt=\"\" width=\"95\" height=\"95\" \/><\/a><a href=\"http:\/\/semndecarte.metarsis.ro\/wp-content\/uploads\/2011\/04\/Lansare-de-carte-Helmut-Kulhan_0025.jpg\" rel=\"lightbox[5180]\"><img loading=\"lazy\" class=\"alignleft size-thumbnail wp-image-5192\" title=\"Lansare de carte Helmut Kulhanek\" src=\"http:\/\/semndecarte.metarsis.ro\/wp-content\/uploads\/2011\/04\/Lansare-de-carte-Helmut-Kulhan_0025-95x95.jpg\" alt=\"\" width=\"95\" height=\"95\" \/><\/a><a href=\"http:\/\/semndecarte.metarsis.ro\/wp-content\/uploads\/2011\/04\/Lansare-de-carte-Helmut-Kulhan_0037.jpg\" rel=\"lightbox[5180]\"><img loading=\"lazy\" class=\"alignleft size-thumbnail wp-image-5193\" title=\"Lansare de carte Helmut Kulhanek\" src=\"http:\/\/semndecarte.metarsis.ro\/wp-content\/uploads\/2011\/04\/Lansare-de-carte-Helmut-Kulhan_0037-95x95.jpg\" alt=\"\" width=\"95\" height=\"95\" \/><\/a><a href=\"http:\/\/semndecarte.metarsis.ro\/wp-content\/uploads\/2011\/04\/Lansare-de-carte-Helmut-Kulhan_0043.jpg\" rel=\"lightbox[5180]\"><img loading=\"lazy\" class=\"alignleft size-thumbnail wp-image-5194\" title=\"Erwin Josef Tigla\" src=\"http:\/\/semndecarte.metarsis.ro\/wp-content\/uploads\/2011\/04\/Lansare-de-carte-Helmut-Kulhan_0043-95x95.jpg\" alt=\"\" width=\"95\" height=\"95\" \/><\/a><a href=\"http:\/\/semndecarte.metarsis.ro\/wp-content\/uploads\/2011\/04\/Lansare-de-carte-Helmut-Kulhan_0048.jpg\" rel=\"lightbox[5180]\"><img loading=\"lazy\" class=\"alignleft size-thumbnail wp-image-5195\" title=\"Ing. Iulian Georgevici\" src=\"http:\/\/semndecarte.metarsis.ro\/wp-content\/uploads\/2011\/04\/Lansare-de-carte-Helmut-Kulhan_0048-95x95.jpg\" alt=\"\" width=\"95\" height=\"95\" \/><\/a><\/p>\n","protected":false},"excerpt":{"rendered":"<p>F\u0103c\u00e2nd parte dintr-o genera\u0163ie de aur &#8211; absolven\u0163i ai Bastiliei promo\u0163ia 1960- al\u0103turi de prof. dr. Dan D. Farcas, muzicianul Sabin P\u0103u\u0163a, ing. Dan Perian, dr. Mircea Meil\u0103, Rodica \u015fi Puiu Brebenar, Sanda Bogdan (\u015fi s\u0103 ne ierte cei pe care nu i-am numit) semnatarul volumului lansat asear\u0103 la libr\u0103ria Semn de Carte &#8211; profesorul  Helmut Kulhanek a facut, \u00eenc\u0103 o dat\u0103, dovada valorii de necontestat a \u015fcolii b\u0103n\u0103\u0163ene, a apartene\u0163ei Domniei Sale la spa\u0163iul multicultural al Banatului Montan chiar dac\u0103, din 1977, este stabilit \u00een Germania.<\/p>\n","protected":false},"author":1,"featured_media":0,"comment_status":"open","ping_status":"open","sticky":false,"template":"","format":"standard","meta":[],"categories":[7],"tags":[69],"_links":{"self":[{"href":"https:\/\/semndecarte.metarsis.ro\/index.php?rest_route=\/wp\/v2\/posts\/5180"}],"collection":[{"href":"https:\/\/semndecarte.metarsis.ro\/index.php?rest_route=\/wp\/v2\/posts"}],"about":[{"href":"https:\/\/semndecarte.metarsis.ro\/index.php?rest_route=\/wp\/v2\/types\/post"}],"author":[{"embeddable":true,"href":"https:\/\/semndecarte.metarsis.ro\/index.php?rest_route=\/wp\/v2\/users\/1"}],"replies":[{"embeddable":true,"href":"https:\/\/semndecarte.metarsis.ro\/index.php?rest_route=%2Fwp%2Fv2%2Fcomments&post=5180"}],"version-history":[{"count":0,"href":"https:\/\/semndecarte.metarsis.ro\/index.php?rest_route=\/wp\/v2\/posts\/5180\/revisions"}],"wp:attachment":[{"href":"https:\/\/semndecarte.metarsis.ro\/index.php?rest_route=%2Fwp%2Fv2%2Fmedia&parent=5180"}],"wp:term":[{"taxonomy":"category","embeddable":true,"href":"https:\/\/semndecarte.metarsis.ro\/index.php?rest_route=%2Fwp%2Fv2%2Fcategories&post=5180"},{"taxonomy":"post_tag","embeddable":true,"href":"https:\/\/semndecarte.metarsis.ro\/index.php?rest_route=%2Fwp%2Fv2%2Ftags&post=5180"}],"curies":[{"name":"wp","href":"https:\/\/api.w.org\/{rel}","templated":true}]}}