{"id":5144,"date":"2011-04-01T21:23:21","date_gmt":"2011-04-01T19:23:21","guid":{"rendered":"http:\/\/semndecarte.metarsis.ro\/?p=5144"},"modified":"2011-04-01T21:23:36","modified_gmt":"2011-04-01T19:23:36","slug":"cornel-coco-galescu-si-muntii-sai-dragi","status":"publish","type":"post","link":"https:\/\/semndecarte.metarsis.ro\/?p=5144","title":{"rendered":"Cornel (Coco) Galescu \u015fi mun\u0163ii s\u0103i dragi"},"content":{"rendered":"<p style=\"text-align: justify;\"><strong>Crestele mun\u0163ilor<\/strong><\/p>\n<p style=\"text-align: justify;\">Trebuie s\u0103 fii al muntelui scria Nichita St\u0103nescu \u00een ,,Dragii mei mun\u0163i\u2019\u2019 ca s\u0103 ai curajul s\u0103 te bucuri c\u0103 mai exi\u015fti, s\u0103 vezi mun\u0163ii. Fericit\u0103 coinciden\u0163\u0103 evocarea poetului \u00een aceast\u0103 zi la 78 de ani de la na\u015ftere cu pledoaria alpinistului Cornel Galescu pentru \u00een\u0103l\u0163imi \u00eentr-un l\u0103ca\u015f al c\u0103r\u0163ilor cum este libr\u0103ria Semn de Carte din Re\u015fi\u0163a. <!--more-->De altfel discursul lui introductiv \u00een prezentarea imaginilor din expedi\u0163iile sale, s-a aflat tocmai pe aceast\u0103 corela\u0163ie la \u00eent\u00e2lnirea cu iubitorii muntelui.<\/p>\n<p style=\"text-align: justify;\">A\u015fa cum v-a\u0163i dat seama, libr\u0103ria Semn de Carte a fost joi seara, gazda altei manifestari din proiectul Metarsis av\u00e2ndu-l \u00een centrul aten\u0163iei pe alpinistul Cornel Galescu pre\u015fedintele Clubului Montan din Caransebe\u015f. Libraria a fost aproape ne\u00eec\u0103p\u0103toare pe l\u00e2ng\u0103 membrii clubului Prietenii Mun\u0163ilor, mul\u0163i iubitori ai drumurilor montane fiind dornici s\u0103 vad\u0103 imagini din aventurile sale \u00een Himalaya, Alaska, Patagonia, Montblanc sau st\u00e2nd \u00een cap la Polul Nord, izb\u00e2nzi imortalizate \u00een foto dar \u015fi video, demne de Na\u0163ional Geographic sau Discovery. A fost o \u00eent\u00e2lnire \u00een care Coco a reu\u015fit s\u0103 trasmit\u0103 celor prezen\u0163i c\u0103 fiecare om trebuie s\u0103-\u015fi cucereasc\u0103 propriul Everest.<\/p>\n<p style=\"text-align: justify;\">(Alexandra Gorghiu, Radio Re\u015fi\u0163a)<\/p>\n<p><a href=\"http:\/\/semndecarte.metarsis.ro\/wp-content\/uploads\/2011\/04\/Coco-Galescu_002.jpg\" rel=\"lightbox[5144]\"><img loading=\"lazy\" class=\"alignleft size-thumbnail wp-image-5145\" title=\"Ascult\u00e2ndu-l pe Coco Galescu\" src=\"http:\/\/semndecarte.metarsis.ro\/wp-content\/uploads\/2011\/04\/Coco-Galescu_002-95x95.jpg\" alt=\"\" width=\"95\" height=\"95\" \/><\/a><a href=\"http:\/\/semndecarte.metarsis.ro\/wp-content\/uploads\/2011\/04\/Coco-Galescu_005.jpg\" rel=\"lightbox[5144]\"><img loading=\"lazy\" class=\"alignleft size-thumbnail wp-image-5146\" title=\"Ochi \u015fi urechi la expedi\u0163iile alpinistului b\u0103n\u0103\u0163ean\" src=\"http:\/\/semndecarte.metarsis.ro\/wp-content\/uploads\/2011\/04\/Coco-Galescu_005-95x95.jpg\" alt=\"\" width=\"95\" height=\"95\" \/><\/a><a href=\"http:\/\/semndecarte.metarsis.ro\/wp-content\/uploads\/2011\/04\/Coco-Galescu_107.jpg\" rel=\"lightbox[5144]\"><img loading=\"lazy\" class=\"alignleft size-thumbnail wp-image-5151\" title=\"Coco Galescu, un povestitor des\u0103v\u00e2r\u015fit\" src=\"http:\/\/semndecarte.metarsis.ro\/wp-content\/uploads\/2011\/04\/Coco-Galescu_107-95x95.jpg\" alt=\"\" width=\"95\" height=\"95\" \/><\/a><a href=\"http:\/\/semndecarte.metarsis.ro\/wp-content\/uploads\/2011\/04\/Coco-Galescu_106.jpg\" rel=\"lightbox[5144]\"><img loading=\"lazy\" class=\"alignleft size-thumbnail wp-image-5150\" title=\"Cornel (Coco) Galescu\" src=\"http:\/\/semndecarte.metarsis.ro\/wp-content\/uploads\/2011\/04\/Coco-Galescu_106-95x95.jpg\" alt=\"\" width=\"95\" height=\"95\" \/><\/a><a href=\"http:\/\/semndecarte.metarsis.ro\/wp-content\/uploads\/2011\/04\/Coco-Galescu_103.jpg\" rel=\"lightbox[5144]\"><img loading=\"lazy\" class=\"alignleft size-thumbnail wp-image-5147\" title=\"Cu to\u0163ii am fost fermeca\u0163i de istorisirile lui Coco\" src=\"http:\/\/semndecarte.metarsis.ro\/wp-content\/uploads\/2011\/04\/Coco-Galescu_103-95x95.jpg\" alt=\"\" width=\"95\" height=\"95\" \/><\/a><a href=\"http:\/\/semndecarte.metarsis.ro\/wp-content\/uploads\/2011\/04\/Coco-Galescu_105.jpg\" rel=\"lightbox[5144]\"><img loading=\"lazy\" class=\"alignleft size-thumbnail wp-image-5149\" title=\"Un  prieten al mun\u0163ilor, Viorel Gr\u0103dinaru.\" src=\"http:\/\/semndecarte.metarsis.ro\/wp-content\/uploads\/2011\/04\/Coco-Galescu_105-95x95.jpg\" alt=\"\" width=\"95\" height=\"95\" \/><\/a><a href=\"http:\/\/semndecarte.metarsis.ro\/wp-content\/uploads\/2011\/04\/Coco-Galescu_108.jpg\" rel=\"lightbox[5144]\"><img loading=\"lazy\" class=\"alignleft size-thumbnail wp-image-5152\" title=\"Pentru o  or\u0103, cel pu\u0163in, am fost cu to\u0163ii prieteni ai mun\u0163ilor.\" src=\"http:\/\/semndecarte.metarsis.ro\/wp-content\/uploads\/2011\/04\/Coco-Galescu_108-95x95.jpg\" alt=\"\" width=\"95\" height=\"95\" \/><\/a><a href=\"http:\/\/semndecarte.metarsis.ro\/wp-content\/uploads\/2011\/04\/Coco-Galescu_104.jpg\" rel=\"lightbox[5144]\"><img loading=\"lazy\" class=\"alignleft size-thumbnail wp-image-5148\" title=\"Pre\u015fedintele Asocia\u0163iei Prietenii mun\u0163ilor din Re\u015fi\u0163a, Helmut Krubl.\" src=\"http:\/\/semndecarte.metarsis.ro\/wp-content\/uploads\/2011\/04\/Coco-Galescu_104-95x95.jpg\" alt=\"\" width=\"95\" height=\"95\" \/><\/a><a href=\"http:\/\/semndecarte.metarsis.ro\/wp-content\/uploads\/2011\/04\/Coco-Galescu_117.jpg\" rel=\"lightbox[5144]\"><img loading=\"lazy\" class=\"alignleft size-thumbnail wp-image-5154\" title=\"Al\u0103turi de Doru Dinu Gl\u0103van, pre\u015fedintele Academiei Olimpice Cara\u015f Severin, un veteran al drume\u0163iilor, Ioan Adamek - 85 ani.\" src=\"http:\/\/semndecarte.metarsis.ro\/wp-content\/uploads\/2011\/04\/Coco-Galescu_117-95x95.jpg\" alt=\"\" width=\"95\" height=\"95\" \/><\/a><a href=\"http:\/\/semndecarte.metarsis.ro\/wp-content\/uploads\/2011\/04\/Coco-Galescu_112.jpg\" rel=\"lightbox[5144]\"><img loading=\"lazy\" class=\"alignleft size-thumbnail wp-image-5153\" title=\"O seara care nu va fi uitat\u0103 pre cur\u00e2nd\" src=\"http:\/\/semndecarte.metarsis.ro\/wp-content\/uploads\/2011\/04\/Coco-Galescu_112-95x95.jpg\" alt=\"\" width=\"95\" height=\"95\" \/><\/a><\/p>\n<p>\n<object style=\"width: 258px; height: 212px;\" classid=\"clsid:d27cdb6e-ae6d-11cf-96b8-444553540000\" width=\"258\" height=\"212\" codebase=\"http:\/\/download.macromedia.com\/pub\/shockwave\/cabs\/flash\/swflash.cab#version=6,0,40,0\"><param name=\"play\" value=\"false\" \/><param name=\"loop\" value=\"false\" \/><param name=\"salign\" value=\"b\" \/><param name=\"src\" value=\"http:\/\/www.youtube.com\/v\/aqlvl7PlKsc&amp;feature&amp;rel=0\" \/><param name=\"align\" value=\"right\" \/><embed style=\"width: 258px; height: 212px;\" type=\"application\/x-shockwave-flash\" width=\"258\" height=\"212\" src=\"http:\/\/www.youtube.com\/v\/aqlvl7PlKsc&amp;feature&amp;rel=0\" align=\"right\" salign=\"b\" loop=\"false\" play=\"false\"><\/embed><\/object>\n<\/p>\n<p>\n<object style=\"width: 258px; height: 212px;\" classid=\"clsid:d27cdb6e-ae6d-11cf-96b8-444553540000\" width=\"258\" height=\"212\" codebase=\"http:\/\/download.macromedia.com\/pub\/shockwave\/cabs\/flash\/swflash.cab#version=6,0,40,0\"><param name=\"play\" value=\"false\" \/><param name=\"loop\" value=\"false\" \/><param name=\"salign\" value=\"b\" \/><param name=\"src\" value=\"http:\/\/www.youtube.com\/v\/rPYqPpUk1O4&amp;feature&amp;rel=0\" \/><param name=\"align\" value=\"left\" \/><embed style=\"width: 258px; height: 212px;\" type=\"application\/x-shockwave-flash\" width=\"258\" height=\"212\" src=\"http:\/\/www.youtube.com\/v\/rPYqPpUk1O4&amp;feature&amp;rel=0\" align=\"left\" salign=\"b\" loop=\"false\" play=\"false\"><\/embed><\/object><\/p>\n","protected":false},"excerpt":{"rendered":"<p>Trebuie s\u0103 fii al muntelui scria Nichita St\u0103nescu \u00een ,,Dragii mei mun\u0163i\u2019\u2019 ca s\u0103 ai curajul s\u0103 te bucuri c\u0103 mai exi\u015fti, s\u0103 vezi mun\u0163ii. Fericit\u0103 coinciden\u0163\u0103 evocarea poetului \u00een aceast\u0103 zi la 78 de ani de la na\u015ftere cu pledoaria alpinistului Cornel Galescu pentru \u00een\u0103l\u0163imi \u00eentr-un l\u0103ca\u015f al c\u0103r\u0163ilor cum este libr\u0103ria Semn de Carte din Re\u015fi\u0163a. <\/p>\n","protected":false},"author":1,"featured_media":0,"comment_status":"open","ping_status":"open","sticky":false,"template":"","format":"standard","meta":[],"categories":[6,7],"tags":[320,321],"_links":{"self":[{"href":"https:\/\/semndecarte.metarsis.ro\/index.php?rest_route=\/wp\/v2\/posts\/5144"}],"collection":[{"href":"https:\/\/semndecarte.metarsis.ro\/index.php?rest_route=\/wp\/v2\/posts"}],"about":[{"href":"https:\/\/semndecarte.metarsis.ro\/index.php?rest_route=\/wp\/v2\/types\/post"}],"author":[{"embeddable":true,"href":"https:\/\/semndecarte.metarsis.ro\/index.php?rest_route=\/wp\/v2\/users\/1"}],"replies":[{"embeddable":true,"href":"https:\/\/semndecarte.metarsis.ro\/index.php?rest_route=%2Fwp%2Fv2%2Fcomments&post=5144"}],"version-history":[{"count":0,"href":"https:\/\/semndecarte.metarsis.ro\/index.php?rest_route=\/wp\/v2\/posts\/5144\/revisions"}],"wp:attachment":[{"href":"https:\/\/semndecarte.metarsis.ro\/index.php?rest_route=%2Fwp%2Fv2%2Fmedia&parent=5144"}],"wp:term":[{"taxonomy":"category","embeddable":true,"href":"https:\/\/semndecarte.metarsis.ro\/index.php?rest_route=%2Fwp%2Fv2%2Fcategories&post=5144"},{"taxonomy":"post_tag","embeddable":true,"href":"https:\/\/semndecarte.metarsis.ro\/index.php?rest_route=%2Fwp%2Fv2%2Ftags&post=5144"}],"curies":[{"name":"wp","href":"https:\/\/api.w.org\/{rel}","templated":true}]}}