{"id":5098,"date":"2011-03-19T18:36:00","date_gmt":"2011-03-19T16:36:00","guid":{"rendered":"http:\/\/semndecarte.metarsis.ro\/?p=5098"},"modified":"2011-03-19T19:29:55","modified_gmt":"2011-03-19T17:29:55","slug":"lumea-noastra","status":"publish","type":"post","link":"https:\/\/semndecarte.metarsis.ro\/?p=5098","title":{"rendered":"&#8222;Lumea noastr\u0103&#8221;"},"content":{"rendered":"<p style=\"text-align: justify;\">Laureat\u0103 doi ani consecutiv la Concursul Na\u0163ional al Revistelor \u015ecolare, \u201cLumea noastr\u0103\u201d \u2013 cea a elevilor de la \u015ecoala cu clasele I-VIII nr. 7 din Re\u015fi\u0163a a fost prezentat\u0103 publicului iubitor de cultur\u0103 prin lansarea, joi 17 martie 2011, al celui de al nou\u0103sprezecelea num\u0103r la libr\u0103ria Semn de Carte. Echipa redac\u0163ional\u0103: Maria Avram, Adrian Roat\u0103, Claudia Savin, Cristi Preda, R\u0103zvan Negril\u0103, Dragos Corcan, Adreea Gavrilescu, Bianca Semeniuc, Alexandru Ienea, Andreea Avram, Codru\u0163a Goag\u0103, Glogoviceanu Ami, Gogo\u015feanu Oana, Larisa B\u0103r\u0103scu, Alexandru Ha\u0163egan, Darian Fenye\u015f \u015fi Laura Constantinescu, coordona\u0163i de institutor Cristina Ardeleanu ne-au dezv\u0103luit, \u00eentr-adevar, o lume minunat\u0103 a copil\u0103riei, candid\u0103, creativ\u0103 \u015fi inventiv\u0103, curioas\u0103 \u015fi preocupat\u0103 de ce se \u00eentampl\u0103 \u00een jur, de cultura \u015fi istoria Banatului Montan- locul \u00een care s-au n\u0103scut \u015fi se formeaz\u0103 ace\u015fti mununa\u0163i copii.<!--more--> Ca ni\u015fte adevara\u0163i jurnali\u015fti micii redactori \u015fi-au prezentat temele din articolele cuprinse \u00een revist\u0103. Prezen\u0163a la lansare a conducerii \u015fcolii prin director prof. Cristiana Schmaler \u015fi director adjunct prof. Ileana Pomoja, a prof. Martin Moat\u0103r \u015fi a prof. Ionu\u0163 G\u00e2rtoi- votat de catre elevi\u00a0 profesorul preferat -, a dl.Nicolae Caplescu, cel ce a m\u0103rturisit c\u0103 \u015ecoala nr.7 este \u015fcoala familiei sale, a prof. Ana Kremm \u015fi prof. Atena Lungu de la Liceul Diaconovici-Tietz a fost un semn de recunoa\u015ftere a implic\u0103rii \u015fi eforturilor copiilor \u00een apari\u0163ia revistei \u201cLumea noastr\u0103\u201d.<\/p>\n<p style=\"text-align: justify;\">Prezen\u0163a renumitului alpinist c\u0103r\u0103\u015fan Cornel (Coco) Galescu \u015fi a Asocia\u0163iei \u201cPrietenilor mun\u0163ilor\u201d prin Gheorghe Bologa (nu \u00eentamplator profesor de fizic\u0103 la Gen. 7) \u015fi Gelu Ebetiuc- vicepre\u015fedinte, s-au constituit \u00een adev\u0103rate pledoarii pentru sport \u015fi mi\u015fcare, pentru Muntele Mic \u015fi Semenic &#8211; mun\u0163ii primitori ai Banatului Montan.<\/p>\n<p style=\"text-align: justify;\">Gheorghe Jurma &#8211; preabine cunoscutul editor \u015fi scriitor c\u0103r\u0103\u015fan,\u00a0 redactorul-\u015fef al Jurnalului de Cara\u015f \u2013 Nina Curi\u0163a \u015fi\u00a0 jurnalistul de la \u201cArgumen\u201d ziar online de Cara\u015f-Severin- Matei Mircioane i-au felicitat \u015fi \u00eencurajat pe micu\u0163ii redactori. Acelea\u015fi felicit\u0103ri le-au fost adresate \u015fi de doi seniori prezen\u0163i la eveniment, figuri legendare ale Re\u015fi\u0163ei,\u00a0prof. Hansi Schuster \u015fi ing. Roland Staroscik.<\/p>\n<p style=\"text-align: justify;\">\u00cen \u00eencheiere, ARIcel ISTE\u0162 \u2013 ariciul Semnului de Carte- i-a r\u0103sf\u0103\u0163at pe cei prezen\u0163i cu bomboane \u015fi le-a oferit o surpriz\u0103 : pe elevul din clasa a V-a\u00a0 a \u015ecolii Gen. 2 Re\u015fi\u0163a insotit de\u00a0 prof. Adriana Caciuc-Ponoran- dirijoarea corului re\u015fitean &#8222;Menestrelul&#8221;- talentatul D\u0103nu\u0163 Ghilea care a interpretat piesa intrat\u0103 \u00een finala concursului Mamaia Copiilor de anul acesta \u201cS\u0103 nu ui\u0163i niciodat\u0103 de unde ai plecat\u201d. Emo\u0163ionant moment care a subliniat, dac\u0103 mai era nevoie, leg\u0103tura puternic\u0103 a celor prezen\u0163i cu fascinantul Banat Montan.<\/p>\n<p style=\"text-align: justify;\"><a href=\"http:\/\/semndecarte.metarsis.ro\/wp-content\/uploads\/2011\/03\/revista-19.pdf\">Revista Lumea noastr\u0103<\/a> (cite\u015fte \u00een format pdf)<\/p>\n<p style=\"text-align: justify;\">\u00a0<\/p>\n<p style=\"text-align: justify;\"><a href=\"http:\/\/semndecarte.metarsis.ro\/wp-content\/uploads\/2011\/03\/Lumea-noastra003.jpg\" rel=\"lightbox[5098]\"><img loading=\"lazy\" class=\"alignleft size-thumbnail wp-image-5114\" title=\"Lansarea numarului 19 al revistei \u015fcolare &quot;Lumea noastr\u0103&quot;\" src=\"http:\/\/semndecarte.metarsis.ro\/wp-content\/uploads\/2011\/03\/Lumea-noastra003-95x95.jpg\" alt=\"\" width=\"95\" height=\"95\" \/><\/a><a href=\"http:\/\/semndecarte.metarsis.ro\/wp-content\/uploads\/2011\/03\/Lumea-noastra038.jpg\" rel=\"lightbox[5098]\"><img loading=\"lazy\" class=\"alignleft size-thumbnail wp-image-5103\" title=\"Prof. Cristiana Schmaler, directorul \u015ecolii cu clasele I-VIII nr. 7 din Re\u015fi\u0163a \u015fi Gheorghe Bologa, prof de fizic\u0103 la aceia\u015fi \u015fcoal\u0103\" src=\"http:\/\/semndecarte.metarsis.ro\/wp-content\/uploads\/2011\/03\/Lumea-noastra038-95x95.jpg\" alt=\"\" width=\"95\" height=\"95\" \/><\/a><a href=\"http:\/\/semndecarte.metarsis.ro\/wp-content\/uploads\/2011\/03\/Lumea-noastra026.jpg\" rel=\"lightbox[5098]\"><img loading=\"lazy\" class=\"alignleft size-thumbnail wp-image-5109\" title=\"Lansarea numarului 19 al revistei \u015fcolare &quot;Lumea noastr\u0103&quot;\" src=\"http:\/\/semndecarte.metarsis.ro\/wp-content\/uploads\/2011\/03\/Lumea-noastra026-95x95.jpg\" alt=\"\" width=\"95\" height=\"95\" \/><\/a><a href=\"http:\/\/semndecarte.metarsis.ro\/wp-content\/uploads\/2011\/03\/Lumea-noastra047.jpg\" rel=\"lightbox[5098]\"><img loading=\"lazy\" class=\"alignleft size-thumbnail wp-image-5105\" title=\"Jurnalista Nina Curi\u0163a, redactor \u015fef la Jurnal de Cara\u015f, prezent\u0103 la lansarea numarului 19 al revistei \u015fcolare &quot;Lumea noastr\u0103&quot;\" src=\"http:\/\/semndecarte.metarsis.ro\/wp-content\/uploads\/2011\/03\/Lumea-noastra047-95x95.jpg\" alt=\"\" width=\"95\" height=\"95\" \/><\/a><a href=\"http:\/\/semndecarte.metarsis.ro\/wp-content\/uploads\/2011\/03\/Lumea-noastra039.jpg\" rel=\"lightbox[5098]\"><img loading=\"lazy\" class=\"alignleft size-thumbnail wp-image-5110\" title=\"Jurnalistul Matei Mircioane prezent la lansarea numarului 19 al revistei \u015fcolare &quot;Lumea noastr\u0103&quot;\" src=\"http:\/\/semndecarte.metarsis.ro\/wp-content\/uploads\/2011\/03\/Lumea-noastra039-95x95.jpg\" alt=\"\" width=\"95\" height=\"95\" \/><\/a><a href=\"http:\/\/semndecarte.metarsis.ro\/wp-content\/uploads\/2011\/03\/Lumea-noastra012.jpg\" rel=\"lightbox[5098]\"><img loading=\"lazy\" class=\"alignleft size-thumbnail wp-image-5106\" title=\"Maria Avram, elev\u0103 \u00een cl. a VIII-a, la lansarea numarului 19 al revistei \u015fcolare &quot;Lumea noastr\u0103&quot;\" src=\"http:\/\/semndecarte.metarsis.ro\/wp-content\/uploads\/2011\/03\/Lumea-noastra012-95x95.jpg\" alt=\"\" width=\"95\" height=\"95\" \/><\/a><a href=\"http:\/\/semndecarte.metarsis.ro\/wp-content\/uploads\/2011\/03\/Lumea-noastra017.jpg\" rel=\"lightbox[5098]\"><img loading=\"lazy\" class=\"alignleft size-thumbnail wp-image-5108\" title=\"Gelu Ebetiuc (Prietenii mun\u0163ilor), alpinistul Coco Galescu, prof. Ana Kremm (Liceul Diaconovici-Tietz) \u015fi editorul Gheorghe Jurma prezen\u0163i la lansarea numarului 19 al revistei \u015fcolare &quot;Lumea noastr\u0103&quot;\" src=\"http:\/\/semndecarte.metarsis.ro\/wp-content\/uploads\/2011\/03\/Lumea-noastra017-95x95.jpg\" alt=\"\" width=\"95\" height=\"95\" \/><\/a><a href=\"http:\/\/semndecarte.metarsis.ro\/wp-content\/uploads\/2011\/03\/Lumea-noastra057.jpg\" rel=\"lightbox[5098]\"><img loading=\"lazy\" class=\"alignleft size-thumbnail wp-image-5104\" title=\"D\u0103nu\u0163 Ghilea, cl. V-a, \u015fc. gen. 2 din Re\u015fi\u0163a, participant la Mamaia copiilor, c\u00e2nt\u00e2nd &quot;S\u0103 nu ui\u0163i niciodat\u0103 de unde ai plecat&quot;\" src=\"http:\/\/semndecarte.metarsis.ro\/wp-content\/uploads\/2011\/03\/Lumea-noastra057-95x95.jpg\" alt=\"\" width=\"95\" height=\"95\" \/><\/a><a href=\"http:\/\/semndecarte.metarsis.ro\/wp-content\/uploads\/2011\/03\/Lumea-noastra023.jpg\" rel=\"lightbox[5098]\"><img loading=\"lazy\" class=\"alignleft size-thumbnail wp-image-5111\" title=\"La lansarea numarului 19 al revistei \u015fcolare &quot;Lumea noastr\u0103&quot;\" src=\"http:\/\/semndecarte.metarsis.ro\/wp-content\/uploads\/2011\/03\/Lumea-noastra023-95x95.jpg\" alt=\"\" width=\"95\" height=\"95\" \/><\/a><a href=\"http:\/\/semndecarte.metarsis.ro\/wp-content\/uploads\/2011\/03\/Lumea-noastra065.jpg\" rel=\"lightbox[5098]\"><img loading=\"lazy\" class=\"alignleft size-thumbnail wp-image-5115\" title=\"Nu te sup\u0103ra frate!\" src=\"http:\/\/semndecarte.metarsis.ro\/wp-content\/uploads\/2011\/03\/Lumea-noastra065-95x95.jpg\" alt=\"\" width=\"95\" height=\"95\" \/><\/a><\/p>\n<p>\n<object style=\"width: 520px; height: 428px;\" classid=\"clsid:d27cdb6e-ae6d-11cf-96b8-444553540000\" width=\"520\" height=\"428\" codebase=\"http:\/\/download.macromedia.com\/pub\/shockwave\/cabs\/flash\/swflash.cab#version=6,0,40,0\"><param name=\"play\" value=\"false\" \/><param name=\"loop\" value=\"false\" \/><param name=\"salign\" value=\"l\" \/><param name=\"src\" value=\"http:\/\/www.youtube.com\/v\/PNYqql0pL60&amp;rel=0\" \/><param name=\"align\" value=\"left\" \/><embed style=\"width: 520px; height: 428px;\" type=\"application\/x-shockwave-flash\" width=\"520\" height=\"428\" src=\"http:\/\/www.youtube.com\/v\/PNYqql0pL60&amp;rel=0\" align=\"left\" salign=\"l\" loop=\"false\" play=\"false\"><\/embed><\/object>\n<\/p>\n<p>\n<object style=\"width: 260px; height: 214px;\" classid=\"clsid:d27cdb6e-ae6d-11cf-96b8-444553540000\" width=\"260\" height=\"214\" codebase=\"http:\/\/download.macromedia.com\/pub\/shockwave\/cabs\/flash\/swflash.cab#version=6,0,40,0\"><param name=\"play\" value=\"false\" \/><param name=\"loop\" value=\"false\" \/><param name=\"salign\" value=\"l\" \/><param name=\"src\" value=\"http:\/\/www.youtube.com\/v\/PnOEgQgqwOk&amp;rel=0\" \/><param name=\"align\" value=\"left\" \/><embed style=\"width: 260px; height: 214px;\" type=\"application\/x-shockwave-flash\" width=\"260\" height=\"214\" src=\"http:\/\/www.youtube.com\/v\/PnOEgQgqwOk&amp;rel=0\" align=\"left\" salign=\"l\" loop=\"false\" play=\"false\"><\/embed><\/object>\n<\/p>\n<p>\n<object style=\"width: 260px; height: 214px;\" classid=\"clsid:d27cdb6e-ae6d-11cf-96b8-444553540000\" width=\"260\" height=\"214\" codebase=\"http:\/\/download.macromedia.com\/pub\/shockwave\/cabs\/flash\/swflash.cab#version=6,0,40,0\"><param name=\"play\" value=\"false\" \/><param name=\"loop\" value=\"false\" \/><param name=\"salign\" value=\"l\" \/><param name=\"src\" value=\"http:\/\/www.youtube.com\/v\/-Exo7eSlhb4&amp;rel=0\" \/><param name=\"align\" value=\"left\" \/><embed style=\"width: 260px; height: 214px;\" type=\"application\/x-shockwave-flash\" width=\"260\" height=\"214\" src=\"http:\/\/www.youtube.com\/v\/-Exo7eSlhb4&amp;rel=0\" align=\"left\" salign=\"l\" loop=\"false\" play=\"false\"><\/embed><\/object><\/p>\n","protected":false},"excerpt":{"rendered":"<p>Laureat\u0103 doi ani consecutiv la Concursul Na\u0163ional al Revistelor \u015ecolare, \u201cLumea noastr\u0103\u201d \u2013 cea a elevilor de la \u015ecoala cu clasele I-VIII nr. 7 din Re\u015fi\u0163a a fost prezentat\u0103 publicului iubitor de cultur\u0103 prin lansarea num\u0103rului 19 la libr\u0103ria Semn de Carte. <\/p>\n","protected":false},"author":1,"featured_media":0,"comment_status":"open","ping_status":"open","sticky":false,"template":"","format":"standard","meta":[],"categories":[7],"tags":[315],"_links":{"self":[{"href":"https:\/\/semndecarte.metarsis.ro\/index.php?rest_route=\/wp\/v2\/posts\/5098"}],"collection":[{"href":"https:\/\/semndecarte.metarsis.ro\/index.php?rest_route=\/wp\/v2\/posts"}],"about":[{"href":"https:\/\/semndecarte.metarsis.ro\/index.php?rest_route=\/wp\/v2\/types\/post"}],"author":[{"embeddable":true,"href":"https:\/\/semndecarte.metarsis.ro\/index.php?rest_route=\/wp\/v2\/users\/1"}],"replies":[{"embeddable":true,"href":"https:\/\/semndecarte.metarsis.ro\/index.php?rest_route=%2Fwp%2Fv2%2Fcomments&post=5098"}],"version-history":[{"count":0,"href":"https:\/\/semndecarte.metarsis.ro\/index.php?rest_route=\/wp\/v2\/posts\/5098\/revisions"}],"wp:attachment":[{"href":"https:\/\/semndecarte.metarsis.ro\/index.php?rest_route=%2Fwp%2Fv2%2Fmedia&parent=5098"}],"wp:term":[{"taxonomy":"category","embeddable":true,"href":"https:\/\/semndecarte.metarsis.ro\/index.php?rest_route=%2Fwp%2Fv2%2Fcategories&post=5098"},{"taxonomy":"post_tag","embeddable":true,"href":"https:\/\/semndecarte.metarsis.ro\/index.php?rest_route=%2Fwp%2Fv2%2Ftags&post=5098"}],"curies":[{"name":"wp","href":"https:\/\/api.w.org\/{rel}","templated":true}]}}