{"id":5025,"date":"2011-03-01T22:11:52","date_gmt":"2011-03-01T20:11:52","guid":{"rendered":"http:\/\/semndecarte.metarsis.ro\/?p=5025"},"modified":"2011-03-01T22:14:55","modified_gmt":"2011-03-01T20:14:55","slug":"%e2%80%9calbinutele%e2%80%9d-la-semn-de-carte-2","status":"publish","type":"post","link":"https:\/\/semndecarte.metarsis.ro\/?p=5025","title":{"rendered":"\u201cAlbinu\u0163ele\u201d la Semn de Carte"},"content":{"rendered":"<p><strong>Cartea e un dar pe care-l po\u0163i deschide iar\u2026\u015fi iar\u2026<\/strong><\/p>\n<p style=\"text-align: justify;\">\u201cAlbinu\u0163ele\u201d \u2013 copiii din grupa mare a Gradini\u0163ei cu Program Prelungit nr. 3 din Re\u015fi\u0163a, \u00eenso\u0163i\u0163i de parin\u0163i, bunici \u015fi sub directa \u00eendrumare a profesoarelor pentru \u00eenv\u0103\u0163\u0103m\u00e2nt pre\u015fcolar  Dochia Fiat \u015fi Adriana Zabaila au \u201cluat cu asalt\u201d  libr\u0103ria Semn de Carte luni 28 februarie 2011 de la ora l6:00. <!--more-->Fascina\u0163i, curio\u015fi, copiii \u201cau cercetat\u201d  c\u0103r\u0163ile, \u015fi le-au ar\u0103tat  unul altuia, le-au comentat, apoi au c\u00e2ntat \u015fi au spus poezii despre prim\u0103var\u0103, ne-au ar\u0103tat desenele lor ce vor fi cuprinse \u00een c\u0103rticica \u201cG\u00e2nduri de copil pentru un suflet de mam\u0103\u201d care va fi \u201cprintat\u0103\u201d cur\u00e2nd \u015fi au \u00eemp\u0103r\u0163it m\u0103r\u0163i\u015foare confec\u0163ionate de ei doamnelor prezente. Apoi au ales c\u00e2te o carte pentru colegul de grup\u0103 pe care l-au tras la sor\u0163i, \u015fi-au scris numele cu creioane colorate \u015fi i-au d\u0103ruit-o spun\u00e2ndu-i <strong>\u201c\u00ce\u0163i ofer aceast\u0103 carte ca semn al prieteniei \u201c<\/strong>. Astfel cartea a primit valoare sentimental\u0103 \u00eentr-un ajun de \u201cM\u0103r\u0163i\u015for\u201d. ARIcel ISTE\u0162 &#8211; ariciul iubitor de carte \u015fi copii, aciuat la Semn de Carte &#8211; a r\u0103spl\u0103tit \u201calbinu\u0163ele\u201d- h\u0103rnicu\u0163e &#8211; cu bomboane colorate. \u201cCr\u0103iasa z\u0103pezii\u201d \u015fi-a luat r\u0103mas bun de la copii p\u00e2n\u0103 iarna viitoare plec\u00e2nd spre Polul Nord, lu\u00e2nd cu ea z\u0103pada \u015fi frigul, f\u0103c\u00e2nd loc prim\u0103verii cu rev\u0103rsarea razelor calde de soare, cu \u00eenflorirea ghioceilor ginga\u015fi, a zambilelor frumos mirositoare,  a galbenelor narcise si veselul tril al p\u0103s\u0103rilor &#8211; bucuria re\u00eenvierii naturii.<\/p>\n<p style=\"text-align: justify;\"><a href=\"http:\/\/semndecarte.metarsis.ro\/wp-content\/uploads\/2011\/03\/IMG_7625.jpg\" rel=\"lightbox[5025]\"><img loading=\"lazy\" class=\"alignleft size-thumbnail wp-image-5015\" title=\"IMG_7625\" src=\"http:\/\/semndecarte.metarsis.ro\/wp-content\/uploads\/2011\/03\/IMG_7625-95x95.jpg\" alt=\"\" width=\"95\" height=\"95\" \/><\/a><a href=\"http:\/\/semndecarte.metarsis.ro\/wp-content\/uploads\/2011\/03\/IMG_7641.jpg\" rel=\"lightbox[5025]\"><img loading=\"lazy\" class=\"alignleft size-thumbnail wp-image-5016\" title=\"IMG_7641\" src=\"http:\/\/semndecarte.metarsis.ro\/wp-content\/uploads\/2011\/03\/IMG_7641-95x95.jpg\" alt=\"\" width=\"95\" height=\"95\" \/><\/a><a href=\"http:\/\/semndecarte.metarsis.ro\/wp-content\/uploads\/2011\/03\/IMG_7662.jpg\" rel=\"lightbox[5025]\"><img loading=\"lazy\" class=\"alignleft size-thumbnail wp-image-5017\" title=\"IMG_7662\" src=\"http:\/\/semndecarte.metarsis.ro\/wp-content\/uploads\/2011\/03\/IMG_7662-95x95.jpg\" alt=\"\" width=\"95\" height=\"95\" \/><\/a><a href=\"http:\/\/semndecarte.metarsis.ro\/wp-content\/uploads\/2011\/03\/IMG_7668.jpg\" rel=\"lightbox[5025]\"><img loading=\"lazy\" class=\"alignleft size-thumbnail wp-image-5018\" title=\"IMG_7668\" src=\"http:\/\/semndecarte.metarsis.ro\/wp-content\/uploads\/2011\/03\/IMG_7668-95x95.jpg\" alt=\"\" width=\"95\" height=\"95\" \/><\/a><a href=\"http:\/\/semndecarte.metarsis.ro\/wp-content\/uploads\/2011\/03\/IMG_7706.jpg\" rel=\"lightbox[5025]\"><img loading=\"lazy\" class=\"alignleft size-thumbnail wp-image-5019\" title=\"IMG_7706\" src=\"http:\/\/semndecarte.metarsis.ro\/wp-content\/uploads\/2011\/03\/IMG_7706-95x95.jpg\" alt=\"\" width=\"95\" height=\"95\" \/><\/a><a href=\"http:\/\/semndecarte.metarsis.ro\/wp-content\/uploads\/2011\/03\/IMG_7713.jpg\" rel=\"lightbox[5025]\"><img loading=\"lazy\" class=\"alignleft size-thumbnail wp-image-5020\" title=\"IMG_7713\" src=\"http:\/\/semndecarte.metarsis.ro\/wp-content\/uploads\/2011\/03\/IMG_7713-95x95.jpg\" alt=\"\" width=\"95\" height=\"95\" \/><\/a><a href=\"http:\/\/semndecarte.metarsis.ro\/wp-content\/uploads\/2011\/03\/IMG_7714.jpg\" rel=\"lightbox[5025]\"><img loading=\"lazy\" class=\"alignleft size-thumbnail wp-image-5021\" title=\"IMG_7714\" src=\"http:\/\/semndecarte.metarsis.ro\/wp-content\/uploads\/2011\/03\/IMG_7714-95x95.jpg\" alt=\"\" width=\"95\" height=\"95\" \/><\/a><a href=\"http:\/\/semndecarte.metarsis.ro\/wp-content\/uploads\/2011\/03\/IMG_7718.jpg\" rel=\"lightbox[5025]\"><img loading=\"lazy\" class=\"alignleft size-thumbnail wp-image-5022\" title=\"IMG_7718\" src=\"http:\/\/semndecarte.metarsis.ro\/wp-content\/uploads\/2011\/03\/IMG_7718-95x95.jpg\" alt=\"\" width=\"95\" height=\"95\" \/><\/a><a href=\"http:\/\/semndecarte.metarsis.ro\/wp-content\/uploads\/2011\/03\/IMG_7719.jpg\" rel=\"lightbox[5025]\"><img loading=\"lazy\" class=\"alignleft size-thumbnail wp-image-5023\" title=\"SDC\" src=\"http:\/\/semndecarte.metarsis.ro\/wp-content\/uploads\/2011\/03\/IMG_7719-95x95.jpg\" alt=\"\" width=\"95\" height=\"95\" \/><\/a><a href=\"http:\/\/semndecarte.metarsis.ro\/wp-content\/uploads\/2011\/03\/IMG_7599.jpg\" rel=\"lightbox[5025]\"><img loading=\"lazy\" class=\"alignleft size-thumbnail wp-image-5014\" title=\"IMG_7599\" src=\"http:\/\/semndecarte.metarsis.ro\/wp-content\/uploads\/2011\/03\/IMG_7599-95x95.jpg\" alt=\"\" width=\"95\" height=\"95\" \/><\/a><a href=\"http:\/\/semndecarte.metarsis.ro\/wp-content\/uploads\/2011\/03\/IMG_7598.jpg\" rel=\"lightbox[5025]\"><img loading=\"lazy\" class=\"alignleft size-thumbnail wp-image-5013\" title=\"IMG_7598\" src=\"http:\/\/semndecarte.metarsis.ro\/wp-content\/uploads\/2011\/03\/IMG_7598-95x95.jpg\" alt=\"\" width=\"95\" height=\"95\" \/><\/a><a href=\"http:\/\/semndecarte.metarsis.ro\/wp-content\/uploads\/2011\/03\/IMG_7597.jpg\" rel=\"lightbox[5025]\"><img loading=\"lazy\" class=\"alignleft size-thumbnail wp-image-5012\" title=\"IMG_7597\" src=\"http:\/\/semndecarte.metarsis.ro\/wp-content\/uploads\/2011\/03\/IMG_7597-95x95.jpg\" alt=\"\" width=\"95\" height=\"95\" \/><\/a><a href=\"http:\/\/semndecarte.metarsis.ro\/wp-content\/uploads\/2011\/03\/IMG_7594.jpg\" rel=\"lightbox[5025]\"><img loading=\"lazy\" class=\"alignleft size-thumbnail wp-image-5011\" title=\"IMG_7594\" src=\"http:\/\/semndecarte.metarsis.ro\/wp-content\/uploads\/2011\/03\/IMG_7594-95x95.jpg\" alt=\"\" width=\"95\" height=\"95\" \/><\/a><a href=\"http:\/\/semndecarte.metarsis.ro\/wp-content\/uploads\/2011\/03\/IMG_7591.jpg\" rel=\"lightbox[5025]\"><img loading=\"lazy\" class=\"alignleft size-thumbnail wp-image-5010\" title=\"IMG_7591\" src=\"http:\/\/semndecarte.metarsis.ro\/wp-content\/uploads\/2011\/03\/IMG_7591-95x95.jpg\" alt=\"\" width=\"95\" height=\"95\" \/><\/a><a href=\"http:\/\/semndecarte.metarsis.ro\/wp-content\/uploads\/2011\/03\/Albinutele-la-Semn-de-Carte.jpg\" rel=\"lightbox[5025]\"><img loading=\"lazy\" class=\"alignleft size-thumbnail wp-image-5024\" title=\"Albinutele la Semn de Carte\" src=\"http:\/\/semndecarte.metarsis.ro\/wp-content\/uploads\/2011\/03\/Albinutele-la-Semn-de-Carte-95x95.jpg\" alt=\"\" width=\"95\" height=\"95\" \/><\/a><\/p>\n","protected":false},"excerpt":{"rendered":"<p>\u201cAlbinu\u0163ele\u201d \u2013 copiii din grupa mare a Gradini\u0163ei cu Program Prelungit nr. 3 din Re\u015fi\u0163a, \u00eenso\u0163i\u0163i de parin\u0163i, bunici \u015fi sub directa \u00eendrumare a profesoarelor pentru \u00eenv\u0103\u0163\u0103m\u00e2nt pre\u015fcolar  Dochia Fiat \u015fi Adriana Zabaila au \u201cluat cu asalt\u201d  libr\u0103ria Semn de Carte luni 28 februarie 2011 de la ora l6:00. <\/p>\n","protected":false},"author":1,"featured_media":0,"comment_status":"open","ping_status":"open","sticky":false,"template":"","format":"standard","meta":[],"categories":[7],"tags":[271,151],"_links":{"self":[{"href":"https:\/\/semndecarte.metarsis.ro\/index.php?rest_route=\/wp\/v2\/posts\/5025"}],"collection":[{"href":"https:\/\/semndecarte.metarsis.ro\/index.php?rest_route=\/wp\/v2\/posts"}],"about":[{"href":"https:\/\/semndecarte.metarsis.ro\/index.php?rest_route=\/wp\/v2\/types\/post"}],"author":[{"embeddable":true,"href":"https:\/\/semndecarte.metarsis.ro\/index.php?rest_route=\/wp\/v2\/users\/1"}],"replies":[{"embeddable":true,"href":"https:\/\/semndecarte.metarsis.ro\/index.php?rest_route=%2Fwp%2Fv2%2Fcomments&post=5025"}],"version-history":[{"count":0,"href":"https:\/\/semndecarte.metarsis.ro\/index.php?rest_route=\/wp\/v2\/posts\/5025\/revisions"}],"wp:attachment":[{"href":"https:\/\/semndecarte.metarsis.ro\/index.php?rest_route=%2Fwp%2Fv2%2Fmedia&parent=5025"}],"wp:term":[{"taxonomy":"category","embeddable":true,"href":"https:\/\/semndecarte.metarsis.ro\/index.php?rest_route=%2Fwp%2Fv2%2Fcategories&post=5025"},{"taxonomy":"post_tag","embeddable":true,"href":"https:\/\/semndecarte.metarsis.ro\/index.php?rest_route=%2Fwp%2Fv2%2Ftags&post=5025"}],"curies":[{"name":"wp","href":"https:\/\/api.w.org\/{rel}","templated":true}]}}