{"id":4945,"date":"2011-02-22T21:41:11","date_gmt":"2011-02-22T19:41:11","guid":{"rendered":"http:\/\/semndecarte.metarsis.ro\/?p=4945"},"modified":"2012-10-18T16:23:11","modified_gmt":"2012-10-18T14:23:11","slug":"sabin-pauta","status":"publish","type":"post","link":"https:\/\/semndecarte.metarsis.ro\/?p=4945","title":{"rendered":"Sabin P\u0103u\u0163a"},"content":{"rendered":"<p>\u201cMuzica aceea pe care o ascultam eu era ceva care venea de departe, dep\u0103\u015fea puterea mea de \u00een\u0163elegere de atunci dar sim\u0163eam plutind divinitatea, celestul\u2026.Consider c\u0103 acolo \u015fi atunci s-a constituit \u00eenceputul carierei mele de muzician. <!--more-->Acestor doi oameni minuna\u0163i le datorez ceea ce s-a petrecut mai tarziu. Ei au \u00eenteles c\u0103 au de a face cu un talent autentic. \u015etii cum se spune: &lt;talentul \u015fi prostia se tr\u0103deaza singure&gt;. Talentul meu s-a tr\u0103dat iar norocul mi i-a scos pe ace\u015fti doi oameni \u00een cale: pe Carol Tirier \u015fi Kati Szugyi&#8230;.\u201d este una dintre dest\u0103inuirile f\u0103cute de pianistul, dirijorul \u015fi compozitorul Sabin P\u0103u\u0163a la \u00eent\u00e2lnirea din seara zilei de 18 februarie 2011 la libr\u0103ria Semn de Carte din Re\u015fi\u0163a. Desf\u0103\u015furat\u0103 \u00eentr-o atmosfer\u0103 cald\u0103 \u015fi \u00eentr-o loca\u0163ie devenit\u0103 brusc ne\u00eenc\u0103p\u0103toare pentru mul\u0163imea doritoare s\u0103-l vad\u0103 \u015fi s\u0103-i ureze \u201cLa mul\u0163i ani!\u201d Maestrului, \u00eent\u00e2lnirea a fost prilejul ideal de-al onora pe Sabin P\u0103u\u0163a, b\u0103n\u0103\u0163eanul de munte n\u0103scut la C\u00e2lnic &#8211; ast\u0103zi cartier al Re\u015fi\u0163ei &#8211; acum 68 de ani. Pentru \u00eentreaga sa activitate primarul Re\u015fi\u0163ei \u00a0Mihai Stepanescu i-a acordat o \u201cDiploma de Excelenta\u201d iar personalitatea sa marcant\u0103 a fost subliniat\u0103 prin discursurile dr. Liubi\u0163 Raichici \u2013 director al Direc\u0163ei pentru Cultur\u0103 \u015fi Patrimoniu Cultural Na\u0163ional Cara\u015f-Severin, al fostului coleg de \u015fcoal\u0103 &#8211; ing. Dan Perian, al criticului Gheorghe Jurma \u2013 director al \u00a0editurii Tim care a publicat singurul eseu &#8211; monografic\u00a0 \u201cSabin P\u0103u\u0163a\u201c semnat Vasile C. Ioni\u0163\u0103, al profesorului \u015fi dirijorului Cornel Todea \u015fi al fostei studente a lui Sabin P\u0103u\u0163a &#8211; pe atunci profesor al Conservatorului ie\u015fean &#8211; Zenaida V\u00e2rd\u0103u. Emo\u0163ia Maestrului a fost vizibil\u0103 \u00een momentul \u00een care Adrian Diaconescu, elevul doamnei prof. Lucia Ghilea a interpretat la pian o bossa &#8211; nova semnat\u0103 Sabin P\u0103u\u0163a iar quartet-ul format din Doina \u015fi George Gaissenheimer, Nicoleta Garoiu \u015fi Leonard Marina au cantat &#8211; a cappela &#8211; \u201cRugaciune\u201d &#8211; piesa lui C. Dragusin.<\/p>\n<p>Seara dedicat\u0103 anivers\u0103rii maestrului Sabin P\u0103u\u0163a, cel ce a pus Re\u015fi\u0163a \u015fi Banatul de Munte pe harta muzical\u0103 a lumii, s-a \u00eencheiat, cum altfel, prin vizionarea c\u00e2torva piese din concertul sustinut pe scena Ateneului Roman av\u00e2nd pe s\u0103rbatoritul nostru la pian interpret\u00e2nd Chopin sau la pupitru av\u00e2nd sub baghet\u0103 un Big Band \u015fi pe maestrul Simion Nicolas la saxofon.<\/p>\n<p>&nbsp;<\/p>\n<p><a href=\"http:\/\/semndecarte.metarsis.ro\/wp-content\/uploads\/2011\/02\/Aniversare-Sabin-Pauta_003.jpg\" rel=\"lightbox[4945]\"><img loading=\"lazy\" class=\"alignleft size-thumbnail wp-image-4948\" title=\"Dr. Liubita Raichici, Mihai Stepanescu - primarul Re\u015fi\u0163ei, Maestrul Sabin P\u0103u\u0163a \u015fi colegul s\u0103u de \u015fcoal\u0103, ing. Dan Perian\" src=\"http:\/\/semndecarte.metarsis.ro\/wp-content\/uploads\/2011\/02\/Aniversare-Sabin-Pauta_003-95x95.jpg\" alt=\"\" width=\"95\" height=\"95\" \/><\/a><a href=\"http:\/\/semndecarte.metarsis.ro\/wp-content\/uploads\/2011\/02\/Aniversare-Sabin-Pauta_005.jpg\" rel=\"lightbox[4945]\"><img loading=\"lazy\" class=\"alignleft size-thumbnail wp-image-4949\" title=\"Aniversare Sabin Pauta\" src=\"http:\/\/semndecarte.metarsis.ro\/wp-content\/uploads\/2011\/02\/Aniversare-Sabin-Pauta_005-95x95.jpg\" alt=\"\" width=\"95\" height=\"95\" \/><\/a><a href=\"http:\/\/semndecarte.metarsis.ro\/wp-content\/uploads\/2011\/02\/Aniversare-Sabin-Pauta_010.jpg\" rel=\"lightbox[4945]\"><img loading=\"lazy\" class=\"alignleft size-thumbnail wp-image-4950\" title=\"Aniversare Sabin Pauta\" src=\"http:\/\/semndecarte.metarsis.ro\/wp-content\/uploads\/2011\/02\/Aniversare-Sabin-Pauta_010-95x95.jpg\" alt=\"\" width=\"95\" height=\"95\" \/><\/a><a href=\"http:\/\/semndecarte.metarsis.ro\/wp-content\/uploads\/2011\/02\/Aniversare-Sabin-Pauta_018.jpg\" rel=\"lightbox[4945]\"><img loading=\"lazy\" class=\"alignleft size-thumbnail wp-image-4951\" title=\"Aniversare Sabin Pauta\" src=\"http:\/\/semndecarte.metarsis.ro\/wp-content\/uploads\/2011\/02\/Aniversare-Sabin-Pauta_018-95x95.jpg\" alt=\"\" width=\"95\" height=\"95\" \/><\/a><a href=\"http:\/\/semndecarte.metarsis.ro\/wp-content\/uploads\/2011\/02\/Aniversare-Sabin-Pauta_021.jpg\" rel=\"lightbox[4945]\"><img loading=\"lazy\" class=\"alignleft size-thumbnail wp-image-4952\" title=\"Aniversare Sabin Pauta\" src=\"http:\/\/semndecarte.metarsis.ro\/wp-content\/uploads\/2011\/02\/Aniversare-Sabin-Pauta_021-95x95.jpg\" alt=\"\" width=\"95\" height=\"95\" \/><\/a><a href=\"http:\/\/semndecarte.metarsis.ro\/wp-content\/uploads\/2011\/02\/Aniversare-Sabin-Pauta_025.jpg\" rel=\"lightbox[4945]\"><img loading=\"lazy\" class=\"alignleft size-thumbnail wp-image-4953\" title=\"Aniversare Sabin Pauta\" src=\"http:\/\/semndecarte.metarsis.ro\/wp-content\/uploads\/2011\/02\/Aniversare-Sabin-Pauta_025-95x95.jpg\" alt=\"\" width=\"95\" height=\"95\" \/><\/a><a href=\"http:\/\/semndecarte.metarsis.ro\/wp-content\/uploads\/2011\/02\/Aniversare-Sabin-Pauta_030.jpg\" rel=\"lightbox[4945]\"><img loading=\"lazy\" class=\"alignleft size-thumbnail wp-image-4954\" title=\"Aniversare Sabin Pauta\" src=\"http:\/\/semndecarte.metarsis.ro\/wp-content\/uploads\/2011\/02\/Aniversare-Sabin-Pauta_030-95x95.jpg\" alt=\"\" width=\"95\" height=\"95\" \/><\/a><a href=\"http:\/\/semndecarte.metarsis.ro\/wp-content\/uploads\/2011\/02\/Aniversare-Sabin-Pauta_033.jpg\" rel=\"lightbox[4945]\"><img loading=\"lazy\" class=\"alignleft size-thumbnail wp-image-4955\" title=\"Aniversare Sabin Pauta\" src=\"http:\/\/semndecarte.metarsis.ro\/wp-content\/uploads\/2011\/02\/Aniversare-Sabin-Pauta_033-95x95.jpg\" alt=\"\" width=\"95\" height=\"95\" \/><\/a><a href=\"http:\/\/semndecarte.metarsis.ro\/wp-content\/uploads\/2011\/02\/Aniversare-Sabin-Pauta_034.jpg\" rel=\"lightbox[4945]\"><img loading=\"lazy\" class=\"alignleft size-thumbnail wp-image-4956\" title=\"Prof. Cornel Todea \" src=\"http:\/\/semndecarte.metarsis.ro\/wp-content\/uploads\/2011\/02\/Aniversare-Sabin-Pauta_034-95x95.jpg\" alt=\"\" width=\"95\" height=\"95\" \/><\/a><a href=\"http:\/\/semndecarte.metarsis.ro\/wp-content\/uploads\/2011\/02\/Aniversare-Sabin-Pauta_037.jpg\" rel=\"lightbox[4945]\"><img loading=\"lazy\" class=\"alignleft size-thumbnail wp-image-4957\" title=\"Prof. Zenaida V\u00e2rd\u0103u\" src=\"http:\/\/semndecarte.metarsis.ro\/wp-content\/uploads\/2011\/02\/Aniversare-Sabin-Pauta_037-95x95.jpg\" alt=\"\" width=\"95\" height=\"95\" \/><\/a><a href=\"http:\/\/semndecarte.metarsis.ro\/wp-content\/uploads\/2011\/02\/Aniversare-Sabin-Pauta_039.jpg\" rel=\"lightbox[4945]\"><img loading=\"lazy\" class=\"alignleft size-thumbnail wp-image-4958\" title=\"Aniversare Sabin Pauta\" src=\"http:\/\/semndecarte.metarsis.ro\/wp-content\/uploads\/2011\/02\/Aniversare-Sabin-Pauta_039-95x95.jpg\" alt=\"\" width=\"95\" height=\"95\" \/><\/a><a href=\"http:\/\/semndecarte.metarsis.ro\/wp-content\/uploads\/2011\/02\/Aniversare-Sabin-Pauta_040.jpg\" rel=\"lightbox[4945]\"><img loading=\"lazy\" class=\"alignleft size-thumbnail wp-image-4959\" title=\"Aniversare Sabin Pauta\" src=\"http:\/\/semndecarte.metarsis.ro\/wp-content\/uploads\/2011\/02\/Aniversare-Sabin-Pauta_040-95x95.jpg\" alt=\"\" width=\"95\" height=\"95\" \/><\/a><a href=\"http:\/\/semndecarte.metarsis.ro\/wp-content\/uploads\/2011\/02\/Aniversare-Sabin-Pauta_042.jpg\" rel=\"lightbox[4945]\"><img loading=\"lazy\" class=\"alignleft size-thumbnail wp-image-4960\" title=\"Adrian Diaconescu\" src=\"http:\/\/semndecarte.metarsis.ro\/wp-content\/uploads\/2011\/02\/Aniversare-Sabin-Pauta_042-95x95.jpg\" alt=\"\" width=\"95\" height=\"95\" \/><\/a><a href=\"http:\/\/semndecarte.metarsis.ro\/wp-content\/uploads\/2011\/02\/Aniversare-Sabin-Pauta_044.jpg\" rel=\"lightbox[4945]\"><img loading=\"lazy\" class=\"alignleft size-thumbnail wp-image-4961\" title=\"Aniversare Sabin Pauta\" src=\"http:\/\/semndecarte.metarsis.ro\/wp-content\/uploads\/2011\/02\/Aniversare-Sabin-Pauta_044-95x95.jpg\" alt=\"\" width=\"95\" height=\"95\" \/><\/a><a href=\"http:\/\/semndecarte.metarsis.ro\/wp-content\/uploads\/2011\/02\/Aniversare-Sabin-Pauta_048.jpg\" rel=\"lightbox[4945]\"><img loading=\"lazy\" class=\"alignleft size-thumbnail wp-image-4962\" title=\"Aniversare Sabin Pauta\" src=\"http:\/\/semndecarte.metarsis.ro\/wp-content\/uploads\/2011\/02\/Aniversare-Sabin-Pauta_048-95x95.jpg\" alt=\"\" width=\"95\" height=\"95\" \/><\/a><\/p>\n<p>&nbsp;<\/p>\n<p><object width=\"520\" height=\"428\" classid=\"clsid:d27cdb6e-ae6d-11cf-96b8-444553540000\" codebase=\"http:\/\/download.macromedia.com\/pub\/shockwave\/cabs\/flash\/swflash.cab#version=6,0,40,0\" align=\"left\"><param name=\"play\" value=\"false\" \/><param name=\"loop\" value=\"false\" \/><param name=\"salign\" value=\"l\" \/><param name=\"src\" value=\"http:\/\/www.youtube.com\/v\/1pqZg9agyes&amp;rel=0\" \/><embed width=\"520\" height=\"428\" type=\"application\/x-shockwave-flash\" src=\"http:\/\/www.youtube.com\/v\/1pqZg9agyes&amp;rel=0\" play=\"false\" loop=\"false\" salign=\"l\" align=\"left\" \/><\/object><\/p>\n","protected":false},"excerpt":{"rendered":"<p>Desf\u0103\u015furat\u0103 \u00eentr-o atmosfer\u0103 cald\u0103 \u015fi \u00eentr-o loca\u0163ie devenit\u0103 brusc ne\u00eenc\u0103p\u0103toare pentru mul\u0163imea doritoare s\u0103-l vad\u0103 \u015fi s\u0103-i ureze \u201cLa mul\u0163i ani!\u201d Maestrului, \u00eent\u00e2lnirea a fost prilejul ideal de-al onora pe Sabin P\u0103u\u0163a, b\u0103n\u0103\u0163eanul de munte n\u0103scut la C\u00e2lnic &#8211; suburbie a Re\u015fi\u0163ei &#8211; acum 68 de ani.<\/p>\n","protected":false},"author":1,"featured_media":4954,"comment_status":"open","ping_status":"open","sticky":false,"template":"","format":"standard","meta":[],"categories":[6,7,1],"tags":[299,257,82,309],"_links":{"self":[{"href":"https:\/\/semndecarte.metarsis.ro\/index.php?rest_route=\/wp\/v2\/posts\/4945"}],"collection":[{"href":"https:\/\/semndecarte.metarsis.ro\/index.php?rest_route=\/wp\/v2\/posts"}],"about":[{"href":"https:\/\/semndecarte.metarsis.ro\/index.php?rest_route=\/wp\/v2\/types\/post"}],"author":[{"embeddable":true,"href":"https:\/\/semndecarte.metarsis.ro\/index.php?rest_route=\/wp\/v2\/users\/1"}],"replies":[{"embeddable":true,"href":"https:\/\/semndecarte.metarsis.ro\/index.php?rest_route=%2Fwp%2Fv2%2Fcomments&post=4945"}],"version-history":[{"count":0,"href":"https:\/\/semndecarte.metarsis.ro\/index.php?rest_route=\/wp\/v2\/posts\/4945\/revisions"}],"wp:featuredmedia":[{"embeddable":true,"href":"https:\/\/semndecarte.metarsis.ro\/index.php?rest_route=\/wp\/v2\/media\/4954"}],"wp:attachment":[{"href":"https:\/\/semndecarte.metarsis.ro\/index.php?rest_route=%2Fwp%2Fv2%2Fmedia&parent=4945"}],"wp:term":[{"taxonomy":"category","embeddable":true,"href":"https:\/\/semndecarte.metarsis.ro\/index.php?rest_route=%2Fwp%2Fv2%2Fcategories&post=4945"},{"taxonomy":"post_tag","embeddable":true,"href":"https:\/\/semndecarte.metarsis.ro\/index.php?rest_route=%2Fwp%2Fv2%2Ftags&post=4945"}],"curies":[{"name":"wp","href":"https:\/\/api.w.org\/{rel}","templated":true}]}}