{"id":4932,"date":"2011-02-19T23:43:30","date_gmt":"2011-02-19T21:43:30","guid":{"rendered":"http:\/\/semndecarte.metarsis.ro\/?p=4932"},"modified":"2011-02-19T23:44:06","modified_gmt":"2011-02-19T21:44:06","slug":"o-poveste-fara-sfarsit","status":"publish","type":"post","link":"https:\/\/semndecarte.metarsis.ro\/?p=4932","title":{"rendered":"O poveste f\u0103r\u0103 sf\u00e2r\u015fit"},"content":{"rendered":"<p><strong> <\/strong><\/p>\n<p><span style=\"font-size: medium;\"><strong>Cartea e un dar pe care-l po\u0163i deschide iar \u2026 \u015fi iar \u2026<\/strong><\/span><\/p>\n<p style=\"text-align: justify;\">Urmare a proiectului \u201cCartea e un dar pe care-l po\u0163i deschide iar. . . \u015fi iar. . .\u201d prin care METARSIS &#8211; activit\u0103\u0163i \u015fi servicii de cultur\u0103 urban\u0103 \u015fi art\u0103 contemporan\u0103 &#8211; \u00ee\u015fi propune, \u00een parteneriat cu \u015fcoli \u015fi gr\u0103dini\u0163e, s\u0103 apropie copiii de litera scris\u0103\u00a0 vineri, 18 februarie 2011 libr\u0103ria Semn de Carte a fost \u201cluat\u0103 cu asalt\u201d de elevi ai \u015ecolii cu clasele I-VIII nr. 2 din Re\u015fi\u0163a. <!--more-->\u00cencep\u00e2nd cu ora 10 clasa a II B \u2013 institutor Roberta Oprea \u015fi clasa a III C \u2013 profesor \u00eenv\u0103\u0163\u0103m\u00e2nt primar Mihaela Mergea au spus\u00a0 \u201c O poveste f\u0103r\u0103 sf\u00e2r\u015fit\u201d iar personaje de basm au prins via\u0163\u0103 prin voci &#8211; mai mult sau mai pu\u0163in emo\u0163ionate &#8211; de copii frumo\u015fi.\u00a0 Un moment deosebit a fost cel\u00a0 \u00een care elevii au avut ocazia s\u0103-l \u00eent\u00e2lneasc\u0103 , chiar dac\u0103 doar pentru c\u00e2teva momente, pe maestrul Sabin P\u0103u\u0163a, compozitor, dirijor \u015fi pianist experimentat,\u00a0 legenda vie a Banatului Montan,\u00a0 cel al c\u0103rui nume \u00eel poart\u0103 Liceul de Art\u0103 din Re\u015fi\u0163a.<\/p>\n<p style=\"text-align: justify;\">ARIcel ISTE\u0162, ariciul aciuat pe l\u00e2ng\u0103 libr\u0103ria Semn de Carte, a daruit copiilor iubitori de carte &#8211; a\u015fa ca el \u2013 acadele pe care micu\u0163ii le-au savurat privind filmul de desene animate &#8222;Aventurile lui Simbad, marinarul&#8221;.<\/p>\n<p style=\"text-align: justify;\">\u00a0<\/p>\n<p style=\"text-align: justify;\"><a href=\"http:\/\/semndecarte.metarsis.ro\/wp-content\/uploads\/2011\/02\/cl-2-3-Gen-2_003.jpg\" rel=\"lightbox[4932]\"><img loading=\"lazy\" class=\"alignleft size-thumbnail wp-image-4933\" title=\"Clasa a ll-a B \u015fi clasa a lll-a C de la \u015ecoala cu clasele l-Vlll nr. 2 din Re\u015fi\u0163a \u015fi maestrul Sabin P\u0103u\u0163a\" src=\"http:\/\/semndecarte.metarsis.ro\/wp-content\/uploads\/2011\/02\/cl-2-3-Gen-2_003-95x95.jpg\" alt=\"\" width=\"95\" height=\"95\" \/><\/a><a href=\"http:\/\/semndecarte.metarsis.ro\/wp-content\/uploads\/2011\/02\/cl-2-3-Gen-2_011.jpg\" rel=\"lightbox[4932]\"><img loading=\"lazy\" class=\"alignleft size-thumbnail wp-image-4934\" title=\"Clasa a ll-a B \u015fi clasa a lll-a C de la \u015ecoala cu clasele l-Vlll nr. 2 din Re\u015fi\u0163a\" src=\"http:\/\/semndecarte.metarsis.ro\/wp-content\/uploads\/2011\/02\/cl-2-3-Gen-2_011-95x95.jpg\" alt=\"\" width=\"95\" height=\"95\" \/><\/a><a href=\"http:\/\/semndecarte.metarsis.ro\/wp-content\/uploads\/2011\/02\/cl-2-3-Gen-2_013.jpg\" rel=\"lightbox[4932]\"><img loading=\"lazy\" class=\"alignleft size-thumbnail wp-image-4935\" title=\"Clasa a ll-a B \u015fi clasa a lll-a C de la \u015ecoala cu clasele l-Vlll nr. 2 din Re\u015fi\u0163a\" src=\"http:\/\/semndecarte.metarsis.ro\/wp-content\/uploads\/2011\/02\/cl-2-3-Gen-2_013-95x95.jpg\" alt=\"\" width=\"95\" height=\"95\" \/><\/a><a href=\"http:\/\/semndecarte.metarsis.ro\/wp-content\/uploads\/2011\/02\/cl-2-3-Gen-2_015.jpg\" rel=\"lightbox[4932]\"><img loading=\"lazy\" class=\"alignleft size-thumbnail wp-image-4936\" title=\"Clasa a ll-a B \u015fi clasa a lll-a C de la \u015ecoala cu clasele l-Vlll nr. 2 din Re\u015fi\u0163a\" src=\"http:\/\/semndecarte.metarsis.ro\/wp-content\/uploads\/2011\/02\/cl-2-3-Gen-2_015-95x95.jpg\" alt=\"\" width=\"95\" height=\"95\" \/><\/a><a href=\"http:\/\/semndecarte.metarsis.ro\/wp-content\/uploads\/2011\/02\/cl-2-3-Gen-2_030.jpg\" rel=\"lightbox[4932]\"><img loading=\"lazy\" class=\"alignleft size-thumbnail wp-image-4937\" title=\"Clasa a ll-a B \u015fi clasa a lll-a C de la \u015ecoala cu clasele l-Vlll nr. 2 din Re\u015fi\u0163a\" src=\"http:\/\/semndecarte.metarsis.ro\/wp-content\/uploads\/2011\/02\/cl-2-3-Gen-2_030-95x95.jpg\" alt=\"\" width=\"95\" height=\"95\" \/><\/a><a href=\"http:\/\/semndecarte.metarsis.ro\/wp-content\/uploads\/2011\/02\/cl-2-3-Gen-2_037.jpg\" rel=\"lightbox[4932]\"><img loading=\"lazy\" class=\"alignleft size-thumbnail wp-image-4938\" title=\"Clasa a ll-a B \u015fi clasa a lll-a C de la \u015ecoala cu clasele l-Vlll nr. 2 din Re\u015fi\u0163a\" src=\"http:\/\/semndecarte.metarsis.ro\/wp-content\/uploads\/2011\/02\/cl-2-3-Gen-2_037-95x95.jpg\" alt=\"\" width=\"95\" height=\"95\" \/><\/a><a href=\"http:\/\/semndecarte.metarsis.ro\/wp-content\/uploads\/2011\/02\/cl-2-3-Gen-2_048.jpg\" rel=\"lightbox[4932]\"><img loading=\"lazy\" class=\"alignleft size-thumbnail wp-image-4940\" title=\"Clasa a ll-a B \u015fi clasa a lll-a C de la \u015ecoala cu clasele l-Vlll nr. 2 din Re\u015fi\u0163a\" src=\"http:\/\/semndecarte.metarsis.ro\/wp-content\/uploads\/2011\/02\/cl-2-3-Gen-2_048-95x95.jpg\" alt=\"\" width=\"95\" height=\"95\" \/><\/a><a href=\"http:\/\/semndecarte.metarsis.ro\/wp-content\/uploads\/2011\/02\/cl-2-3-Gen-2_049.jpg\" rel=\"lightbox[4932]\"><img loading=\"lazy\" class=\"alignleft size-thumbnail wp-image-4941\" title=\"Clasa a ll-a B \u015fi clasa a lll-a C de la \u015ecoala cu clasele l-Vlll nr. 2 din Re\u015fi\u0163a\" src=\"http:\/\/semndecarte.metarsis.ro\/wp-content\/uploads\/2011\/02\/cl-2-3-Gen-2_049-95x95.jpg\" alt=\"\" width=\"95\" height=\"95\" \/><\/a><a href=\"http:\/\/semndecarte.metarsis.ro\/wp-content\/uploads\/2011\/02\/cl-2-3-Gen-2_051.jpg\" rel=\"lightbox[4932]\"><img loading=\"lazy\" class=\"alignleft size-thumbnail wp-image-4942\" title=\"Clasa a ll-a B \u015fi clasa a lll-a C de la \u015ecoala cu clasele l-Vlll nr. 2 din Re\u015fi\u0163a\" src=\"http:\/\/semndecarte.metarsis.ro\/wp-content\/uploads\/2011\/02\/cl-2-3-Gen-2_051-95x95.jpg\" alt=\"\" width=\"95\" height=\"95\" \/><\/a><a href=\"http:\/\/semndecarte.metarsis.ro\/wp-content\/uploads\/2011\/02\/cl-2-3-Gen-2_045.jpg\" rel=\"lightbox[4932]\"><img loading=\"lazy\" class=\"alignleft size-thumbnail wp-image-4939\" title=\"Clasa a ll-a B \u015fi clasa a lll-a C de la \u015ecoala cu clasele l-Vlll nr. 2 din Re\u015fi\u0163a\" src=\"http:\/\/semndecarte.metarsis.ro\/wp-content\/uploads\/2011\/02\/cl-2-3-Gen-2_045-95x95.jpg\" alt=\"\" width=\"95\" height=\"95\" \/><\/a><\/p>\n<p>\n<object classid=\"clsid:d27cdb6e-ae6d-11cf-96b8-444553540000\" width=\"510\" height=\"420\" codebase=\"http:\/\/download.macromedia.com\/pub\/shockwave\/cabs\/flash\/swflash.cab#version=6,0,40,0\"><param name=\"play\" value=\"false\" \/><param name=\"loop\" value=\"false\" \/><param name=\"salign\" value=\"l\" \/><param name=\"src\" value=\"http:\/\/www.youtube.com\/v\/bU_8afMlD6w&amp;rel\" \/><param name=\"align\" value=\"left\" \/><embed type=\"application\/x-shockwave-flash\" width=\"510\" height=\"420\" src=\"http:\/\/www.youtube.com\/v\/bU_8afMlD6w&amp;rel\" align=\"left\" salign=\"l\" loop=\"false\" play=\"false\"><\/embed><\/object><\/p>\n","protected":false},"excerpt":{"rendered":"<p>Urmare a proiectului \u201cCartea e un dar pe care-l po\u0163i deschide iar. . . \u015fi iar. . .\u201d prin care METARSIS &#8211; activit\u0103\u0163i \u015fi servicii de cultur\u0103 urban\u0103 \u015fi art\u0103 contemporan\u0103 &#8211; \u00ee\u015fi propune, \u00een parteneriat cu \u015fcoli \u015fi gr\u0103dini\u0163e, s\u0103 apropie copiii de litera scris\u0103  vineri, 18 februarie 2011 libr\u0103ria Semn de Carte a fost \u201cluat\u0103 cu asalt\u201d de elevi ai \u015ecolii cu clasele I-VIII nr. 2 din Re\u015fi\u0163a. <\/p>\n","protected":false},"author":1,"featured_media":0,"comment_status":"open","ping_status":"open","sticky":false,"template":"","format":"standard","meta":[],"categories":[6,7],"tags":[306,271,151,305],"_links":{"self":[{"href":"https:\/\/semndecarte.metarsis.ro\/index.php?rest_route=\/wp\/v2\/posts\/4932"}],"collection":[{"href":"https:\/\/semndecarte.metarsis.ro\/index.php?rest_route=\/wp\/v2\/posts"}],"about":[{"href":"https:\/\/semndecarte.metarsis.ro\/index.php?rest_route=\/wp\/v2\/types\/post"}],"author":[{"embeddable":true,"href":"https:\/\/semndecarte.metarsis.ro\/index.php?rest_route=\/wp\/v2\/users\/1"}],"replies":[{"embeddable":true,"href":"https:\/\/semndecarte.metarsis.ro\/index.php?rest_route=%2Fwp%2Fv2%2Fcomments&post=4932"}],"version-history":[{"count":0,"href":"https:\/\/semndecarte.metarsis.ro\/index.php?rest_route=\/wp\/v2\/posts\/4932\/revisions"}],"wp:attachment":[{"href":"https:\/\/semndecarte.metarsis.ro\/index.php?rest_route=%2Fwp%2Fv2%2Fmedia&parent=4932"}],"wp:term":[{"taxonomy":"category","embeddable":true,"href":"https:\/\/semndecarte.metarsis.ro\/index.php?rest_route=%2Fwp%2Fv2%2Fcategories&post=4932"},{"taxonomy":"post_tag","embeddable":true,"href":"https:\/\/semndecarte.metarsis.ro\/index.php?rest_route=%2Fwp%2Fv2%2Ftags&post=4932"}],"curies":[{"name":"wp","href":"https:\/\/api.w.org\/{rel}","templated":true}]}}