{"id":4903,"date":"2011-02-14T16:24:29","date_gmt":"2011-02-14T14:24:29","guid":{"rendered":"http:\/\/semndecarte.metarsis.ro\/?p=4903"},"modified":"2011-02-14T16:24:29","modified_gmt":"2011-02-14T14:24:29","slug":"rolf-bossert-33-de-ani-atat","status":"publish","type":"post","link":"https:\/\/semndecarte.metarsis.ro\/?p=4903","title":{"rendered":"Rolf Bossert- 33 de ani. At\u00e2t!"},"content":{"rendered":"<p style=\"text-align: justify;\"><a href=\"http:\/\/semndecarte.metarsis.ro\/wp-content\/uploads\/2011\/02\/PLAKAT.jpg\" rel=\"lightbox[4903]\"><img loading=\"lazy\" class=\"alignleft size-full wp-image-4905\" title=\"PLAKAT\" src=\"http:\/\/semndecarte.metarsis.ro\/wp-content\/uploads\/2011\/02\/PLAKAT.jpg\" alt=\"\" width=\"242\" height=\"325\" srcset=\"https:\/\/semndecarte.metarsis.ro\/wp-content\/uploads\/2011\/02\/PLAKAT.jpg 496w, https:\/\/semndecarte.metarsis.ro\/wp-content\/uploads\/2011\/02\/PLAKAT-119x160.jpg 119w, https:\/\/semndecarte.metarsis.ro\/wp-content\/uploads\/2011\/02\/PLAKAT-121x163.jpg 121w\" sizes=\"(max-width: 242px) 100vw, 242px\" \/><\/a>Miercuri 16 februarie 2011 de la ora 17,30 \u00a0Forumul Democratic al Germanilor din jude\u0163ul Cara\u015f-Severin \u015fi Asocia\u0163ia German\u0103 de Cultur\u0103 \u015fi Educa\u0163ie\u00a0 a Adul\u0163ilor Re\u015fi\u0163a \u00eempeun\u0103 cu Metarsis &#8211; activit\u0103\u0163i \u015fi servicii de cultur\u0103 urban\u0103 \u015fi art\u0103 contemporan\u0103 &#8211; v\u0103 invit\u0103 la libr\u0103ria Semn de Carte din Re\u015fi\u0163a la o sear\u0103 de poezie \u00een limba rom\u00e2n\u0103 &#8211; Rolf Bossert. \u00cent\u00e2lnirea va comemora \u00a025 ani de la decesul scriitorului re\u015fi\u0163ean de expresie german\u0103 trecut \u00een nefiin\u0163\u0103 la doar 33 de ani.<\/p>\n<p style=\"text-align: justify;\">\u201cAcum situa\u0163ia s-a destins.\/ \u00cencet se desface cordonul\/ Soarele nu-i un fluture galben-citron.\/ Dar \u015ftiu asta \u015fi pompierii hiperzelo\u015fi? \/ Scutura\u0163i-i praful din aripile mele!\/ Prin aer zboar\u0103 blocuri de aer.\/ Stau pe treptele v\u00e2ntului.\u201d &#8211; scria \u00een \u201cNecrolog la ultimul chibrit\u201d, ca \u015fi c\u00e2nd \u015fi-ar fi scris propriul necrolog, Rolf Bossert. Poetul re\u015fi\u0163ean \u2013 n\u0103scut 16 decembrie 1952 &#8211; a stat pe treptele v\u00e2ntului \u00a033 de ani. At\u00e2t! Apoi, dezechilibrat, \u00eentre est \u015fi vest, \u00eentre Rom\u00e2nia \u015fi Germania, \u00eentre real \u015fi imaginar, \u00eentre zbucium \u015fi lini\u015fte, \u015fi-a luat zborul spre \u00eengeri, \u00eentr-o zi \u00eentre iarna \u015fi prim\u0103var\u0103 &#8211; l7 februarie a anului 1986, de la fereastra unui c\u0103min de azilan\u0163i din Frankfurt pe Main \u2013 Germania &#8211; unde ajunsese doar de \u015fase s\u0103pt\u0103m\u00e2ni \u00eempreuna cu so\u0163ia Gudrun \u015fi cei doi fii: Frank \u015fi Klaus.<\/p>\n<p>Eveniment  recomandat de Direc\u0163ia jude\u0163ean\u0103 pentru Cultur\u0103 \u015fi         Patrimoniu  Na\u0163ional Cara\u015f-Severin \u015fi Centrul Jude\u0163ean pentru         Conservarea si  Promovarea Culturii Tradi\u0163ionale Cara\u015f-Severin<\/p>\n<p>Eveniment sus\u0163inut \u015fi promovat de Studioul Regional Radio Re\u015fi\u0163a<\/p>\n","protected":false},"excerpt":{"rendered":"<p>Miercuri 16 februarie 2011 de la ora 17,30  Forumul Democratic al Germanilor din jude\u0163ul Cara\u015f-Severin \u015fi Asocia\u0163ia German\u0103 de Cultur\u0103 si Educa\u0163ie  a Adul\u0163ilor Re\u015fi\u0163a \u00eempeun\u0103 cu Metarsis- activit\u0103\u0163i \u015fi servicii de cultur\u0103 urban\u0103 \u015fi art\u0103 contemporan\u0103- v\u0103 invit\u0103 la libraria Semn de Carte din Re\u015fi\u0163a la o sear\u0103 de poezie \u00een limba rom\u00e2n\u0103- Rolf Bossert.<\/p>\n","protected":false},"author":1,"featured_media":0,"comment_status":"open","ping_status":"open","sticky":false,"template":"","format":"standard","meta":[],"categories":[1],"tags":[],"_links":{"self":[{"href":"https:\/\/semndecarte.metarsis.ro\/index.php?rest_route=\/wp\/v2\/posts\/4903"}],"collection":[{"href":"https:\/\/semndecarte.metarsis.ro\/index.php?rest_route=\/wp\/v2\/posts"}],"about":[{"href":"https:\/\/semndecarte.metarsis.ro\/index.php?rest_route=\/wp\/v2\/types\/post"}],"author":[{"embeddable":true,"href":"https:\/\/semndecarte.metarsis.ro\/index.php?rest_route=\/wp\/v2\/users\/1"}],"replies":[{"embeddable":true,"href":"https:\/\/semndecarte.metarsis.ro\/index.php?rest_route=%2Fwp%2Fv2%2Fcomments&post=4903"}],"version-history":[{"count":0,"href":"https:\/\/semndecarte.metarsis.ro\/index.php?rest_route=\/wp\/v2\/posts\/4903\/revisions"}],"wp:attachment":[{"href":"https:\/\/semndecarte.metarsis.ro\/index.php?rest_route=%2Fwp%2Fv2%2Fmedia&parent=4903"}],"wp:term":[{"taxonomy":"category","embeddable":true,"href":"https:\/\/semndecarte.metarsis.ro\/index.php?rest_route=%2Fwp%2Fv2%2Fcategories&post=4903"},{"taxonomy":"post_tag","embeddable":true,"href":"https:\/\/semndecarte.metarsis.ro\/index.php?rest_route=%2Fwp%2Fv2%2Ftags&post=4903"}],"curies":[{"name":"wp","href":"https:\/\/api.w.org\/{rel}","templated":true}]}}