{"id":4860,"date":"2011-02-05T23:46:01","date_gmt":"2011-02-05T21:46:01","guid":{"rendered":"http:\/\/semndecarte.metarsis.ro\/?p=4860"},"modified":"2011-02-05T23:46:01","modified_gmt":"2011-02-05T21:46:01","slug":"la-multi-ani-gheorghe-jurma","status":"publish","type":"post","link":"https:\/\/semndecarte.metarsis.ro\/?p=4860","title":{"rendered":"La Mul\u0163i Ani! Gheorghe Jurma"},"content":{"rendered":"<p style=\"text-align: justify;\">N\u0103scut la 5 februarie l945 la Bobda \u00een jude\u0163ul Timi\u015f dar stabilit la Re\u015fi\u0163a \u00een jude\u0163ul Cara\u015f-Severin scriitorul, jurnalistul, istoricul \u015fi criticul literar, eminescologul, colec\u0163ionarul \u015fi editorul Gheorghe Jurma \u00eempline\u015fte azi frumoasa v\u00e2rst\u0103 de 66 ani. <!--more-->Sarbatorit \u00eentr-un cadru prietenesc la libr\u0103ria Semn de Carte, despre opera, preocup\u0103rile \u015fi c\u0103rturarul Gheorghe Jurma au vorbit dr. Liubi\u0163a Raichici \u2013 director al Direc\u0163iei pentru Cultur\u0103 \u015fi Patrimoniu Cultural Na\u0163ional Cara\u015f-Severin care, \u00een semn de recunoa\u015ftere, i-a \u00eenm\u00e2nat o Diplom\u0103 de Merit Cultural, o alt\u0103 Diploma i-a fost \u00eenmanat\u0103 din partea Bibliotecii Jude\u0163ene \u201cPaul Iorgovici\u201d de c\u0103tre directorul institu\u0163iei prof. Clara Constantin pentru \u00eentreaga activitate pe t\u0103r\u00e2m cultural iar din partea Bibliotecii \u201cTata Oancea\u201d din Boc\u015fa i-a fost daruit\u0103, de c\u0103tre director &#8211; doamna Gabriela \u015eerban, o carte &#8211; edi\u0163ie bibliofila &#8211; \u00een miniatur\u0103, cadoul cel mai potrivit pentru colec\u0163ionarul Gheorghe Jurma. Au mai vorbit: Victoria Bitte din partea Bibliotecii Englezo-Americane, istoricul Dana B\u0103l\u0103nescu, poetul Iacob Roman, scriitorul Mircea Cavadia \u015fi, nu \u00een ultimul r\u00e2nd, prietenul de-o via\u0163\u0103, jurnalistul \u015fi scriitorul Nicolae S\u00e2rbu, cel care declara despre Gheorghe Jurma c\u0103, dac\u0103 n-ar fi existat, ar fi trebuit inventat.<\/p>\n<p style=\"text-align: justify;\">Celui care tr\u0103ie\u015fte pentru c\u0103r\u0163i \u015fi prin c\u0103r\u0163i, emblem\u0103 a culturii b\u0103n\u0103\u0163ene \u00een special \u015fi a culturii rom\u00e2ne \u00een general, celui care recunoa\u015fte, cu modestie, c\u0103 este, dintotdeauna, obsedat de c\u0103r\u0163i &#8211; Gheorghe Jurma &#8211; un sincer LA MUL\u0162I ANI !<\/p>\n<p style=\"text-align: justify;\"><a href=\"http:\/\/semndecarte.metarsis.ro\/wp-content\/uploads\/2011\/02\/Popas-aniversar-66.pdf\">Cite\u015fte cuv\u00e2ntul Gabrielei \u015eerban &#8222;Popas aniversar 66 &#8211; Gheorghe Jurma&#8221; (fi\u015fier pdf.)<\/a><\/p>\n<p style=\"text-align: justify;\">\u00a0<\/p>\n<p style=\"text-align: justify;\"><a href=\"http:\/\/semndecarte.metarsis.ro\/wp-content\/uploads\/2011\/02\/66-Ghe-Jurma_007.jpg\" rel=\"lightbox[4860]\"><img loading=\"lazy\" class=\"alignleft size-thumbnail wp-image-4862\" title=\"Camelia Duca, directoarea Librariei Semn de Carte si sarbatoritul Gheorghe Jurma\" src=\"http:\/\/semndecarte.metarsis.ro\/wp-content\/uploads\/2011\/02\/66-Ghe-Jurma_007-95x95.jpg\" alt=\"\" width=\"95\" height=\"95\" \/><\/a><a href=\"http:\/\/semndecarte.metarsis.ro\/wp-content\/uploads\/2011\/02\/66-Ghe-Jurma_011.jpg\" rel=\"lightbox[4860]\"><img loading=\"lazy\" class=\"alignleft size-thumbnail wp-image-4863\" title=\"Gheorghe Jurma si invitatii sai si ai librariei\" src=\"http:\/\/semndecarte.metarsis.ro\/wp-content\/uploads\/2011\/02\/66-Ghe-Jurma_011-95x95.jpg\" alt=\"\" width=\"95\" height=\"95\" \/><\/a><a href=\"http:\/\/semndecarte.metarsis.ro\/wp-content\/uploads\/2011\/02\/66-Ghe-Jurma_013.jpg\" rel=\"lightbox[4860]\"><img loading=\"lazy\" class=\"alignleft size-thumbnail wp-image-4864\" title=\"Prof. dr. Liubita Raichici, directorul Directiei pentru Cultura si Patrimoniu Cultural National, Caras+Severin\" src=\"http:\/\/semndecarte.metarsis.ro\/wp-content\/uploads\/2011\/02\/66-Ghe-Jurma_013-95x95.jpg\" alt=\"\" width=\"95\" height=\"95\" \/><\/a><a href=\"http:\/\/semndecarte.metarsis.ro\/wp-content\/uploads\/2011\/02\/66-Ghe-Jurma_016.jpg\" rel=\"lightbox[4860]\"><img loading=\"lazy\" class=\"alignleft size-thumbnail wp-image-4865\" title=\"Liubita Raichici acordand DIPLOMA DE MERIT lui Gheorghe Jurma\" src=\"http:\/\/semndecarte.metarsis.ro\/wp-content\/uploads\/2011\/02\/66-Ghe-Jurma_016-95x95.jpg\" alt=\"\" width=\"95\" height=\"95\" \/><\/a><a href=\"http:\/\/semndecarte.metarsis.ro\/wp-content\/uploads\/2011\/02\/66-Ghe-Jurma_027.jpg\" rel=\"lightbox[4860]\"><img loading=\"lazy\" class=\"alignleft size-thumbnail wp-image-4866\" title=\"66 Gheorghe Jurma\" src=\"http:\/\/semndecarte.metarsis.ro\/wp-content\/uploads\/2011\/02\/66-Ghe-Jurma_027-95x95.jpg\" alt=\"\" width=\"95\" height=\"95\" \/><\/a><a href=\"http:\/\/semndecarte.metarsis.ro\/wp-content\/uploads\/2011\/02\/66-Ghe-Jurma_037.jpg\" rel=\"lightbox[4860]\"><img loading=\"lazy\" class=\"alignleft size-thumbnail wp-image-4867\" title=\"Gheorghe Jurma, prietenul Bibliotecii Judetene &quot;Paul Iorgovici&quot;\" src=\"http:\/\/semndecarte.metarsis.ro\/wp-content\/uploads\/2011\/02\/66-Ghe-Jurma_037-95x95.jpg\" alt=\"\" width=\"95\" height=\"95\" \/><\/a><a href=\"http:\/\/semndecarte.metarsis.ro\/wp-content\/uploads\/2011\/02\/66-Ghe-Jurma_049.jpg\" rel=\"lightbox[4860]\"><img loading=\"lazy\" class=\"alignleft size-thumbnail wp-image-4868\" title=\"66 Ghe Jurma\" src=\"http:\/\/semndecarte.metarsis.ro\/wp-content\/uploads\/2011\/02\/66-Ghe-Jurma_049-95x95.jpg\" alt=\"\" width=\"95\" height=\"95\" \/><\/a><a href=\"http:\/\/semndecarte.metarsis.ro\/wp-content\/uploads\/2011\/02\/66-Ghe-Jurma_059.jpg\" rel=\"lightbox[4860]\"><img loading=\"lazy\" class=\"alignleft size-thumbnail wp-image-4869\" title=\"Aniversare 66 Gheorghe Jurma\" src=\"http:\/\/semndecarte.metarsis.ro\/wp-content\/uploads\/2011\/02\/66-Ghe-Jurma_059-95x95.jpg\" alt=\"\" width=\"95\" height=\"95\" \/><\/a><a href=\"http:\/\/semndecarte.metarsis.ro\/wp-content\/uploads\/2011\/02\/66-Ghe-Jurma_070.jpg\" rel=\"lightbox[4860]\"><img loading=\"lazy\" class=\"alignleft size-thumbnail wp-image-4871\" title=\"Aniversare 66 Gheorghe Jurma\" src=\"http:\/\/semndecarte.metarsis.ro\/wp-content\/uploads\/2011\/02\/66-Ghe-Jurma_070-95x95.jpg\" alt=\"\" width=\"95\" height=\"95\" \/><\/a><a href=\"http:\/\/semndecarte.metarsis.ro\/wp-content\/uploads\/2011\/02\/66-Ghe-Jurma_080.jpg\" rel=\"lightbox[4860]\"><img loading=\"lazy\" class=\"alignleft size-thumbnail wp-image-4872\" title=\"Prof. Clara Constanitin, director al Bibliotecii Jude\u0163ene &quot;Paul Iorgovici&quot;\" src=\"http:\/\/semndecarte.metarsis.ro\/wp-content\/uploads\/2011\/02\/66-Ghe-Jurma_080-95x95.jpg\" alt=\"\" width=\"95\" height=\"95\" \/><\/a><a href=\"http:\/\/semndecarte.metarsis.ro\/wp-content\/uploads\/2011\/02\/66-Ghe-Jurma_085.jpg\" rel=\"lightbox[4860]\"><img loading=\"lazy\" class=\"alignleft size-thumbnail wp-image-4873\" title=\"Vorbeste prof. drd. Iacob Roman\" src=\"http:\/\/semndecarte.metarsis.ro\/wp-content\/uploads\/2011\/02\/66-Ghe-Jurma_085-95x95.jpg\" alt=\"\" width=\"95\" height=\"95\" \/><\/a><a href=\"http:\/\/semndecarte.metarsis.ro\/wp-content\/uploads\/2011\/02\/66-Ghe-Jurma_105.jpg\" rel=\"lightbox[4860]\"><img loading=\"lazy\" class=\"alignleft size-thumbnail wp-image-4874\" title=\"Prof. Gabriela Serban, director al Bibliotecii &quot;Tata Oancea&quot; din Boc\u015fa\" src=\"http:\/\/semndecarte.metarsis.ro\/wp-content\/uploads\/2011\/02\/66-Ghe-Jurma_105-95x95.jpg\" alt=\"\" width=\"95\" height=\"95\" \/><\/a><a href=\"http:\/\/semndecarte.metarsis.ro\/wp-content\/uploads\/2011\/02\/66-Ghe-Jurma_092.jpg\" rel=\"lightbox[4860]\"><img loading=\"lazy\" class=\"alignleft size-thumbnail wp-image-4877\" title=\"Scriitorul Mircea Cavadia\" src=\"http:\/\/semndecarte.metarsis.ro\/wp-content\/uploads\/2011\/02\/66-Ghe-Jurma_092-95x95.jpg\" alt=\"\" width=\"95\" height=\"95\" \/><\/a><a href=\"http:\/\/semndecarte.metarsis.ro\/wp-content\/uploads\/2011\/02\/66-Ghe-Jurma_126.jpg\" rel=\"lightbox[4860]\"><img loading=\"lazy\" class=\"alignleft size-thumbnail wp-image-4875\" title=\"Istoric Dana Balanescu\" src=\"http:\/\/semndecarte.metarsis.ro\/wp-content\/uploads\/2011\/02\/66-Ghe-Jurma_126-95x95.jpg\" alt=\"\" width=\"95\" height=\"95\" \/><\/a><a href=\"http:\/\/semndecarte.metarsis.ro\/wp-content\/uploads\/2011\/02\/66-Ghe-Jurma_106.jpg\" rel=\"lightbox[4860]\"><img loading=\"lazy\" class=\"alignleft size-thumbnail wp-image-4876\" title=\"Vorbeste scriitorul Nicolae S\u00e2rbu\" src=\"http:\/\/semndecarte.metarsis.ro\/wp-content\/uploads\/2011\/02\/66-Ghe-Jurma_106-95x95.jpg\" alt=\"\" width=\"95\" height=\"95\" \/><\/a><\/p>\n","protected":false},"excerpt":{"rendered":"<p>N\u0103scut la 5 februarie l945 la Bobda \u00een jude\u0163ul Timi\u015f dar stabilit la Re\u015fi\u0163a \u00een jude\u0163ul Cara\u015f-Severin scriitorul, jurnalistul, istoricul \u015fi criticul literar, eminescologul, colec\u0163ionarul \u015fi editorul Gheorghe Jurma \u00eempline\u015fte azi frumoasa v\u00e2rst\u0103 de 66 ani. <\/p>\n","protected":false},"author":1,"featured_media":0,"comment_status":"open","ping_status":"open","sticky":false,"template":"","format":"standard","meta":[],"categories":[7],"tags":[299],"_links":{"self":[{"href":"https:\/\/semndecarte.metarsis.ro\/index.php?rest_route=\/wp\/v2\/posts\/4860"}],"collection":[{"href":"https:\/\/semndecarte.metarsis.ro\/index.php?rest_route=\/wp\/v2\/posts"}],"about":[{"href":"https:\/\/semndecarte.metarsis.ro\/index.php?rest_route=\/wp\/v2\/types\/post"}],"author":[{"embeddable":true,"href":"https:\/\/semndecarte.metarsis.ro\/index.php?rest_route=\/wp\/v2\/users\/1"}],"replies":[{"embeddable":true,"href":"https:\/\/semndecarte.metarsis.ro\/index.php?rest_route=%2Fwp%2Fv2%2Fcomments&post=4860"}],"version-history":[{"count":0,"href":"https:\/\/semndecarte.metarsis.ro\/index.php?rest_route=\/wp\/v2\/posts\/4860\/revisions"}],"wp:attachment":[{"href":"https:\/\/semndecarte.metarsis.ro\/index.php?rest_route=%2Fwp%2Fv2%2Fmedia&parent=4860"}],"wp:term":[{"taxonomy":"category","embeddable":true,"href":"https:\/\/semndecarte.metarsis.ro\/index.php?rest_route=%2Fwp%2Fv2%2Fcategories&post=4860"},{"taxonomy":"post_tag","embeddable":true,"href":"https:\/\/semndecarte.metarsis.ro\/index.php?rest_route=%2Fwp%2Fv2%2Ftags&post=4860"}],"curies":[{"name":"wp","href":"https:\/\/api.w.org\/{rel}","templated":true}]}}