{"id":4840,"date":"2011-01-28T22:50:14","date_gmt":"2011-01-28T20:50:14","guid":{"rendered":"http:\/\/semndecarte.metarsis.ro\/?p=4840"},"modified":"2011-04-01T21:48:23","modified_gmt":"2011-04-01T19:48:23","slug":"regizorul-ioan-carmazan-la-%e2%80%9esemn-de-carte%e2%80%9d","status":"publish","type":"post","link":"https:\/\/semndecarte.metarsis.ro\/?p=4840","title":{"rendered":"Regizorul Ioan C\u0103rm\u0103zan la \u201eSemn de carte\u201d"},"content":{"rendered":"<p>Pe oriunde l-ar duce pa\u015fii \u00een aceast\u0103 goan\u0103 a vie\u0163ii pe regizorul Ioan C\u0103rm\u0103zan, atunci c\u00e2nd este invitat acas\u0103, adic\u0103 la Boc\u015fa, acesta vine cu mare pl\u0103cere. Iar boc\u015fenii nu ezit\u0103 s\u0103-l invite ori de c\u00e2te ori se ive\u015fte ocazia.<\/p>\n<p>A\u015fa s-a \u00eent\u00e2mplat \u015fi \u00een 26 ianuarie 2011 c\u00e2nd Biblioteca \u201eTata Oancea\u201d din Boc\u015fa i-a lansat regizorului Ioan C\u0103rm\u0103zan propunerea\u00a0 unei \u00eent\u00e2lniri, de ast\u0103 dat\u0103 la o libr\u0103rie din Re\u015fi\u0163a.<!--more--><\/p>\n<p>Libr\u0103ria \u201eSemn de carte\u201d din Re\u015fi\u0163a, p\u0103storit\u0103 cu mare grij\u0103 \u015fi mult\u0103 pasiune de fam. Duca \u2013 Lucian \u015fi Camelia \u2013, a devenit de ceva vreme un important centru de cultur\u0103 re\u015fi\u0163ean, locul de \u00eent\u00e2lnire a personalit\u0103\u0163ilor culturale ale vremii. Dar pragul acestei libr\u0103rii este trecut \u015fi de numero\u015fi elevi, dasc\u0103li sau\u00a0 oameni simpli care, pur \u015fi simplu, ador\u0103 s\u0103 citeasc\u0103, iar la libr\u0103ria \u201eSemn de carte\u201d pot s\u0103 lectureze \u00een voie, la o cea\u015fc\u0103 de cafea sau ceai, f\u0103r\u0103 a fi obliga\u0163i s\u0103 cumpere acele lecturi.<\/p>\n<p>De un astfel de centru biblio-cultural bine\u00een\u0163eles c\u0103 biblioteca din Boc\u015fa n-ar putea sta departe, a\u015fa c\u0103, \u00een scurt timp s-a legat o str\u00e2ns\u0103 colaborare \u015fi prietenie \u015fi, bine\u00een\u0163eles c\u0103 au luat na\u015ftere \u015fi ac\u0163iuni comune.<\/p>\n<p>Prima colaborare a fost cea de intermediere a \u00eent\u00e2lnirii scriitorului \u015fi publicistului timi\u015forean Du\u015fan Baiski cu cititorii frecven\u0163i ai libr\u0103riei \u201eSemn de carte\u201d \u015fi prezentarea proiectului \u201eBanaterra\u201d.<\/p>\n<p>Alte colabor\u0103ri au fost cele de promovare a activit\u0103\u0163ii bibliotecii, precum \u015fi a proiectului s\u0103u editorial \u201eBoc\u015fa \u2013 istorie \u015fi cultur\u0103\u201d.<\/p>\n<p>Cea mai recent\u0103 colaborare a fost cea legat\u0103 de prezentarea regizorului \u015fi scriitorului Ioan C\u0103rm\u0103zan la sediul libr\u0103riei re\u015fi\u0163ene unde, un public \u00een majoritate t\u00e2n\u0103r, s-a ar\u0103tat dornic de a-l cunoa\u015fte \u015fi de a-i asculta savuroasele povestiri spuse \u00eentr-un stil personal \u015fi inconfundabil.<\/p>\n<p style=\"text-align: justify;\">\u00cent\u00e2lnirea a fost interesant\u0103 \u015fi incitant\u0103 pentru c\u0103 Ioan C\u0103rm\u0103zan chiar are ce povesti \u015fi poate s\u0103 vorbeasc\u0103 ore \u00een \u015fir f\u0103r\u0103 a plictisi, ba chiar dimpotriv\u0103. La el povestea na\u015fte pove\u015fti, iar oamenii erau dornici de a le asculta.<\/p>\n<p style=\"text-align: justify;\">Dup\u0103 cuv\u00e2ntul de bun venit al gazdei, Camelia Duca, moderatorul a fost Doru Dinu Gl\u0103van, directorul Radio Re\u015fi\u0163a, el \u00eensu\u015fi av\u00e2nd o bun\u0103 colaborare\u00a0 \u015fi proiecte de viitor cu Ioan C\u0103rm\u0103zan. Prezentarea invitatului a revenit, firesc, unei boc\u015fence, managerul bibliotecii din Boc\u015fa, omul de leg\u0103tur\u0103 pentru aceast\u0103 \u00eent\u00e2lnire; un cuv\u00e2nt cald \u015fi prietenesc a fost rostit de cea care patroneaz\u0103 cultura c\u0103r\u0103\u015fan\u0103, dna. dir. Liubi\u0163a Raichici, iar c\u0103r\u0163ile scriitorului Ioan C\u0103rm\u0103zan au fost prezentate de editorul \u015fi mai vechiul colaborator al regizorului, dl. Gh. Jurma, directorul editurii TIM din Re\u015fi\u0163a.<\/p>\n<p style=\"text-align: justify;\">Evenimentul s-a \u00eencheiat cu prezentarea filmului \u201eOul de cuc\u201d, cel mai recent lung metraj \u00een regia lui Ioan C\u0103rm\u0103zan, dar \u015fi cu discu\u0163ii legate de viitoare proiecte menite s\u0103 consolideze colaborarea cu acest veritabil om &#8211;\u00a0 Ioan C\u0103rm\u0103zan.<\/p>\n<p style=\"text-align: justify;\">Iar eu prognozez c\u0103 urm\u0103toarea \u00eent\u00e2lnire cu regizorul Ioan C\u0103rm\u0103zan\u00a0 o vom organiza \u00een colaborare cu Biblioteca Jude\u0163ean\u0103 \u201ePaul Iorgovici\u201d, deoarece managerul acestei institu\u0163ii, dra. Clara Constantin, prezent\u0103 la \u00eent\u00e2lnirea de la \u201eSemn de carte\u201d, \u015fi-a exprimat dorin\u0163a \u015fi interesul pentru un astfel de\u00a0 eveniment.<\/p>\n<p style=\"text-align: justify;\">Iar \u00eempreun\u0103 cu \u201eSemn de carte\u201d vom organiza \u00een cur\u00e2nd o \u00eent\u00e2lnire cu\u00a0 profesorii Constantin Falc\u0103 \u015fi Petru Ciurea \u2013 timi\u015feni \u2013 \u015fi cu cele opt volume de \u201eC\u0103r\u0103\u015feni de neuitat\u201d, volume ap\u0103rute prin truda celor doi harnici scriitori.<\/p>\n<p style=\"text-align: justify;\">\u015ei iat\u0103 cum pove\u015ftile nasc pove\u015fti, \u00eent\u00e2lnirile nasc noi colabor\u0103ri \u015fi alte \u00eent\u00e2lniri, prieteniile nasc alte prietenii, iar meritul este al fiec\u0103rui participant \u00een parte pentru c\u0103 doar \u00eempreun\u0103 putem realiza astfel de evenimente care s\u0103 ne bucure sufletul. (Gabriela \u015eerban)<\/p>\n<p style=\"text-align: justify;\"><a href=\"http:\/\/semndecarte.metarsis.ro\/wp-content\/uploads\/2011\/01\/Carmazan001.jpg\" rel=\"lightbox[4840]\"><img loading=\"lazy\" class=\"alignleft size-thumbnail wp-image-4841\" title=\"Iubitori de art\u0103\" src=\"http:\/\/semndecarte.metarsis.ro\/wp-content\/uploads\/2011\/01\/Carmazan001-95x95.jpg\" alt=\"\" width=\"95\" height=\"95\" \/><\/a><a href=\"http:\/\/semndecarte.metarsis.ro\/wp-content\/uploads\/2011\/01\/Carmazan_000.jpg\" rel=\"lightbox[4840]\"><img loading=\"lazy\" class=\"alignleft size-thumbnail wp-image-4842\" title=\"Regizorul \u015fi scriitorul Ioan C\u0103rm\u0103zan\" src=\"http:\/\/semndecarte.metarsis.ro\/wp-content\/uploads\/2011\/01\/Carmazan_000-95x95.jpg\" alt=\"\" width=\"95\" height=\"95\" \/><\/a><a href=\"http:\/\/semndecarte.metarsis.ro\/wp-content\/uploads\/2011\/01\/Carmazan_007.jpg\" rel=\"lightbox[4840]\"><img loading=\"lazy\" class=\"alignleft size-thumbnail wp-image-4843\" title=\"Ioan C\u0103rm\u0103zan al\u0103turi de Clara Constantin si Doru Dinu Gl\u0103van sub privirea atent\u0103 a Gabrielei \u015eerban\" src=\"http:\/\/semndecarte.metarsis.ro\/wp-content\/uploads\/2011\/01\/Carmazan_007-95x95.jpg\" alt=\"\" width=\"95\" height=\"95\" \/><\/a><a href=\"http:\/\/semndecarte.metarsis.ro\/wp-content\/uploads\/2011\/01\/Carmazan_014.jpg\" rel=\"lightbox[4840]\"><img loading=\"lazy\" class=\"alignleft size-thumbnail wp-image-4844\" title=\"Vorbitori la prezentarea c\u0103r\u0163ilor semnate Ioan C\u0103rm\u0103zan\" src=\"http:\/\/semndecarte.metarsis.ro\/wp-content\/uploads\/2011\/01\/Carmazan_014-95x95.jpg\" alt=\"\" width=\"95\" height=\"95\" \/><\/a><a href=\"http:\/\/semndecarte.metarsis.ro\/wp-content\/uploads\/2011\/01\/Carmazan_015.jpg\" rel=\"lightbox[4840]\"><img loading=\"lazy\" class=\"alignleft size-thumbnail wp-image-4845\" title=\"La vizionarea filmului &quot;Oul de cuc&quot;\" src=\"http:\/\/semndecarte.metarsis.ro\/wp-content\/uploads\/2011\/01\/Carmazan_015-95x95.jpg\" alt=\"\" width=\"95\" height=\"95\" \/><\/a><a href=\"http:\/\/semndecarte.metarsis.ro\/wp-content\/uploads\/2011\/01\/Carmazan_022.jpg\" rel=\"lightbox[4840]\"><img loading=\"lazy\" class=\"alignleft size-thumbnail wp-image-4846\" title=\"Public\" src=\"http:\/\/semndecarte.metarsis.ro\/wp-content\/uploads\/2011\/01\/Carmazan_022-95x95.jpg\" alt=\"\" width=\"95\" height=\"95\" \/><\/a><a href=\"http:\/\/semndecarte.metarsis.ro\/wp-content\/uploads\/2011\/01\/Carmazan_023.jpg\" rel=\"lightbox[4840]\"><img loading=\"lazy\" class=\"alignleft size-thumbnail wp-image-4847\" title=\"Vorbe\u015fte prof. dr. Liubi\u0163a Raichici, director al Direc\u0163iei pentru Cultur\u0103 \u015fi Patrimoniu Cultural Na\u0163ional Cara\u015f-Severin...atent, moderatorul \u00eent\u00e2lnirii Doru Dinu Gl\u0103van, directorul Studioului Regional Radio Re\u015fi\u0163a\" src=\"http:\/\/semndecarte.metarsis.ro\/wp-content\/uploads\/2011\/01\/Carmazan_023-95x95.jpg\" alt=\"\" width=\"95\" height=\"95\" \/><\/a><a href=\"http:\/\/semndecarte.metarsis.ro\/wp-content\/uploads\/2011\/01\/Carmazan_031.jpg\" rel=\"lightbox[4840]\"><img loading=\"lazy\" class=\"alignleft size-thumbnail wp-image-4848\" title=\"Vorbe\u015fte editorul Gheorghe Jurma...ascult\u0103 aten\u0163i maestrul Nu\u0163u C\u0103rm\u0103zan \u015fi Gabi \u015eerban, directoarea Bibliotecii &quot;Tata Oancea&quot; din Boc\u015fa\" src=\"http:\/\/semndecarte.metarsis.ro\/wp-content\/uploads\/2011\/01\/Carmazan_031-95x95.jpg\" alt=\"\" width=\"95\" height=\"95\" \/><\/a><a href=\"http:\/\/semndecarte.metarsis.ro\/wp-content\/uploads\/2011\/01\/Carmazan_040.jpg\" rel=\"lightbox[4840]\"><img loading=\"lazy\" class=\"alignleft size-thumbnail wp-image-4849\" title=\"Vizion\u00e2nd filmul&quot;Oul de cuc&quot;\" src=\"http:\/\/semndecarte.metarsis.ro\/wp-content\/uploads\/2011\/01\/Carmazan_040-95x95.jpg\" alt=\"\" width=\"95\" height=\"95\" \/><\/a><a href=\"http:\/\/semndecarte.metarsis.ro\/wp-content\/uploads\/2011\/01\/Carmazan_042.jpg\" rel=\"lightbox[4840]\"><img loading=\"lazy\" class=\"alignleft size-thumbnail wp-image-4850\" title=\"Titus Suciu \u015fi o admiratoare a scrierilor sale\" src=\"http:\/\/semndecarte.metarsis.ro\/wp-content\/uploads\/2011\/01\/Carmazan_042-95x95.jpg\" alt=\"\" width=\"95\" height=\"95\" \/><\/a><a href=\"http:\/\/semndecarte.metarsis.ro\/wp-content\/uploads\/2011\/01\/Carmazan_046.jpg\" rel=\"lightbox[4840]\"><img loading=\"lazy\" class=\"alignleft size-thumbnail wp-image-4851\" title=\"La prezentare\" src=\"http:\/\/semndecarte.metarsis.ro\/wp-content\/uploads\/2011\/01\/Carmazan_046-95x95.jpg\" alt=\"\" width=\"95\" height=\"95\" \/><\/a><a href=\"http:\/\/semndecarte.metarsis.ro\/wp-content\/uploads\/2011\/01\/Carmazan_051.jpg\" rel=\"lightbox[4840]\"><img loading=\"lazy\" class=\"alignleft size-thumbnail wp-image-4852\" title=\"Prof. Adriana Ponoran, dirijoare a corului de copii &quot;Menestrelul&quot;, prieten\u0103 devotat\u0103 a libr\u0103riei Semn de Carte\" src=\"http:\/\/semndecarte.metarsis.ro\/wp-content\/uploads\/2011\/01\/Carmazan_051-95x95.jpg\" alt=\"\" width=\"95\" height=\"95\" \/><\/a><a href=\"http:\/\/semndecarte.metarsis.ro\/wp-content\/uploads\/2011\/01\/Carmazan_056.jpg\" rel=\"lightbox[4840]\"><img loading=\"lazy\" class=\"alignleft size-thumbnail wp-image-4853\" title=\"Ioan C\u0103rm\u0103zan \u015fi Clara Constantin, director al Bibliotecii Jude\u0163ene &quot;Paul Iorgovici&quot;\" src=\"http:\/\/semndecarte.metarsis.ro\/wp-content\/uploads\/2011\/01\/Carmazan_056-95x95.jpg\" alt=\"\" width=\"95\" height=\"95\" \/><\/a><a href=\"http:\/\/semndecarte.metarsis.ro\/wp-content\/uploads\/2011\/01\/Carmazan_0571.jpg\" rel=\"lightbox[4840]\"><img loading=\"lazy\" class=\"alignleft size-thumbnail wp-image-4856\" title=\"Gabi \u015eerban \u015fi maestrul Ioan (Nu\u0163u) C\u0103rm\u0103zan langa &quot;N\u0103luca&quot; sculptorului Bata Marianov \u015fi pictura lui Emilian Papi Ro\u015fculescu\" src=\"http:\/\/semndecarte.metarsis.ro\/wp-content\/uploads\/2011\/01\/Carmazan_0571-95x95.jpg\" alt=\"\" width=\"95\" height=\"95\" \/><\/a><a href=\"http:\/\/semndecarte.metarsis.ro\/wp-content\/uploads\/2011\/01\/Carmazan_053.jpg\" rel=\"lightbox[4840]\"><img loading=\"lazy\" class=\"alignleft size-thumbnail wp-image-4854\" title=\"Fotografie de grup cu o parte din participan\u0163i\" src=\"http:\/\/semndecarte.metarsis.ro\/wp-content\/uploads\/2011\/01\/Carmazan_053-95x95.jpg\" alt=\"\" width=\"95\" height=\"95\" \/><\/a><\/p>\n<p style=\"text-align: justify;\">\u00a0<\/p>\n<p>\n<object style=\"width: 520px; height: 428px;\" classid=\"clsid:d27cdb6e-ae6d-11cf-96b8-444553540000\" width=\"520\" height=\"428\" codebase=\"http:\/\/download.macromedia.com\/pub\/shockwave\/cabs\/flash\/swflash.cab#version=6,0,40,0\"><param name=\"play\" value=\"false\" \/><param name=\"loop\" value=\"false\" \/><param name=\"salign\" value=\"l\" \/><param name=\"src\" value=\"http:\/\/www.youtube.com\/v\/dHII7hqRpyo&amp;rel=0\" \/><param name=\"align\" value=\"left\" \/><embed style=\"width: 520px; height: 428px;\" type=\"application\/x-shockwave-flash\" width=\"520\" height=\"428\" src=\"http:\/\/www.youtube.com\/v\/dHII7hqRpyo&amp;rel=0\" align=\"left\" salign=\"l\" loop=\"false\" play=\"false\"><\/embed><\/object><\/p>\n","protected":false},"excerpt":{"rendered":"<p>Pe oriunde l-ar duce pa\u015fii \u00een aceast\u0103 goan\u0103 a vie\u0163ii pe regizorul Ioan C\u0103rm\u0103zan, atunci c\u00e2nd este invitat acas\u0103, adic\u0103 la Boc\u015fa, acesta vine cu mare pl\u0103cere. Iar boc\u015fenii nu ezit\u0103 s\u0103-l invite ori de c\u00e2te ori se ive\u015fte ocazia.<\/p>\n<p>A\u015fa s-a \u00eent\u00e2mplat \u015fi \u00een 26 ianuarie 2011 c\u00e2nd Biblioteca \u201eTata Oancea\u201d din Boc\u015fa i-a lansat regizorului Ioan C\u0103rm\u0103zan propunerea  unei \u00eent\u00e2lniri, de ast\u0103 dat\u0103 la o libr\u0103rie din Re\u015fi\u0163a.<\/p>\n","protected":false},"author":1,"featured_media":0,"comment_status":"open","ping_status":"open","sticky":false,"template":"","format":"standard","meta":[],"categories":[6,7],"tags":[49,102,103,297],"_links":{"self":[{"href":"https:\/\/semndecarte.metarsis.ro\/index.php?rest_route=\/wp\/v2\/posts\/4840"}],"collection":[{"href":"https:\/\/semndecarte.metarsis.ro\/index.php?rest_route=\/wp\/v2\/posts"}],"about":[{"href":"https:\/\/semndecarte.metarsis.ro\/index.php?rest_route=\/wp\/v2\/types\/post"}],"author":[{"embeddable":true,"href":"https:\/\/semndecarte.metarsis.ro\/index.php?rest_route=\/wp\/v2\/users\/1"}],"replies":[{"embeddable":true,"href":"https:\/\/semndecarte.metarsis.ro\/index.php?rest_route=%2Fwp%2Fv2%2Fcomments&post=4840"}],"version-history":[{"count":0,"href":"https:\/\/semndecarte.metarsis.ro\/index.php?rest_route=\/wp\/v2\/posts\/4840\/revisions"}],"wp:attachment":[{"href":"https:\/\/semndecarte.metarsis.ro\/index.php?rest_route=%2Fwp%2Fv2%2Fmedia&parent=4840"}],"wp:term":[{"taxonomy":"category","embeddable":true,"href":"https:\/\/semndecarte.metarsis.ro\/index.php?rest_route=%2Fwp%2Fv2%2Fcategories&post=4840"},{"taxonomy":"post_tag","embeddable":true,"href":"https:\/\/semndecarte.metarsis.ro\/index.php?rest_route=%2Fwp%2Fv2%2Ftags&post=4840"}],"curies":[{"name":"wp","href":"https:\/\/api.w.org\/{rel}","templated":true}]}}