{"id":4833,"date":"2011-01-27T22:36:16","date_gmt":"2011-01-27T20:36:16","guid":{"rendered":"http:\/\/semndecarte.metarsis.ro\/?p=4833"},"modified":"2011-01-28T12:33:31","modified_gmt":"2011-01-28T10:33:31","slug":"lectia-de-istorie-si-aricel-istet","status":"publish","type":"post","link":"https:\/\/semndecarte.metarsis.ro\/?p=4833","title":{"rendered":"Lec\u0163ia de istorie \u015fi  &#8230; ARIcel ISTE\u0162"},"content":{"rendered":"<p>UNIREA<\/p>\n<p style=\"text-align: justify;\">N-au trecut dec\u00e2t doua s\u0103ptam\u00e2ni de la vizita f\u0103cut\u0103,\u00a0 la libraria Semn de Carte, de c\u0103tre elevii clasei a V-a C de la \u00a0Liceului Diaconovici- Tietz din Re\u015fi\u0163a, \u00een cadrul proiectului \u201cCartea e un dar pe care-l po\u0163i deschide iar&#8230;si iar&#8230;\u201d. Unii dintre ei s-au \u00a0aflat atunci pentru prima oara \u00een prezen\u0163a c\u0103r\u0163ilor viu colorate \u00eentr-o librarie dar entuziasmul i-a facut s\u0103 revin\u0103 miercuri 26 ianuarie 2011, de data aceasta, la un ceai de fructe de padure \u015fi o lec\u0163ie de istorie \u0163inut\u0103 altfel. <!--more-->\u00censo\u0163i\u0163i de doamna dirigint\u0103 Mileva Colonescu, prin vizionarea \u00a0filmului dedicat zilei de 24 ianuarie 1859 \u015fi \u00a0explicatiile doamnei prof. Cristina Neag, elevii au \u00een\u0163eles semnifica\u0163ia \u015fi importan\u0163a Unirii.<\/p>\n<p style=\"text-align: justify;\">ARIcel ISTET \u2013 ariciul de\u015ftept (pentru c\u0103 citeste mult) c\u0103ruia \u00eei plac nespus pove\u015ftile &#8211; aciuat pe l\u00e2ng\u0103 librarie &#8211; prietenul micu\u0163ilor iubitori de carte, i-a r\u0103spl\u0103tit pe copii cu bomboane colorate, f\u0103cute \u015fi impachetate frumos chiar de el \u00een laboratorul nev\u0103zut al Semnului de Carte.\u00a0 \u015ei, pentru c\u0103 a muncit toata noaptea, n-am putut s\u0103-l trezim s\u0103 \u00eempart\u0103 el copiilor bomboane \u015fi s\u0103-l cunoa\u015ftem. Nu-i nimic, poate data viitoare&#8230;.<\/p>\n<p style=\"text-align: justify;\"><a href=\"http:\/\/semndecarte.metarsis.ro\/wp-content\/uploads\/2011\/01\/24-ian_001.jpg\" rel=\"lightbox[4833]\"><img loading=\"lazy\" class=\"alignleft size-thumbnail wp-image-4834\" title=\"Elevi ai clasei a V-a C de la  Liceului Diaconovici-Tietz din Re\u015fi\u0163a \u00eenso\u0163i\u0163i de prof. Mileva Colonescu \u015fi prof. Cristina Neag\" src=\"http:\/\/semndecarte.metarsis.ro\/wp-content\/uploads\/2011\/01\/24-ian_001-95x95.jpg\" alt=\"\" width=\"95\" height=\"95\" \/><\/a><a href=\"http:\/\/semndecarte.metarsis.ro\/wp-content\/uploads\/2011\/01\/24-ian_002.jpg\" rel=\"lightbox[4833]\"><img loading=\"lazy\" class=\"alignleft size-thumbnail wp-image-4835\" title=\"Elevi ai clasei a V-a C de la  Liceului Diaconovici-Tietz din Re\u015fi\u0163a \u00eenso\u0163i\u0163i de prof. Mileva Colonescu \u015fi prof. Cristina Neag\" src=\"http:\/\/semndecarte.metarsis.ro\/wp-content\/uploads\/2011\/01\/24-ian_002-95x95.jpg\" alt=\"\" width=\"95\" height=\"95\" \/><\/a><a href=\"http:\/\/semndecarte.metarsis.ro\/wp-content\/uploads\/2011\/01\/24-ian_003.jpg\" rel=\"lightbox[4833]\"><img loading=\"lazy\" class=\"alignleft size-thumbnail wp-image-4836\" title=\"Elevi ai clasei a V-a C de la  Liceului Diaconovici-Tietz din Re\u015fi\u0163a \u00eenso\u0163i\u0163i de prof. Mileva Colonescu \u015fi prof. Cristina Neag\" src=\"http:\/\/semndecarte.metarsis.ro\/wp-content\/uploads\/2011\/01\/24-ian_003-95x95.jpg\" alt=\"\" width=\"95\" height=\"95\" \/><\/a><a href=\"http:\/\/semndecarte.metarsis.ro\/wp-content\/uploads\/2011\/01\/24-ian_005.jpg\" rel=\"lightbox[4833]\"><img loading=\"lazy\" class=\"alignleft size-thumbnail wp-image-4837\" title=\"Elevi ai clasei a V-a C de la  Liceului Diaconovici-Tietz din Re\u015fi\u0163a\" src=\"http:\/\/semndecarte.metarsis.ro\/wp-content\/uploads\/2011\/01\/24-ian_005-95x95.jpg\" alt=\"\" width=\"95\" height=\"95\" \/><\/a><a href=\"http:\/\/semndecarte.metarsis.ro\/wp-content\/uploads\/2011\/01\/24-ian_006.jpg\" rel=\"lightbox[4833]\"><img loading=\"lazy\" class=\"alignleft size-thumbnail wp-image-4838\" title=\"Prof. Mileva Colonescu, diriginte al clasei a V-a C de la  Liceului Diaconovici-Tietz din Re\u015fi\u0163a si elevul Florin Cosman (Fernando)\" src=\"http:\/\/semndecarte.metarsis.ro\/wp-content\/uploads\/2011\/01\/24-ian_006-95x95.jpg\" alt=\"\" width=\"95\" height=\"95\" \/><\/a><\/p>\n","protected":false},"excerpt":{"rendered":"<p> N-au trecut dec\u00e2t doua s\u0103ptam\u00e2ni de la vizita f\u0103cut\u0103,  la libraria Semn de Carte, de c\u0103tre elevii clasei a V-a C de la  Liceului Diaconovici- Tietz din Re\u015fi\u0163a, \u00een cadrul proiectului \u201cCartea e un dar pe care-l po\u0163i deschide iar&#8230;si iar&#8230;\u201d. Unii dintre ei s-au  aflat atunci pentru prima oara \u00een prezen\u0163a c\u0103r\u0163ilor viu colorate \u00eentr-o librarie dar entuziasmul i-a facut s\u0103 revin\u0103 miercuri 26 ianuarie 2011, de data aceasta, la un ceai de fructe de padure \u015fi o lec\u0163ie de istorie \u0163inut\u0103 altfel. <\/p>\n","protected":false},"author":1,"featured_media":0,"comment_status":"open","ping_status":"open","sticky":false,"template":"","format":"standard","meta":[],"categories":[7],"tags":[228],"_links":{"self":[{"href":"https:\/\/semndecarte.metarsis.ro\/index.php?rest_route=\/wp\/v2\/posts\/4833"}],"collection":[{"href":"https:\/\/semndecarte.metarsis.ro\/index.php?rest_route=\/wp\/v2\/posts"}],"about":[{"href":"https:\/\/semndecarte.metarsis.ro\/index.php?rest_route=\/wp\/v2\/types\/post"}],"author":[{"embeddable":true,"href":"https:\/\/semndecarte.metarsis.ro\/index.php?rest_route=\/wp\/v2\/users\/1"}],"replies":[{"embeddable":true,"href":"https:\/\/semndecarte.metarsis.ro\/index.php?rest_route=%2Fwp%2Fv2%2Fcomments&post=4833"}],"version-history":[{"count":0,"href":"https:\/\/semndecarte.metarsis.ro\/index.php?rest_route=\/wp\/v2\/posts\/4833\/revisions"}],"wp:attachment":[{"href":"https:\/\/semndecarte.metarsis.ro\/index.php?rest_route=%2Fwp%2Fv2%2Fmedia&parent=4833"}],"wp:term":[{"taxonomy":"category","embeddable":true,"href":"https:\/\/semndecarte.metarsis.ro\/index.php?rest_route=%2Fwp%2Fv2%2Fcategories&post=4833"},{"taxonomy":"post_tag","embeddable":true,"href":"https:\/\/semndecarte.metarsis.ro\/index.php?rest_route=%2Fwp%2Fv2%2Ftags&post=4833"}],"curies":[{"name":"wp","href":"https:\/\/api.w.org\/{rel}","templated":true}]}}