{"id":4816,"date":"2011-01-24T13:02:27","date_gmt":"2011-01-24T11:02:27","guid":{"rendered":"http:\/\/semndecarte.metarsis.ro\/?p=4816"},"modified":"2011-01-24T13:02:27","modified_gmt":"2011-01-24T11:02:27","slug":"cultura-si-securitatea","status":"publish","type":"post","link":"https:\/\/semndecarte.metarsis.ro\/?p=4816","title":{"rendered":"Cultura \u015fi securitatea"},"content":{"rendered":"<p style=\"text-align: justify;\">\u201cTarget- Opera\u0163iuni militare externe \u00een combaterea terorismului\u201d volum ap\u0103rut \u00een anul 2010 cu sprijinul Consiliului Jude\u0163ean Cara\u015f-Severin \u015fi sub egida Asocia\u0163iei Rom\u00e2ne a Speciali\u015ftilor \u00een Securitate sub semn\u0103tura Mario Balint a fost prezentat joi, 20 ianuarie 2011, la libr\u0103ria Semn de Carte din Re\u015fi\u0163a \u00een prezen\u0163a unui public numeros. <!--more-->Reporter special al Societ\u0103\u0163ii Romane de Radiodifuziune, cu un master \u00een Combaterea terorismului \u015fi absolvent al Colegiului National de Informa\u0163ii din Academia Mihai Viteazul, jurnalistul Mario Balint este autorul a 16 volume prezentate \u015fi comentate de criticul \u015fi editorul Gheorghe Jurma.<\/p>\n<p style=\"text-align: justify;\">Ultima apari\u0163ie editorial\u0103 a fost comentat\u0103 de jurnalistul Matei Mircioane. Despre importan\u0163a culturii de securitate, parte impornant\u0103 a culturii urbane au vorbit Mario Balint si gen. rez. Ioan Ion, ex secretar de stat \u00een Ministerul Ap\u0103r\u0103rii Na\u0163ionale. Seara a fost \u00eencheiat\u0103 prin vizionarea\u00a0 reportajului men\u0163ionat ca fiind cel mai bun reportaj clasic la Festivalul Interna\u0163ional de Reportaj Londra &#8211; 2009- realizat de Mario Balint \u00eempreun\u0103 cu Ilie Pintea \u015fi intitulat \u201cUciga\u015ful t\u0103cut din C\u00e2mpia Dun\u0103rii \u2013 NEB (nefropatia endemic\u0103 balcanic\u0103).<\/p>\n<p style=\"text-align: justify;\">\u00a0<\/p>\n<p><a href=\"http:\/\/semndecarte.metarsis.ro\/wp-content\/uploads\/2011\/01\/Balint_0015.jpg\" rel=\"lightbox[4816]\"><img loading=\"lazy\" class=\"alignleft size-thumbnail wp-image-4820\" title=\"Criticul Gheorghe Jurma la lansarea c\u0103r\u0163ii \u201cTARGET \u2013 Opera\u0163iuni militare externe \u00een combaterea terorismului\u201d de Mario Balint \" src=\"http:\/\/semndecarte.metarsis.ro\/wp-content\/uploads\/2011\/01\/Balint_0015-95x95.jpg\" alt=\"\" width=\"95\" height=\"95\" \/><\/a><a href=\"http:\/\/semndecarte.metarsis.ro\/wp-content\/uploads\/2011\/01\/Balint_0004.jpg\" rel=\"lightbox[4816]\"><img loading=\"lazy\" class=\"alignleft size-thumbnail wp-image-4819\" title=\"Mario Balint\" src=\"http:\/\/semndecarte.metarsis.ro\/wp-content\/uploads\/2011\/01\/Balint_0004-95x95.jpg\" alt=\"\" width=\"95\" height=\"95\" \/><\/a><a href=\"http:\/\/semndecarte.metarsis.ro\/wp-content\/uploads\/2011\/01\/Balint_000.jpg\" rel=\"lightbox[4816]\"><img loading=\"lazy\" class=\"alignleft size-thumbnail wp-image-4827\" title=\"Anca Balint\" src=\"http:\/\/semndecarte.metarsis.ro\/wp-content\/uploads\/2011\/01\/Balint_000-95x95.jpg\" alt=\"\" width=\"95\" height=\"95\" \/><\/a><a href=\"http:\/\/semndecarte.metarsis.ro\/wp-content\/uploads\/2011\/01\/Balint_0007.jpg\" rel=\"lightbox[4816]\"><img loading=\"lazy\" class=\"alignleft size-thumbnail wp-image-4817\" title=\"Public\" src=\"http:\/\/semndecarte.metarsis.ro\/wp-content\/uploads\/2011\/01\/Balint_0007-95x95.jpg\" alt=\"\" width=\"95\" height=\"95\" \/><\/a><a href=\"http:\/\/semndecarte.metarsis.ro\/wp-content\/uploads\/2011\/01\/Balint_0001.jpg\" rel=\"lightbox[4816]\"><img loading=\"lazy\" class=\"alignleft size-thumbnail wp-image-4818\" title=\"Ioan Ion - fost secretar de stat la Ministerul Ap\u0103r\u0103rii Na\u0163ionale\" src=\"http:\/\/semndecarte.metarsis.ro\/wp-content\/uploads\/2011\/01\/Balint_0001-95x95.jpg\" alt=\"\" width=\"95\" height=\"95\" \/><\/a><a href=\"http:\/\/semndecarte.metarsis.ro\/wp-content\/uploads\/2011\/01\/Balint_0023.jpg\" rel=\"lightbox[4816]\"><img loading=\"lazy\" class=\"alignleft size-thumbnail wp-image-4824\" title=\"Auditoriu\" src=\"http:\/\/semndecarte.metarsis.ro\/wp-content\/uploads\/2011\/01\/Balint_0023-95x95.jpg\" alt=\"\" width=\"95\" height=\"95\" \/><\/a><a href=\"http:\/\/semndecarte.metarsis.ro\/wp-content\/uploads\/2011\/01\/Balint_0028.jpg\" rel=\"lightbox[4816]\"><img loading=\"lazy\" class=\"alignleft size-thumbnail wp-image-4822\" title=\"Dr. Dumitru Sec\u0103\u015fan, directorul Spitalului Jude\u0163ean Cara\u015f-Severin si general \u00een rezerv\u0103 Ioan Ion\" src=\"http:\/\/semndecarte.metarsis.ro\/wp-content\/uploads\/2011\/01\/Balint_0028-95x95.jpg\" alt=\"\" width=\"95\" height=\"95\" \/><\/a><a href=\"http:\/\/semndecarte.metarsis.ro\/wp-content\/uploads\/2011\/01\/Balint_0024.jpg\" rel=\"lightbox[4816]\"><img loading=\"lazy\" class=\"alignleft size-thumbnail wp-image-4825\" title=\"In prim plan: Florin Safer si maestrul Zeno Balint\" src=\"http:\/\/semndecarte.metarsis.ro\/wp-content\/uploads\/2011\/01\/Balint_0024-95x95.jpg\" alt=\"\" width=\"95\" height=\"95\" \/><\/a><a href=\"http:\/\/semndecarte.metarsis.ro\/wp-content\/uploads\/2011\/01\/Balint_0027.jpg\" rel=\"lightbox[4816]\"><img loading=\"lazy\" class=\"alignleft size-thumbnail wp-image-4821\" title=\"Public\" src=\"http:\/\/semndecarte.metarsis.ro\/wp-content\/uploads\/2011\/01\/Balint_0027-95x95.jpg\" alt=\"\" width=\"95\" height=\"95\" \/><\/a><\/p>\n<p><a href=\"http:\/\/semndecarte.metarsis.ro\/wp-content\/uploads\/2011\/01\/Balint_0041.jpg\" rel=\"lightbox[4816]\"><img loading=\"lazy\" class=\"alignleft size-thumbnail wp-image-4823\" title=\"Matei Mircioane, jurnalist\" src=\"http:\/\/semndecarte.metarsis.ro\/wp-content\/uploads\/2011\/01\/Balint_0041-95x95.jpg\" alt=\"\" width=\"95\" height=\"95\" \/><\/a><\/p>\n","protected":false},"excerpt":{"rendered":"<p>\u201cTarget- Opera\u0163iuni militare externe \u00een combaterea terorismului\u201d volum ap\u0103rut \u00een anul 2010 cu sprijinul Consiliului Jude\u0163ean Cara\u015f-Severin \u015fi sub egida Asocia\u0163iei Rom\u00e2ne a Speciali\u015ftilor \u00een Securitate sub semn\u0103tura Mario Balint a fost prezentat joi, 20 ianuarie 2011, la libr\u0103ria Semn de Carte din Re\u015fi\u0163a \u00een prezen\u0163a unui public numeros. <\/p>\n","protected":false},"author":1,"featured_media":0,"comment_status":"open","ping_status":"open","sticky":false,"template":"","format":"standard","meta":[],"categories":[7],"tags":[69],"_links":{"self":[{"href":"https:\/\/semndecarte.metarsis.ro\/index.php?rest_route=\/wp\/v2\/posts\/4816"}],"collection":[{"href":"https:\/\/semndecarte.metarsis.ro\/index.php?rest_route=\/wp\/v2\/posts"}],"about":[{"href":"https:\/\/semndecarte.metarsis.ro\/index.php?rest_route=\/wp\/v2\/types\/post"}],"author":[{"embeddable":true,"href":"https:\/\/semndecarte.metarsis.ro\/index.php?rest_route=\/wp\/v2\/users\/1"}],"replies":[{"embeddable":true,"href":"https:\/\/semndecarte.metarsis.ro\/index.php?rest_route=%2Fwp%2Fv2%2Fcomments&post=4816"}],"version-history":[{"count":0,"href":"https:\/\/semndecarte.metarsis.ro\/index.php?rest_route=\/wp\/v2\/posts\/4816\/revisions"}],"wp:attachment":[{"href":"https:\/\/semndecarte.metarsis.ro\/index.php?rest_route=%2Fwp%2Fv2%2Fmedia&parent=4816"}],"wp:term":[{"taxonomy":"category","embeddable":true,"href":"https:\/\/semndecarte.metarsis.ro\/index.php?rest_route=%2Fwp%2Fv2%2Fcategories&post=4816"},{"taxonomy":"post_tag","embeddable":true,"href":"https:\/\/semndecarte.metarsis.ro\/index.php?rest_route=%2Fwp%2Fv2%2Ftags&post=4816"}],"curies":[{"name":"wp","href":"https:\/\/api.w.org\/{rel}","templated":true}]}}