{"id":4775,"date":"2011-01-15T10:25:56","date_gmt":"2011-01-15T08:25:56","guid":{"rendered":"http:\/\/semndecarte.metarsis.ro\/?p=4775"},"modified":"2011-01-15T10:25:56","modified_gmt":"2011-01-15T08:25:56","slug":"mircea-eliade-despre-mihai-eminescu","status":"publish","type":"post","link":"https:\/\/semndecarte.metarsis.ro\/?p=4775","title":{"rendered":"Mircea Eliade despre Mihai Eminescu"},"content":{"rendered":"<p style=\"text-align: justify;\">Dup\u0103 rezisten\u0163ele pe care le-a \u00eent\u00e2mpinat \u00een timpul scurtei \u015fi chinuitei lui vie\u0163i, opera lui Mihai Eminescu s-a impus fulger\u0103tor, neamul \u00eentreg, iar nu numai p\u0103turei culte. Nu \u015ftiu dac\u0103 s-a facut vreodat\u0103 socoteala exemplarelor tip\u0103rite din Poeziile lui Eminescu. Dar \u00een mai pu\u0163in de o jum\u0103tate de veac, poeziile acestea au fost reproduse \u00een multe zeci de edi\u0163ii, de la modestele tip\u0103rituri populare p\u00e2n\u0103 la admirabila edi\u0163ie critic\u0103 a Funda\u0163iilor Regale, \u00eengrijita de Perpessicius. Ast\u0103zi, dup\u0103 ce-au cunoscut at\u00eetea culmi \u015fi at\u00e2tea onoruri, Poeziile lui Eminescu, cenzurate \u00een \u0163ar\u0103, apar a\u015fa cum le vede\u0163i, \u00een haina sfioas\u0103 a pribegiei. Gloria lui Mihai Eminescu ar fi fost poate mai pu\u0163in semnificativ\u0103, dac\u0103 n-ar fi luat \u015fi el parte, de peste veac, la tragedia neamului romanesc.<!--more--><\/p>\n<p style=\"text-align: justify;\">Ce \u00eenseamn\u0103 pentru noi to\u0163i, poezia, literatura \u015fi g\u00e2ndirea politic\u0103 a lui Eminescu, o \u015ftim, \u015fi ar fi zadarnic s-o amintim \u00eenc\u0103 o dat\u0103. Tot ce s-a creat dup\u0103 el, de la Nicolae Iorga \u015fi Tudor Arghezi pan\u0103 la Vasile P\u00e2rvan, Nae Ionescu \u015fi Lucian Blaga, poart\u0103 pecetea geniului sau m\u0103car a limbii eminesciene. Rareori un neam \u00eentreg s-a reg\u0103sit \u00eentr-un poet cu at\u00e2ta spontaineitate \u015fi at\u00e2ta fervoare cu care neamul rom\u00e2nesc s-a reg\u0103sit \u00een opera lui Eminescu. \u00cel iubim cu to\u0163i pe Creang\u0103, \u00eel admiram pe Ha\u015fdeu, \u00eenv\u0103\u0163\u0103m s\u0103 scriem de la Odobescu, \u00eel respect\u0103m pe Titu Maiorescu \u015fi anevoie putem l\u0103sa s\u0103 treac\u0103 mult timp f\u0103r\u0103 s\u0103-l recitim pe Caragiale. Dar Eminescu este, pentru fiecare din noi, altceva. El ne-a relevat alte z\u0103ri \u015fi ne-a f\u0103cut s\u0103 cunoa\u015ftem altfel de lacrimi.<\/p>\n<p style=\"text-align: justify;\">El \u015fi numai el, ne-a ajutat s\u0103 \u00een\u0163elegem b\u0103taia inimii. El ne-a luminat \u00een\u0163elesul \u015fi bucuria nenorocului de a fi rom\u00e2n.<\/p>\n<p style=\"text-align: justify;\">Pentru noi, Eminescu nu e numai cel mai mare poet al nostru \u015fi cel mai str\u0103lucit geniu pe care l-a z\u0103mislit p\u0103m\u00e2ntul, apele \u015fi cerul rom\u00e2nesc. El este, \u00eentr-un anumit fel, \u00eentruparea \u00eens\u0103\u015fi a acestui cer \u015fi a acestui p\u0103m\u00e2nt, cu toate frumuse\u0163ile, durerile \u015fi n\u0103dejdile crescute din ele. Noi cei de aici, rup\u0163i de p\u0103m\u00e2nt \u015fi de neam, reg\u0103sim \u00een tot ce-am l\u0103sat \u00een urm\u0103, de la v\u0103zduhul mun\u0163ilor no\u015ftri \u015fi de la melancolia m\u0103rii noastre, p\u00e2n\u0103 la cerul nop\u0163ii rom\u00e2ne\u015fti \u015fi teiul \u00eenflorit al copil\u0103riei noastre. Recitindu-l pe Eminescu, ne re\u00eentoarcem ca \u00eentr-un dulce somn, la noi acasa.<\/p>\n<p style=\"text-align: justify;\">\u00centreg Universul nostru \u00eel avem \u00een aceste c\u00e2teva zeci de pagini pe care o m\u00e2n\u0103 harnic\u0103 le-a tip\u0103rit \u015fi le \u00eemparte ast\u0103zi \u00een cele patru col\u0163uri ale lumii, peste tot unde ne-a \u00eempr\u0103\u015ftiat pribegia. P\u0103stra\u0163i-le bine; este tot ce ne-a mai r\u0103mas ne\u00eentinat din apele, din cerul \u015fi din p\u0103m\u00e2ntul nostru rom\u00e2nesc. (Mircea Eliade &#8211; Paris, septembrie 1949, \u00a0Comentarii oprite)<\/p>\n","protected":false},"excerpt":{"rendered":"<p>Dup\u0103 rezisten\u0163ele pe care le-a \u00eent\u00e2mpinat \u00een timpul scurtei \u015fi chinuitei lui vie\u0163i, opera lui Mihai Eminescu s-a impus fulger\u0103tor, neamul \u00eentreg, iar nu numai p\u0103turei culte. Nu \u015ftiu dac\u0103 s-a facut vreodat\u0103 socoteala exemplarelor tip\u0103rite din Poeziile lui Eminescu. Dar \u00een mai pu\u0163in de o jum\u0103tate de veac, poeziile acestea au fost reproduse \u00een multe zeci de edi\u0163ii, de la modestele tip\u0103rituri populare p\u00e2n\u0103 la admirabila edi\u0163ie critic\u0103 a Funda\u0163iilor Regale, \u00eengrijita de Perpessicius&#8230;<\/p>\n","protected":false},"author":1,"featured_media":0,"comment_status":"open","ping_status":"open","sticky":false,"template":"","format":"standard","meta":[],"categories":[1],"tags":[294],"_links":{"self":[{"href":"https:\/\/semndecarte.metarsis.ro\/index.php?rest_route=\/wp\/v2\/posts\/4775"}],"collection":[{"href":"https:\/\/semndecarte.metarsis.ro\/index.php?rest_route=\/wp\/v2\/posts"}],"about":[{"href":"https:\/\/semndecarte.metarsis.ro\/index.php?rest_route=\/wp\/v2\/types\/post"}],"author":[{"embeddable":true,"href":"https:\/\/semndecarte.metarsis.ro\/index.php?rest_route=\/wp\/v2\/users\/1"}],"replies":[{"embeddable":true,"href":"https:\/\/semndecarte.metarsis.ro\/index.php?rest_route=%2Fwp%2Fv2%2Fcomments&post=4775"}],"version-history":[{"count":0,"href":"https:\/\/semndecarte.metarsis.ro\/index.php?rest_route=\/wp\/v2\/posts\/4775\/revisions"}],"wp:attachment":[{"href":"https:\/\/semndecarte.metarsis.ro\/index.php?rest_route=%2Fwp%2Fv2%2Fmedia&parent=4775"}],"wp:term":[{"taxonomy":"category","embeddable":true,"href":"https:\/\/semndecarte.metarsis.ro\/index.php?rest_route=%2Fwp%2Fv2%2Fcategories&post=4775"},{"taxonomy":"post_tag","embeddable":true,"href":"https:\/\/semndecarte.metarsis.ro\/index.php?rest_route=%2Fwp%2Fv2%2Ftags&post=4775"}],"curies":[{"name":"wp","href":"https:\/\/api.w.org\/{rel}","templated":true}]}}