{"id":4749,"date":"2011-01-14T18:00:06","date_gmt":"2011-01-14T16:00:06","guid":{"rendered":"http:\/\/semndecarte.metarsis.ro\/?p=4749"},"modified":"2011-01-16T10:39:07","modified_gmt":"2011-01-16T08:39:07","slug":"poezie-muzica-pictura","status":"publish","type":"post","link":"https:\/\/semndecarte.metarsis.ro\/?p=4749","title":{"rendered":"Poezie, muzic\u0103, pictur\u0103"},"content":{"rendered":"<p style=\"text-align: justify;\">Una dintre \u00a0manifest\u0103rile marcante desf\u0103\u015furate la libraria Semn de Carte din Re\u015fi\u0163a s-a petrecut, \u00een prezen\u0163a unui public numeros, miercuri 12 ianuarie 2011 \u015fi a fost dedicat\u0103 zilei de 15 ianuarie &#8211; ziua na\u015fterii \u201cLuceafarului\u201d poeziei rom\u00e2ne\u015fti &#8211; Mihai Eminescu <!--more-->&#8211; declarat\u0103 recent \u201cZiua Culturii Na\u0163ionale\u201d.\u00a0 \u201cPoetul nepereche\u201d a fost omagiat de eminescologul Gheorghe Jurma care a oferit asisten\u0163ei, pe l\u00e2ng\u0103 discursul bine documentat, o expozi\u0163ie inedit\u0103 cu volume bibliofile din opera vast\u0103 semnat\u0103 Mihai Eminescu. Vocea inegalabil\u0103 a actorului Zeno Balint a emo\u0163ionat p\u00e2n\u0103 la lacrimi asisten\u0163a prin recitalul sus\u0163inut. Dubla expozi\u0163ie de pictur\u0103 cu lucr\u0103ri semnate Jozsef Racz \u015fi Emilian-Papi Ro\u015fculescu a fost deschis\u0103 de dr. Liubita Raichici. Lectura public\u0103 din creatiile literare semnate Joszef Racz a fost sustinuta de jurnalistul Matei Mircioane si poetul Iacob Roman iar din crea\u0163iile semnate Papi Ro\u015fculescu a declamat , \u00eensu\u015fi, autorul. Ne-au \u00eenc\u00e2ntat sunetele chit\u0103rii electrice a t\u00e2n\u0103rului Vlad Radoi.<\/p>\n<p style=\"text-align: justify;\">O sear\u0103 &#8211; \u00eencununare a artelor, marca Metarsis, dedicat\u0103 spa\u0163iului multicultural al \u00a0Banatului de Munte \u015fi Zilei Culturii Na\u0163ionale.<\/p>\n<p style=\"text-align: justify;\"><a href=\"http:\/\/semndecarte.metarsis.ro\/wp-content\/uploads\/2011\/01\/Eminescu-vernisaj_0001.jpg\" rel=\"lightbox[4749]\"><img loading=\"lazy\" class=\"alignleft size-thumbnail wp-image-4762\" title=\"Cuv\u00e2ntul de bun venit al gazdei, directoarea libr\u0103riei Semn de Carte, doamna Camelia Duca\" src=\"http:\/\/semndecarte.metarsis.ro\/wp-content\/uploads\/2011\/01\/Eminescu-vernisaj_0001-95x95.jpg\" alt=\"\" width=\"95\" height=\"95\" \/><\/a><a href=\"http:\/\/semndecarte.metarsis.ro\/wp-content\/uploads\/2011\/01\/Eminescu-vernisaj_0012.jpg\" rel=\"lightbox[4749]\"><img loading=\"lazy\" class=\"alignleft size-thumbnail wp-image-4763\" title=\"Oameni de cultur\u0103 participan\u0163i la eveniment\" src=\"http:\/\/semndecarte.metarsis.ro\/wp-content\/uploads\/2011\/01\/Eminescu-vernisaj_0012-95x95.jpg\" alt=\"\" width=\"95\" height=\"95\" \/><\/a><a href=\"http:\/\/semndecarte.metarsis.ro\/wp-content\/uploads\/2011\/01\/Eminescu-vernisaj_0013.jpg\" rel=\"lightbox[4749]\"><img loading=\"lazy\" class=\"alignleft size-thumbnail wp-image-4764\" title=\"Oameni de cultur\u0103 participan\u0163i la eveniment\" src=\"http:\/\/semndecarte.metarsis.ro\/wp-content\/uploads\/2011\/01\/Eminescu-vernisaj_0013-95x95.jpg\" alt=\"\" width=\"95\" height=\"95\" \/><\/a><a href=\"http:\/\/semndecarte.metarsis.ro\/wp-content\/uploads\/2011\/01\/Eminescu-vernisaj_0020.jpg\" rel=\"lightbox[4749]\"><img loading=\"lazy\" class=\"alignleft size-thumbnail wp-image-4765\" title=\"Criticul, editorul \u015fi eminescologul Gheorghe Jurma - m\u00e2ndru de colec\u0163ia sa\" src=\"http:\/\/semndecarte.metarsis.ro\/wp-content\/uploads\/2011\/01\/Eminescu-vernisaj_0020-95x95.jpg\" alt=\"\" width=\"95\" height=\"95\" \/><\/a><a href=\"http:\/\/semndecarte.metarsis.ro\/wp-content\/uploads\/2011\/01\/Eminescu-vernisaj_0021.jpg\" rel=\"lightbox[4749]\"><img loading=\"lazy\" class=\"alignleft size-thumbnail wp-image-4766\" title=\"Criticul, editorul \u015fi eminescologul Gheorghe Jurma - m\u00e2ndru de colec\u0163ia sa - evoc\u00e2nd personalitatea lui Mihai Eminescu\" src=\"http:\/\/semndecarte.metarsis.ro\/wp-content\/uploads\/2011\/01\/Eminescu-vernisaj_0021-95x95.jpg\" alt=\"\" width=\"95\" height=\"95\" \/><\/a><a href=\"http:\/\/semndecarte.metarsis.ro\/wp-content\/uploads\/2011\/01\/Eminescu-vernisaj_0023.jpg\" rel=\"lightbox[4749]\"><img loading=\"lazy\" class=\"alignleft size-thumbnail wp-image-4767\" title=\"Actorul Zeno Balint, prof. dr. Liubi\u0163a Raichici - director al Direc\u0163iei Jude\u0163ene de Cultur\u0103 \u015fi Patrimoniu Na\u0163ional si criticul Gheorghe Jurma la evocarea lui Mihai Eminescu\" src=\"http:\/\/semndecarte.metarsis.ro\/wp-content\/uploads\/2011\/01\/Eminescu-vernisaj_0023-95x95.jpg\" alt=\"\" width=\"95\" height=\"95\" \/><\/a><a href=\"http:\/\/semndecarte.metarsis.ro\/wp-content\/uploads\/2011\/01\/Eminescu-vernisaj_0025.jpg\" rel=\"lightbox[4749]\"><img loading=\"lazy\" class=\"alignleft size-thumbnail wp-image-4768\" title=\"Maestrul Zeno Balint, actor, \u00een recital Eminescu de excep\u0163ie impresion\u00e2nd pan\u0103 la lacrimi asisten\u0163a\" src=\"http:\/\/semndecarte.metarsis.ro\/wp-content\/uploads\/2011\/01\/Eminescu-vernisaj_0025-95x95.jpg\" alt=\"\" width=\"95\" height=\"95\" \/><\/a><a href=\"http:\/\/semndecarte.metarsis.ro\/wp-content\/uploads\/2011\/01\/Eminescu-vernisaj_0028.jpg\" rel=\"lightbox[4749]\"><img loading=\"lazy\" class=\"alignleft size-thumbnail wp-image-4769\" title=\"Jurnalistul, artistul Matei Mircioane vorbind la vernisajul expoz\u0163iei de pictur\u0103 al dr. Jozsef Racz \u015fi a lui Emilian Papi Ro\u015fculescu\" src=\"http:\/\/semndecarte.metarsis.ro\/wp-content\/uploads\/2011\/01\/Eminescu-vernisaj_0028-95x95.jpg\" alt=\"\" width=\"95\" height=\"95\" \/><\/a><a href=\"http:\/\/semndecarte.metarsis.ro\/wp-content\/uploads\/2011\/01\/Eminescu-vernisaj_0030.jpg\" rel=\"lightbox[4749]\"><img loading=\"lazy\" class=\"alignleft size-thumbnail wp-image-4770\" title=\"Prof. drd Iacob Roman vorbind la vernisajul expoz\u0163iei de pictur\u0103 al dr. Jozsef Racz \u015fi a lui Emilian Papi Ro\u015fculescu\" src=\"http:\/\/semndecarte.metarsis.ro\/wp-content\/uploads\/2011\/01\/Eminescu-vernisaj_0030-95x95.jpg\" alt=\"\" width=\"95\" height=\"95\" \/><\/a><a href=\"http:\/\/semndecarte.metarsis.ro\/wp-content\/uploads\/2011\/01\/Eminescu-vernisaj_0033.jpg\" rel=\"lightbox[4749]\"><img loading=\"lazy\" class=\"alignleft size-thumbnail wp-image-4771\" title=\"\u00cen recital, maestrul Papi acompaniat la chitar\u0103 de Vl\u0103du\u0163 Radoi\" src=\"http:\/\/semndecarte.metarsis.ro\/wp-content\/uploads\/2011\/01\/Eminescu-vernisaj_0033-95x95.jpg\" alt=\"\" width=\"95\" height=\"95\" \/><\/a><\/p>\n<p>\n<object style=\"width: 520px; height: 428px;\" classid=\"clsid:d27cdb6e-ae6d-11cf-96b8-444553540000\" width=\"520\" height=\"428\" codebase=\"http:\/\/download.macromedia.com\/pub\/shockwave\/cabs\/flash\/swflash.cab#version=6,0,40,0\"><param name=\"play\" value=\"false\" \/><param name=\"loop\" value=\"false\" \/><param name=\"salign\" value=\"l\" \/><param name=\"src\" value=\"http:\/\/www.youtube.com\/v\/DSrqzBTo7mM&amp;rel=0\" \/><param name=\"align\" value=\"left\" \/><embed style=\"width: 520px; height: 428px;\" type=\"application\/x-shockwave-flash\" width=\"520\" height=\"428\" src=\"http:\/\/www.youtube.com\/v\/DSrqzBTo7mM&amp;rel=0\" align=\"left\" salign=\"l\" loop=\"false\" play=\"false\"><\/embed><\/object><\/p>\n","protected":false},"excerpt":{"rendered":"<p>Una dintre  manifest\u0103rile marcante desf\u0103\u015furate la libraria Semn de Carte din Re\u015fi\u0163a s-a petrecut, \u00een prezen\u0163a unui public numeros, miercuri 12 ianuarie 2011 \u015fi a fost dedicat\u0103 zilei de 15 ianuarie &#8211; ziua na\u015fterii \u201cLuceafarului\u201d poeziei rom\u00e2ne\u015fti &#8211; Mihai Eminescu <\/p>\n","protected":false},"author":1,"featured_media":0,"comment_status":"open","ping_status":"open","sticky":false,"template":"","format":"standard","meta":[],"categories":[6,7],"tags":[232,99,241],"_links":{"self":[{"href":"https:\/\/semndecarte.metarsis.ro\/index.php?rest_route=\/wp\/v2\/posts\/4749"}],"collection":[{"href":"https:\/\/semndecarte.metarsis.ro\/index.php?rest_route=\/wp\/v2\/posts"}],"about":[{"href":"https:\/\/semndecarte.metarsis.ro\/index.php?rest_route=\/wp\/v2\/types\/post"}],"author":[{"embeddable":true,"href":"https:\/\/semndecarte.metarsis.ro\/index.php?rest_route=\/wp\/v2\/users\/1"}],"replies":[{"embeddable":true,"href":"https:\/\/semndecarte.metarsis.ro\/index.php?rest_route=%2Fwp%2Fv2%2Fcomments&post=4749"}],"version-history":[{"count":0,"href":"https:\/\/semndecarte.metarsis.ro\/index.php?rest_route=\/wp\/v2\/posts\/4749\/revisions"}],"wp:attachment":[{"href":"https:\/\/semndecarte.metarsis.ro\/index.php?rest_route=%2Fwp%2Fv2%2Fmedia&parent=4749"}],"wp:term":[{"taxonomy":"category","embeddable":true,"href":"https:\/\/semndecarte.metarsis.ro\/index.php?rest_route=%2Fwp%2Fv2%2Fcategories&post=4749"},{"taxonomy":"post_tag","embeddable":true,"href":"https:\/\/semndecarte.metarsis.ro\/index.php?rest_route=%2Fwp%2Fv2%2Ftags&post=4749"}],"curies":[{"name":"wp","href":"https:\/\/api.w.org\/{rel}","templated":true}]}}