{"id":4743,"date":"2011-01-14T06:37:21","date_gmt":"2011-01-14T04:37:21","guid":{"rendered":"http:\/\/semndecarte.metarsis.ro\/?p=4743"},"modified":"2011-01-14T06:37:21","modified_gmt":"2011-01-14T04:37:21","slug":"%e2%80%9ccartea-e-un-dar-pe-care-l-poti-deschide-iar%e2%80%a6si-iar%e2%80%a6%e2%80%9d","status":"publish","type":"post","link":"https:\/\/semndecarte.metarsis.ro\/?p=4743","title":{"rendered":"\u201cCartea e un dar pe care-l po\u0163i deschide iar\u2026\u015fi iar\u2026\u201d"},"content":{"rendered":"<p style=\"text-align: justify;\">Continuare a proiectului \u201cCartea e un dar pe care-l po\u0163i deschide iar\u2026.\u015fi iar\u2026\u201d ini\u0163iat de \u201cMetarsis\u201d- activit\u0103\u0163i \u015fi servicii de cultur\u0103 urban\u0103 \u015fi art\u0103 contemporan\u0103 &#8211; \u015fi a proiectului \u201cCartea &#8211; izvor de \u00een\u0163elepciune\u201d din cadrul \u201cS\u0103pt\u0103m\u00e2nii c\u0103r\u0163ii pentru copii\u201d ini\u0163iat de Liceul Diaconovici-Tietz din Re\u015fi\u0163a pe perioada 10- 15 ianuarie 2011, miercuri 12 ianuarie<!--more-->, la libraria Semn de Carte, a fost r\u00e2ndul copiilor din clasa a V-a C \u2013 dirigint\u0103 doamna prof. Mileva Colonescu &#8211; s\u0103 omagieze, prin versuri, poetul nostru na\u0163ional \u015fi s\u0103 aleag\u0103 c\u0103r\u0163i pe care le vor oferi \u00een dar. Timizi dar \u015fi curio\u015fi \u00a0au facut cuno\u015ftin\u0163\u0103 cu volume \u015fi scriitori, au recitat versuri ale \u201cpoetului nepereche\u201d\u00a0 \u015fi au urm\u0103rit, fascina\u0163i, filmul vie\u0163ii lui Mihai Eminescu.<\/p>\n<p style=\"text-align: justify;\">Manifestarea a facut parte dintre evenimentele dedicate zilei de 15 ianuarie &#8211; recent declarata \u201cZiua Culturii Na\u0163ionale\u201d.<\/p>\n<p style=\"text-align: justify;\">\u00a0<\/p>\n<p style=\"text-align: justify;\"><a href=\"http:\/\/semndecarte.metarsis.ro\/wp-content\/uploads\/2011\/01\/cl-V-a-C-Tietz_0001.jpg\" rel=\"lightbox[4743]\"><img loading=\"lazy\" class=\"alignleft size-thumbnail wp-image-4744\" title=\"cl V-a C Tietz_0001\" src=\"http:\/\/semndecarte.metarsis.ro\/wp-content\/uploads\/2011\/01\/cl-V-a-C-Tietz_0001-95x95.jpg\" alt=\"\" width=\"95\" height=\"95\" \/><\/a><a href=\"http:\/\/semndecarte.metarsis.ro\/wp-content\/uploads\/2011\/01\/cl-V-a-C-Tietz_0013.jpg\" rel=\"lightbox[4743]\"><img loading=\"lazy\" class=\"alignleft size-thumbnail wp-image-4747\" title=\"cl V-a C Tietz_0013\" src=\"http:\/\/semndecarte.metarsis.ro\/wp-content\/uploads\/2011\/01\/cl-V-a-C-Tietz_0013-95x95.jpg\" alt=\"\" width=\"95\" height=\"95\" \/><\/a><a href=\"http:\/\/semndecarte.metarsis.ro\/wp-content\/uploads\/2011\/01\/cl-V-a-C-Tietz_0005.jpg\" rel=\"lightbox[4743]\"><img loading=\"lazy\" class=\"alignleft size-thumbnail wp-image-4745\" title=\"cl V-a C Tietz_0005\" src=\"http:\/\/semndecarte.metarsis.ro\/wp-content\/uploads\/2011\/01\/cl-V-a-C-Tietz_0005-95x95.jpg\" alt=\"\" width=\"95\" height=\"95\" \/><\/a><a href=\"http:\/\/semndecarte.metarsis.ro\/wp-content\/uploads\/2011\/01\/cl-V-a-C-Tietz_0011.jpg\" rel=\"lightbox[4743]\"><img loading=\"lazy\" class=\"alignleft size-thumbnail wp-image-4746\" title=\"cl V-a C Tietz_0011\" src=\"http:\/\/semndecarte.metarsis.ro\/wp-content\/uploads\/2011\/01\/cl-V-a-C-Tietz_0011-95x95.jpg\" alt=\"\" width=\"95\" height=\"95\" \/><\/a><a href=\"http:\/\/semndecarte.metarsis.ro\/wp-content\/uploads\/2011\/01\/cl-V-a-C-Tietz_0017.jpg\" rel=\"lightbox[4743]\"><img loading=\"lazy\" class=\"alignleft size-thumbnail wp-image-4748\" title=\"cl V-a C Tietz_0017\" src=\"http:\/\/semndecarte.metarsis.ro\/wp-content\/uploads\/2011\/01\/cl-V-a-C-Tietz_0017-95x95.jpg\" alt=\"\" width=\"95\" height=\"95\" \/><\/a><\/p>\n","protected":false},"excerpt":{"rendered":"<p>Continuare a proiectului \u201cCartea e un dar pe care-l po\u0163i deschide iar\u2026.\u015fi iar\u2026\u201d ini\u0163iat de \u201cMetarsis\u201d- activit\u0103\u0163i \u015fi servicii de cultur\u0103 urban\u0103 \u015fi art\u0103 contemporan\u0103 &#8211; \u015fi a proiectului \u201cCartea &#8211; izvor de \u00een\u0163elepciune\u201d din cadrul \u201cS\u0103pt\u0103m\u00e2nii c\u0103r\u0163ii pentru copii\u201d ini\u0163iat de Liceul Diaconovici-Tietz din Re\u015fi\u0163a pe perioada 10- 15 ianuarie 2011, miercuri 12 ianuarie [Mai multe&#8230;] , la libraria Semn de Carte, a fost r\u00e2ndul copiilor din clasa a V-a C \u2013 dirigint\u0103 doamna prof. Mileva Colonescu &#8211; s\u0103 omagieze, prin versuri, poetul nostru na\u0163ional \u015fi s\u0103 aleag\u0103 c\u0103r\u0163i pe care le vor oferi \u00een dar&#8230;<\/p>\n","protected":false},"author":1,"featured_media":0,"comment_status":"open","ping_status":"open","sticky":false,"template":"","format":"standard","meta":[],"categories":[7],"tags":[271,151,99],"_links":{"self":[{"href":"https:\/\/semndecarte.metarsis.ro\/index.php?rest_route=\/wp\/v2\/posts\/4743"}],"collection":[{"href":"https:\/\/semndecarte.metarsis.ro\/index.php?rest_route=\/wp\/v2\/posts"}],"about":[{"href":"https:\/\/semndecarte.metarsis.ro\/index.php?rest_route=\/wp\/v2\/types\/post"}],"author":[{"embeddable":true,"href":"https:\/\/semndecarte.metarsis.ro\/index.php?rest_route=\/wp\/v2\/users\/1"}],"replies":[{"embeddable":true,"href":"https:\/\/semndecarte.metarsis.ro\/index.php?rest_route=%2Fwp%2Fv2%2Fcomments&post=4743"}],"version-history":[{"count":0,"href":"https:\/\/semndecarte.metarsis.ro\/index.php?rest_route=\/wp\/v2\/posts\/4743\/revisions"}],"wp:attachment":[{"href":"https:\/\/semndecarte.metarsis.ro\/index.php?rest_route=%2Fwp%2Fv2%2Fmedia&parent=4743"}],"wp:term":[{"taxonomy":"category","embeddable":true,"href":"https:\/\/semndecarte.metarsis.ro\/index.php?rest_route=%2Fwp%2Fv2%2Fcategories&post=4743"},{"taxonomy":"post_tag","embeddable":true,"href":"https:\/\/semndecarte.metarsis.ro\/index.php?rest_route=%2Fwp%2Fv2%2Ftags&post=4743"}],"curies":[{"name":"wp","href":"https:\/\/api.w.org\/{rel}","templated":true}]}}