{"id":4679,"date":"2010-12-17T17:54:15","date_gmt":"2010-12-17T17:54:15","guid":{"rendered":"http:\/\/semndecarte.metarsis.ro\/?p=4679"},"modified":"2010-12-17T17:58:06","modified_gmt":"2010-12-17T17:58:06","slug":"dalbe-%e2%80%9cflori-de-semenic%e2%80%9d","status":"publish","type":"post","link":"https:\/\/semndecarte.metarsis.ro\/?p=4679","title":{"rendered":"Dalbe \u201cFlori de Semenic\u201d"},"content":{"rendered":"<p style=\"text-align: justify;\">\u201cDorin\u0163a de Cr\u0103ciun a lui Buzun\u0103ra\u015f\u201d<\/p>\n<p style=\"text-align: justify;\">Grupul vocal \u201cFlori de Semenic\u201d format din elevii claselor a III-a C \u015fi a IV-a B de la \u015ecoala cu clasele I-VIII nr. 7 din Re\u015fi\u0163a condu\u015fi de doamna \u00eenv\u0103\u0163\u0103tor Cristina Ardelean, \u00eenso\u0163i\u0163i \u015fi de doamna \u00eenv\u0103\u0163\u0103tor Violeta Groza, au adus colindul la libraria Semn de Carte joi, 16 decembrie 2010. <!--more-->Au venit \u00een prag micu\u0163ii colindatori, copii frumo\u015fi \u015fi veseli, ne-au primenit sufletul, ne-au c\u00e2ntat \u015fi ne-au urat de bine, \u201cfiindc\u2019-a\u015fa-i colindul nostru din str\u0103buni \/ fiindc\u2019-a\u015fa e datul la noi, la rom\u00e2ni\/ s\u0103 colindam florile dalbe\u201d. Dup\u0103 r\u0103splata bine-meritat\u0103 micu\u0163ii colind\u0103tori au f\u0103cut cuno\u015ftin\u0163\u0103 cu \u201cDorin\u0163a de Cr\u0103ciun a lui Buzun\u0103ra\u015f\u201d iepura\u015ful care \u015fi-a dorit din tot sufletul s\u0103 afle semnifica\u0163ia Cr\u0103ciunului. \u015ei au aflat-o \u015fi copiii, citind ei \u00een\u015fi\u015fi din\u00a0 cartea care le-a unplut inimile cu veselia s\u0103rb\u0103torilor de iarn\u0103.<\/p>\n<p style=\"text-align: justify;\">S\u0103rb\u0103tori Fericite tuturor!<\/p>\n<p style=\"text-align: justify;\"><a href=\"http:\/\/semndecarte.metarsis.ro\/wp-content\/uploads\/2010\/12\/1-6.jpg\" rel=\"lightbox[4679]\"><img loading=\"lazy\" class=\"alignleft size-thumbnail wp-image-4680\" title=\"1 (6)\" src=\"http:\/\/semndecarte.metarsis.ro\/wp-content\/uploads\/2010\/12\/1-6-95x95.jpg\" alt=\"\" width=\"95\" height=\"95\" \/><\/a><a href=\"http:\/\/semndecarte.metarsis.ro\/wp-content\/uploads\/2010\/12\/1-1.jpg\" rel=\"lightbox[4679]\"><img loading=\"lazy\" class=\"alignleft size-thumbnail wp-image-4681\" title=\"1 (1)\" src=\"http:\/\/semndecarte.metarsis.ro\/wp-content\/uploads\/2010\/12\/1-1-95x95.jpg\" alt=\"\" width=\"95\" height=\"95\" \/><\/a><a href=\"http:\/\/semndecarte.metarsis.ro\/wp-content\/uploads\/2010\/12\/1-8.jpg\" rel=\"lightbox[4679]\"><img loading=\"lazy\" class=\"alignleft size-thumbnail wp-image-4682\" title=\"1 (8)\" src=\"http:\/\/semndecarte.metarsis.ro\/wp-content\/uploads\/2010\/12\/1-8-95x95.jpg\" alt=\"\" width=\"95\" height=\"95\" \/><\/a><a href=\"http:\/\/semndecarte.metarsis.ro\/wp-content\/uploads\/2010\/12\/1-11.jpg\" rel=\"lightbox[4679]\"><img loading=\"lazy\" class=\"alignleft size-thumbnail wp-image-4684\" title=\"1 (11)\" src=\"http:\/\/semndecarte.metarsis.ro\/wp-content\/uploads\/2010\/12\/1-11-95x95.jpg\" alt=\"\" width=\"95\" height=\"95\" \/><\/a><a href=\"http:\/\/semndecarte.metarsis.ro\/wp-content\/uploads\/2010\/12\/1-14.jpg\" rel=\"lightbox[4679]\"><img loading=\"lazy\" class=\"alignleft size-thumbnail wp-image-4683\" title=\"1 (14)\" src=\"http:\/\/semndecarte.metarsis.ro\/wp-content\/uploads\/2010\/12\/1-14-95x95.jpg\" alt=\"\" width=\"95\" height=\"95\" \/><\/a><\/p>\n<p><object classid=\"clsid:d27cdb6e-ae6d-11cf-96b8-444553540000\" width=\"513\" height=\"422\" codebase=\"http:\/\/download.macromedia.com\/pub\/shockwave\/cabs\/flash\/swflash.cab#version=6,0,40,0\"><param name=\"play\" value=\"false\" \/><param name=\"loop\" value=\"false\" \/><param name=\"salign\" value=\"l\" \/><param name=\"src\" value=\"http:\/\/www.youtube.com\/v\/Vg9muXQD56k&amp;rel\" \/><param name=\"align\" value=\"left\" \/><embed type=\"application\/x-shockwave-flash\" width=\"513\" height=\"422\" src=\"http:\/\/www.youtube.com\/v\/Vg9muXQD56k&amp;rel\" align=\"left\" salign=\"l\" loop=\"false\" play=\"false\"><\/embed><\/object><\/p>\n","protected":false},"excerpt":{"rendered":"<p>Grupul vocal \u201cFlori de Semenic\u201d format din elevii claselor a III-a C \u015fi a IV-a B de la \u015ecoala cu clasele I-VIII nr. 7 din Re\u015fi\u0163a condu\u015fi de doamna \u00eenv\u0103\u0163\u0103tor Cristina Ardelean, \u00eenso\u0163i\u0163i \u015fi de doamna \u00eenv\u0103\u0163\u0103tor Violeta Groza, au adus colindul la libraria Semn de Carte joi, l6 decembrie 2010. <\/p>\n","protected":false},"author":1,"featured_media":0,"comment_status":"open","ping_status":"open","sticky":false,"template":"","format":"standard","meta":[],"categories":[6,7],"tags":[287,151,37],"_links":{"self":[{"href":"https:\/\/semndecarte.metarsis.ro\/index.php?rest_route=\/wp\/v2\/posts\/4679"}],"collection":[{"href":"https:\/\/semndecarte.metarsis.ro\/index.php?rest_route=\/wp\/v2\/posts"}],"about":[{"href":"https:\/\/semndecarte.metarsis.ro\/index.php?rest_route=\/wp\/v2\/types\/post"}],"author":[{"embeddable":true,"href":"https:\/\/semndecarte.metarsis.ro\/index.php?rest_route=\/wp\/v2\/users\/1"}],"replies":[{"embeddable":true,"href":"https:\/\/semndecarte.metarsis.ro\/index.php?rest_route=%2Fwp%2Fv2%2Fcomments&post=4679"}],"version-history":[{"count":0,"href":"https:\/\/semndecarte.metarsis.ro\/index.php?rest_route=\/wp\/v2\/posts\/4679\/revisions"}],"wp:attachment":[{"href":"https:\/\/semndecarte.metarsis.ro\/index.php?rest_route=%2Fwp%2Fv2%2Fmedia&parent=4679"}],"wp:term":[{"taxonomy":"category","embeddable":true,"href":"https:\/\/semndecarte.metarsis.ro\/index.php?rest_route=%2Fwp%2Fv2%2Fcategories&post=4679"},{"taxonomy":"post_tag","embeddable":true,"href":"https:\/\/semndecarte.metarsis.ro\/index.php?rest_route=%2Fwp%2Fv2%2Ftags&post=4679"}],"curies":[{"name":"wp","href":"https:\/\/api.w.org\/{rel}","templated":true}]}}