{"id":4415,"date":"2010-10-22T17:46:13","date_gmt":"2010-10-22T17:46:13","guid":{"rendered":"http:\/\/semndecarte.metarsis.ro\/?p=4415"},"modified":"2010-11-18T23:05:21","modified_gmt":"2010-11-18T23:05:21","slug":"o-ora-de-istorie-altfel","status":"publish","type":"post","link":"https:\/\/semndecarte.metarsis.ro\/?p=4415","title":{"rendered":"O or\u0103 de istorie altfel"},"content":{"rendered":"<p style=\"text-align: justify;\">Fideli propunerii de a aduce tinerii aproape de carte \u015fi de a face cunoscute valorile culturale si istorice ale Re\u015fi\u0163ei \u015fi, implicit, ale Banatului Montan, miercuri 20 octombrie 2010 de la orele 17, Metarsis &#8211; activit\u0103\u0163i \u015fi servicii de cultur\u0103 urban\u0103 \u015fi art\u0103 contempopran\u0103 a propus desfa\u015furarea unei ore de istorie altfel. <!--more-->Prin bun\u0103voin\u0163a doamnei profesor Cristina Neag, un grup de elevi din clasele a IX-a \u015fi a X-a de la Liceul Diaconovici &#8211; Tiez\u00a0 s-au \u00eent\u00e2lnit cu autoarea Planului Urbanistic General al Re\u015fi\u0163ei &#8211; doamna arhitect Adina Bocicai. La libr\u0103ria Semn de Carte au\u00a0 fost prezentate imagini vechi ale unor cl\u0103diri din patrimoniu local cuprinse \u00een prima parte a lucrarii Istorie Ilustrat\u0103 a Banatului Montan iar doamna arhitect Adina Bocicai a vorbit despte istoria Re\u015fi\u0163ei, importan\u0163a rela\u0163iei dintre locuitor \u015fi spa\u0163iu, despre cladiri de patrimoniu \u015fi, mai ales, despre Planul Urbanistic General la care a lucrat mai bine de trei ani, oferind detalii despre perspectiva Re\u015fi\u0163ei. \u00cen ciuda vremii mohor\u00e2te, bacoviene de-a dreptul, elevii au r\u0103spuns \u00een num\u0103r mare propunerii doamnei profesor Cristina Neag de a participa, \u00eentr-un mediu neconven\u0163ional, la o ora de istorie altfel, coment\u00e2nd \u015fi exprim\u00e2nd p\u0103reri despre istoria Re\u015fi\u0163ei, afl\u00e2nd r\u0103spunsuri la \u00eentreb\u0103ri \u015fi, ceea ce este important, f\u0103c\u00e2nd cuno\u015ftin\u0163\u0103 cu P.U.G.-ul Re\u015fi\u0163ei, imagin\u00e2ndu-\u015fi cum va ar\u0103ta ora\u015ful peste ani.<\/p>\n<p style=\"text-align: justify;\"><a href=\"http:\/\/semndecarte.metarsis.ro\/wp-content\/uploads\/2010\/10\/Ora-de-istorie_00002.jpg\" rel=\"lightbox[4415]\"><img loading=\"lazy\" class=\"alignleft size-thumbnail wp-image-4416\" title=\"Ora de istorie_00002\" src=\"http:\/\/semndecarte.metarsis.ro\/wp-content\/uploads\/2010\/10\/Ora-de-istorie_00002-95x95.jpg\" alt=\"\" width=\"95\" height=\"95\" \/><\/a><a href=\"http:\/\/semndecarte.metarsis.ro\/wp-content\/uploads\/2010\/10\/Ora-de-istorie_00008.jpg\" rel=\"lightbox[4415]\"><img loading=\"lazy\" class=\"alignleft size-thumbnail wp-image-4417\" title=\"Ora de istorie_00008\" src=\"http:\/\/semndecarte.metarsis.ro\/wp-content\/uploads\/2010\/10\/Ora-de-istorie_00008-95x95.jpg\" alt=\"\" width=\"95\" height=\"95\" \/><\/a><a href=\"http:\/\/semndecarte.metarsis.ro\/wp-content\/uploads\/2010\/10\/Ora-de-istorie_00020.jpg\" rel=\"lightbox[4415]\"><img loading=\"lazy\" class=\"alignleft size-thumbnail wp-image-4418\" title=\"Ora de istorie_00020\" src=\"http:\/\/semndecarte.metarsis.ro\/wp-content\/uploads\/2010\/10\/Ora-de-istorie_00020-95x95.jpg\" alt=\"\" width=\"95\" height=\"95\" \/><\/a><a href=\"http:\/\/semndecarte.metarsis.ro\/wp-content\/uploads\/2010\/10\/Ora-de-istorie_00005.jpg\" rel=\"lightbox[4415]\"><img loading=\"lazy\" class=\"alignleft size-thumbnail wp-image-4419\" title=\"Ora de istorie_00005\" src=\"http:\/\/semndecarte.metarsis.ro\/wp-content\/uploads\/2010\/10\/Ora-de-istorie_00005-95x95.jpg\" alt=\"\" width=\"95\" height=\"95\" \/><\/a><a href=\"http:\/\/semndecarte.metarsis.ro\/wp-content\/uploads\/2010\/10\/Ora-de-istorie_00004.jpg\" rel=\"lightbox[4415]\"><img loading=\"lazy\" class=\"alignleft size-thumbnail wp-image-4420\" title=\"Ora de istorie_00004\" src=\"http:\/\/semndecarte.metarsis.ro\/wp-content\/uploads\/2010\/10\/Ora-de-istorie_00004-95x95.jpg\" alt=\"\" width=\"95\" height=\"95\" \/><\/a><a href=\"http:\/\/semndecarte.metarsis.ro\/wp-content\/uploads\/2010\/10\/Ora-de-istorie_00022.jpg\" rel=\"lightbox[4415]\"><img loading=\"lazy\" class=\"alignleft size-thumbnail wp-image-4421\" title=\"Ora de istorie_00022\" src=\"http:\/\/semndecarte.metarsis.ro\/wp-content\/uploads\/2010\/10\/Ora-de-istorie_00022-95x95.jpg\" alt=\"\" width=\"95\" height=\"95\" \/><\/a><a href=\"http:\/\/semndecarte.metarsis.ro\/wp-content\/uploads\/2010\/10\/Ora-de-istorie_00014.jpg\" rel=\"lightbox[4415]\"><img loading=\"lazy\" class=\"alignleft size-thumbnail wp-image-4422\" title=\"Ora de istorie_00014\" src=\"http:\/\/semndecarte.metarsis.ro\/wp-content\/uploads\/2010\/10\/Ora-de-istorie_00014-95x95.jpg\" alt=\"\" width=\"95\" height=\"95\" \/><\/a><a href=\"http:\/\/semndecarte.metarsis.ro\/wp-content\/uploads\/2010\/10\/Ora-de-istorie_00025.jpg\" rel=\"lightbox[4415]\"><img loading=\"lazy\" class=\"alignleft size-thumbnail wp-image-4423\" title=\"Ora de istorie_00025\" src=\"http:\/\/semndecarte.metarsis.ro\/wp-content\/uploads\/2010\/10\/Ora-de-istorie_00025-95x95.jpg\" alt=\"\" width=\"95\" height=\"95\" \/><\/a><a href=\"http:\/\/semndecarte.metarsis.ro\/wp-content\/uploads\/2010\/10\/Ora-de-istorie_00009.jpg\" rel=\"lightbox[4415]\"><img loading=\"lazy\" class=\"alignleft size-thumbnail wp-image-4424\" title=\"Ora de istorie_00009\" src=\"http:\/\/semndecarte.metarsis.ro\/wp-content\/uploads\/2010\/10\/Ora-de-istorie_00009-95x95.jpg\" alt=\"\" width=\"95\" height=\"95\" \/><\/a><a href=\"http:\/\/semndecarte.metarsis.ro\/wp-content\/uploads\/2010\/10\/Ora-de-istorie_00023.jpg\" rel=\"lightbox[4415]\"><img loading=\"lazy\" class=\"alignleft size-thumbnail wp-image-4425\" title=\"Ora de istorie_00023\" src=\"http:\/\/semndecarte.metarsis.ro\/wp-content\/uploads\/2010\/10\/Ora-de-istorie_00023-95x95.jpg\" alt=\"\" width=\"95\" height=\"95\" \/><\/a><br \/>\n<object classid=\"clsid:d27cdb6e-ae6d-11cf-96b8-444553540000\" width=\"250\" height=\"206\" codebase=\"http:\/\/download.macromedia.com\/pub\/shockwave\/cabs\/flash\/swflash.cab#version=6,0,40,0\"><param name=\"play\" value=\"false\" \/><param name=\"loop\" value=\"false\" \/><param name=\"salign\" value=\"bl\" \/><param name=\"src\" value=\"http:\/\/www.youtube.com\/v\/ambdASWnAnU\" \/><param name=\"align\" value=\"left\" \/><embed type=\"application\/x-shockwave-flash\" width=\"250\" height=\"206\" src=\"http:\/\/www.youtube.com\/v\/ambdASWnAnU\" align=\"left\" salign=\"bl\" loop=\"false\" play=\"false\"><\/embed><\/object><br \/>\n<object style=\"width: 250px; height: 206px;\" classid=\"clsid:d27cdb6e-ae6d-11cf-96b8-444553540000\" width=\"250\" height=\"206\" codebase=\"http:\/\/download.macromedia.com\/pub\/shockwave\/cabs\/flash\/swflash.cab#version=6,0,40,0\"><param name=\"play\" value=\"false\" \/><param name=\"loop\" value=\"false\" \/><param name=\"salign\" value=\"bl\" \/><param name=\"src\" value=\"http:\/\/www.youtube.com\/v\/rGNyVVGVXws\" \/><param name=\"align\" value=\"left\" \/><embed style=\"width: 250px; height: 206px;\" type=\"application\/x-shockwave-flash\" width=\"250\" height=\"206\" src=\"http:\/\/www.youtube.com\/v\/rGNyVVGVXws\" align=\"left\" salign=\"bl\" loop=\"false\" play=\"false\"><\/embed><\/object><\/p>\n","protected":false},"excerpt":{"rendered":"<p>Fideli propunerii de a aduce tinerii aproape de carte \u015fi de a face cunoscute valorile culturale si istorice ale Re\u015fi\u0163ei \u015fi, implicit, ale Banatului Montan, miercuri 20 octombrie 2010 de la orele 17, Metarsis &#8211; activit\u0103\u0163i \u015fi servicii de cultur\u0103 urban\u0103 \u015fi art\u0103 contempopran\u0103 a propus desfa\u015furarea unei ore de istorie altfel. Prin bun\u0103voin\u0163a doamnei &#8230;<\/p>\n","protected":false},"author":1,"featured_media":0,"comment_status":"open","ping_status":"open","sticky":false,"template":"","format":"standard","meta":[],"categories":[6,7],"tags":[228,252],"_links":{"self":[{"href":"https:\/\/semndecarte.metarsis.ro\/index.php?rest_route=\/wp\/v2\/posts\/4415"}],"collection":[{"href":"https:\/\/semndecarte.metarsis.ro\/index.php?rest_route=\/wp\/v2\/posts"}],"about":[{"href":"https:\/\/semndecarte.metarsis.ro\/index.php?rest_route=\/wp\/v2\/types\/post"}],"author":[{"embeddable":true,"href":"https:\/\/semndecarte.metarsis.ro\/index.php?rest_route=\/wp\/v2\/users\/1"}],"replies":[{"embeddable":true,"href":"https:\/\/semndecarte.metarsis.ro\/index.php?rest_route=%2Fwp%2Fv2%2Fcomments&post=4415"}],"version-history":[{"count":0,"href":"https:\/\/semndecarte.metarsis.ro\/index.php?rest_route=\/wp\/v2\/posts\/4415\/revisions"}],"wp:attachment":[{"href":"https:\/\/semndecarte.metarsis.ro\/index.php?rest_route=%2Fwp%2Fv2%2Fmedia&parent=4415"}],"wp:term":[{"taxonomy":"category","embeddable":true,"href":"https:\/\/semndecarte.metarsis.ro\/index.php?rest_route=%2Fwp%2Fv2%2Fcategories&post=4415"},{"taxonomy":"post_tag","embeddable":true,"href":"https:\/\/semndecarte.metarsis.ro\/index.php?rest_route=%2Fwp%2Fv2%2Ftags&post=4415"}],"curies":[{"name":"wp","href":"https:\/\/api.w.org\/{rel}","templated":true}]}}