{"id":2068,"date":"2010-07-30T16:46:48","date_gmt":"2010-07-30T16:46:48","guid":{"rendered":"http:\/\/librariasemndecarte.wordpress.com\/?p=2068"},"modified":"2010-09-09T09:44:21","modified_gmt":"2010-09-09T09:44:21","slug":"orasul-industrial","status":"publish","type":"post","link":"https:\/\/semndecarte.metarsis.ro\/?p=2068","title":{"rendered":"Ora\u015ful industrial"},"content":{"rendered":"<p style=\"text-align: justify;\">Este oare adev\u0103rat c\u0103 dac\u0103 nu-\u0163i cuno\u015fti r\u0103d\u0103cinile este ca \u015fi cum nu \u0163i-ai cunoa\u015fte p\u0103rin\u0163ii? \u015ei m\u0103 refer aici la \u201er\u0103d\u0103cinile\u201d prinse \u015fi crescute \u00een\u00a0 istoria \u015fi cultura spa\u0163iului \u00een care te-ai n\u0103scut.\u00a0 Po\u0163i oare s\u0103 func\u0163ionezi \u015fi s\u0103 faci fa\u0163\u0103 \u00eentr-o societate actual\u0103 consumist\u0103 p\u00e2n\u0103 la epuizare f\u0103r\u0103 s\u0103 \u015ftii, sau \u00eencerc\u00e2nd s\u0103 ui\u0163i cine e\u015fti \u015fi de unde vii? Nutre\u015fti cumva sentimentul, tot mai evident, c\u0103 nu te identifici <!--more-->cu caracterul spa\u0163iului \u00een care ai crescut? \u00cencerci s\u0103 negi cumva trecutul \u00eenc\u0103 prezent? Te \u00eentrebi ce are frumos un ora\u015f industrial, cum este Re\u015fi\u0163a sau Hunedoara (except\u00e2nd desigur d\u0103rnicia peisajului natural)? Nimic frumos! A\u015fa g\u00e2ndim majoritatea de\u015fi pu\u0163ini o recunoa\u015ftem. Dac\u0103 ora\u015fele industriale sunt \u201eur\u00e2te\u201d&#8230; cum sunt oameni care s-au format \u015fi tr\u0103iesc \u00een ele? Sunt \u015fi ei \u201eur\u00e2\u0163i\u201d? R\u0103spunsul la \u00eenterb\u0103ri l-am primit joi 29 iulie, seara, \u00een curtea umbrit\u0103 a libr\u0103riei Semn de carte<span style=\"color: #ff0000;\">*<\/span>. <a title=\"?\" href=\"http:\/\/semndecarte.metarsis.ro\/?page_id=842\/#Romulus Ioan\" target=\"_blank\">Romulus<\/a> \u015fi <a title=\"?\" href=\"http:\/\/semndecarte.metarsis.ro\/?page_id=842\/#Victor Ioan\" target=\"_blank\">Victor Ioan<\/a> s-au al\u0103turat \u00eentr-un tandem de carte \u015fi fotografie pe tema ora\u015fului industrial \u015fi a locuitorilor s\u0103i. Cei doi ardeleni adapta\u0163i \u015fi adopta\u0163i de spa\u0163iul b\u0103n\u0103\u0163ean, tat\u0103 \u015fi fiu, s-au reunit \u00eentr-un gest comun de \u00een\u0163elegere \u015fi datorie (oarecum) fa\u0163\u0103 de \u201er\u0103d\u0103cinile\u201d lor hunedorene, oferind celor prezen\u0163i argumentele \u00een\u0163elegerii \u015fi estetiz\u0103rii ora\u015fului industrial. Avizat prin meserie, dr. ing Romulus Vasile Ioan, directorul combiantului TMK Re\u015fi\u0163a, a propus celor prezen\u0163i un dialog pe tema scrierilor sale \u201eA doua epistol\u0103 c\u0103tre hunedoreni\u201d \u0219i \u201eSingur printre b\u0103n\u0103\u0163eni\u201d, punct\u00e2nd totodat\u0103 constat\u0103rile argumentate ale mut\u0103rii sale \u00eempreun\u0103 cu familia, dinspre Ardeal \u00eenspre Banat. Iar dac\u0103 o imagine face c\u00e2t o mie de cuvinte, cea mai direct\u0103 metod\u0103 de estetizare a ora\u015fului industrial ne-a pregatit-o Victor Ioan, prin intermediul expozi\u0163iei de fotografie \u201eIndustrial\u201d. Dac\u0103 tema fotografiilor este evident\u0103 din titlu,\u00a0 ceea ce trebuie \u00eens\u0103 marcat este modul \u00een care tanarul student al Facult\u0103\u0163ii de Arte Timi\u015foara (Foto-Video), a ales s\u0103 exploreze cadrul industrial prin intermediul contextului \u00een care s-a n\u0103scut, \u00eentr-un gest de asumare a trecutului \u015fi con\u015ftientizarea prezentului.\u00a0 Baudelaire spunea c\u0103 e un miracol al    artei faptul c\u0103 oribilul, exprimat artistic, devine frumuse\u0163e. Au participat la dialog cu opinii oportune dr. Ada Mirela Chisalita \u015fi dr. Mircea Rusnac &#8211; istoric. A\u015fadar, joi seara, am avut dovada evident\u0103 (vie) a faptului c\u0103 ora\u015ful industrial \u201eur\u00e2t\u201d este frumos \u015fi mai ales nu na\u015fte oameni \u201eur\u00e2\u0163i\u201d<em>,<\/em> s-au altfel spus oamenii \u201efrumo\u015fi\u201d pot estetiza un ora\u015f industrial. Ur\u00e2\u0163enia nu are la baz\u0103 considerente estetice, ci mai degrab\u0103 contexte sociale, economice.<\/p>\n<p style=\"text-align: justify;\"><a href=\"http:\/\/semndecarte.metarsis.ro\/wp-content\/uploads\/2010\/07\/VictorRomulus-Ioan_2.jpg\" rel=\"lightbox[2068]\"><img loading=\"lazy\" class=\"alignleft size-thumbnail wp-image-4064\" title=\"\u00cent\u00e2lnirea cu Victor \u0219i Romulus Ioan\" src=\"http:\/\/semndecarte.metarsis.ro\/wp-content\/uploads\/2010\/07\/VictorRomulus-Ioan_2-95x95.jpg\" alt=\"\" width=\"95\" height=\"95\" \/><\/a><a href=\"http:\/\/semndecarte.metarsis.ro\/wp-content\/uploads\/2010\/07\/VictorRomulus-Ioan_4.jpg\" rel=\"lightbox[2068]\"><img loading=\"lazy\" class=\"alignleft size-thumbnail wp-image-4065\" title=\"\u00cent\u00e2lnirea cu Victor \u0219i Romulus Ioan\" src=\"http:\/\/semndecarte.metarsis.ro\/wp-content\/uploads\/2010\/07\/VictorRomulus-Ioan_4-95x95.jpg\" alt=\"\" width=\"95\" height=\"95\" \/><\/a><a href=\"http:\/\/semndecarte.metarsis.ro\/wp-content\/uploads\/2010\/07\/VictorRomulus-Ioan_5.jpg\" rel=\"lightbox[2068]\"><img loading=\"lazy\" class=\"alignleft size-thumbnail wp-image-4066\" title=\"Romulus Ioan\" src=\"http:\/\/semndecarte.metarsis.ro\/wp-content\/uploads\/2010\/07\/VictorRomulus-Ioan_5-95x95.jpg\" alt=\"\" width=\"95\" height=\"95\" \/><\/a><a href=\"http:\/\/semndecarte.metarsis.ro\/wp-content\/uploads\/2010\/07\/VictorRomulus-Ioan_7.jpg\" rel=\"lightbox[2068]\"><img loading=\"lazy\" class=\"alignleft size-thumbnail wp-image-4067\" title=\"Ada Cruceanu al\u0103turi de Mircea Rusnac \u0219i Romulus ioan\" src=\"http:\/\/semndecarte.metarsis.ro\/wp-content\/uploads\/2010\/07\/VictorRomulus-Ioan_7-95x95.jpg\" alt=\"\" width=\"95\" height=\"95\" \/><\/a><a href=\"http:\/\/semndecarte.metarsis.ro\/wp-content\/uploads\/2010\/07\/VictorRomulus-Ioan_8.jpg\" rel=\"lightbox[2068]\"><img loading=\"lazy\" class=\"alignleft size-thumbnail wp-image-4068\" title=\"Fragmnet din expozi\u021bia foto \u201eIndustrial\u201d semnat\u0103 Victor Ioan\" src=\"http:\/\/semndecarte.metarsis.ro\/wp-content\/uploads\/2010\/07\/VictorRomulus-Ioan_8-95x95.jpg\" alt=\"\" width=\"95\" height=\"95\" \/><\/a><\/p>\n<address><strong><span style=\"color: #000000;\">Articole din pres\u0103 pe aceast\u0103 tem\u0103:<\/span><\/strong><\/address>\n<address><a href=\"http:\/\/www.radio-resita.ro\/cultura-industriala\" target=\"_blank\">http:\/\/www.radio-resita.ro\/cultura-industriala<\/a><\/address>\n","protected":false},"excerpt":{"rendered":"<p>Este oare adev\u0103rat c\u0103 dac\u0103 nu-\u0163i cuno\u015fti r\u0103d\u0103cinile este ca \u015fi cum nu \u0163i-ai cunoa\u015fte p\u0103rin\u0163ii? \u015ei m\u0103 refer aici la r\u0103d\u0103cinile prinse \u015fi crescute \u00een  istoria \u015fi cultura spa\u0163iului \u00een care te-ai n\u0103scut&#8230;<\/p>\n","protected":false},"author":1,"featured_media":0,"comment_status":"open","ping_status":"open","sticky":false,"template":"","format":"standard","meta":[],"categories":[7],"tags":[53,102,103],"_links":{"self":[{"href":"https:\/\/semndecarte.metarsis.ro\/index.php?rest_route=\/wp\/v2\/posts\/2068"}],"collection":[{"href":"https:\/\/semndecarte.metarsis.ro\/index.php?rest_route=\/wp\/v2\/posts"}],"about":[{"href":"https:\/\/semndecarte.metarsis.ro\/index.php?rest_route=\/wp\/v2\/types\/post"}],"author":[{"embeddable":true,"href":"https:\/\/semndecarte.metarsis.ro\/index.php?rest_route=\/wp\/v2\/users\/1"}],"replies":[{"embeddable":true,"href":"https:\/\/semndecarte.metarsis.ro\/index.php?rest_route=%2Fwp%2Fv2%2Fcomments&post=2068"}],"version-history":[{"count":0,"href":"https:\/\/semndecarte.metarsis.ro\/index.php?rest_route=\/wp\/v2\/posts\/2068\/revisions"}],"wp:attachment":[{"href":"https:\/\/semndecarte.metarsis.ro\/index.php?rest_route=%2Fwp%2Fv2%2Fmedia&parent=2068"}],"wp:term":[{"taxonomy":"category","embeddable":true,"href":"https:\/\/semndecarte.metarsis.ro\/index.php?rest_route=%2Fwp%2Fv2%2Fcategories&post=2068"},{"taxonomy":"post_tag","embeddable":true,"href":"https:\/\/semndecarte.metarsis.ro\/index.php?rest_route=%2Fwp%2Fv2%2Ftags&post=2068"}],"curies":[{"name":"wp","href":"https:\/\/api.w.org\/{rel}","templated":true}]}}