{"id":1814,"date":"2010-07-23T08:45:15","date_gmt":"2010-07-23T08:45:15","guid":{"rendered":"http:\/\/librariasemndecarte.wordpress.com\/?p=1814"},"modified":"2010-09-09T09:44:46","modified_gmt":"2010-09-09T09:44:46","slug":"orasul-cu-poeti-traieste","status":"publish","type":"post","link":"https:\/\/semndecarte.metarsis.ro\/?p=1814","title":{"rendered":"Ora\u015ful cu poe\u0163i tr\u0103ie\u015fte!"},"content":{"rendered":"<p style=\"text-align: justify;\">Miercuri, 21 iulie 2010, \u00eentr-o sear\u0103 extrem de cald\u0103 &#8211; \u015fi la propriu \u015fi la figurat &#8211; libr\u0103ria Semn de carte<span style=\"color: #ff0000;\">*<\/span> a dat \u00a0Cezarului ce-i al Cezarului &#8211; \u00eentr-un gest profund de iubire amestecat\u0103 cu duio\u015fie dar \u015fi plin de respect. \u201eOra\u0219ul cu poe\u021bi\u201d<em> <\/em>a primit vibra\u0163ia liric\u0103 extraordinar\u0103 a rom\u00e2ncei de origine s\u00e2rb\u0103 <a title=\"?\" href=\"http:\/\/semndecarte.metarsis.ro\/?page_id=842\/#Liubi\u021ba Raichici\" target=\"_blank\">Liubi\u0163a Raichici<\/a>. Prima dintr-o serie de \u00eent\u00e2lniri ce se vor constituite ca un exerci\u0163iu de cultur\u0103 urban\u0103, <!--more-->prezent\u0103rile de autor\u00a0 din seria men\u0163ionat\u0103 \u00ee\u015fi propun\u00a0 s\u0103 aduc\u0103 \u00een aten\u0163ia re\u015fi\u0163enilor, \u00eentr-o atitudine \u201eslow\u201d versus \u201efast\u201d, respira\u0163ia lini\u015ftitoare a versului scris de b\u0103n\u0103\u0163eni, citit, spus sau auzit &#8211; acum sau oric\u00e2nd, aici sau oriunde. Dincolo de comentariile drd. <a title=\"?\" href=\"http:\/\/semndecarte.metarsis.ro\/?page_id=842\/#Iacob Roman\" target=\"_blank\">Iacob Roman<\/a> la \u201eVasko Popa &#8211; o frontier\u0103 poetic\u0103\u201d, ale criticului <a title=\"?\" href=\"http:\/\/semndecarte.metarsis.ro\/?page_id=842\/#Gheorghe Jurma\" target=\"_blank\">Gheorghe Jurma<\/a> la \u201eS\u00e2rbe\u015fte, \u00eentr-o limb\u0103 necunoscut\u0103\u201d, dincolo de vorbele me\u015fte\u015fugite ale Liubi\u0163ei Raichici \u2013 traduc\u0103toare a romanului Lilianei Habianevici Giurovici \u201eCuvioasa Parascheva\u201d, r\u0103m\u00e2n versurile dedicate ei de o alta doamn\u0103 a poeziei re\u015fi\u0163ene &#8211; <a title=\"?\" href=\"http:\/\/semndecarte.metarsis.ro\/?page_id=842\/@Olga Neagu\" target=\"_blank\">Olga Neagu<\/a>: \u201eEa cre\u015ftea \u00eengeri\/ nu avea timp de altceva\/ pentru c\u0103 toata ziua\/ \u00a0le-ngrijea aripile\/ &#8230;&#8230;. suindu-i pe culmea\/ unei Poezii\/&#8230;.. Ora\u015ful era-mp\u0103r\u0163it \u00eentre critici si poe\u0163i\/ dar ea continua s\u0103-i creasc\u0103\/ \u015fi pe masur\u0103 ce cre\u015fteau\/ \u00a0la c\u00e2te-o \u015fez\u0103toare le d\u0103dea drumul\/ \u00a0s\u0103 zboare deasupra mu\u0163imii\/\u201d.\u00a0 Capacitatea poetei de a induce st\u0103ri \u015fi sugera idei a\u015fezate pe drept merit \u00een spa\u0163iul artei, eternizarea familiei (ea \u00eens\u0103\u015fi mam\u0103 a trei flac\u0103i frumo\u015fi), tragismul rela\u0163iei\u00a0 neconsumate, dus\u0103-n ancestral cu propria mam\u0103, mam\u0103 a\u015fezat\u0103 de-a dreapta<em> <\/em>tat\u0103lui mult prea devreme &#8211; Liubi\u0163a Raichici \u00eenvinge moartea prin vers&#8230;.. \u201dLocul pe care\/ surorile mele \u015fi cu mine am s\u0103rutat\/ sicriul\/ nu a putrezit\/ nici \u00een ziua de azi\/ Nu-i permite mama noastr\u0103&#8230;\/\u201d<\/p>\n<p style=\"text-align: justify;\">Ascult\u00e2nd-o pe Liubi\u0163a Raichici am devenit con\u015ftient\u0103 de ceea ce am \u015fi c\u00e2t sunt de fericit\u0103 c\u0103 mama traie\u015fte&#8230;. \u015ei i-am mul\u0163umit pentru toate tr\u0103irile ei r\u0103sfr\u00e2nte asupra mea ca un \u201eVis, poate\u201d. \u015ei mi-am promis, ca o compensa\u0163ie, s\u0103-i transmit toat\u0103 dragostea \u015fi admira\u0163ia mea pe \u201eIubirepepalma.com\u201d.<\/p>\n<p style=\"text-align: justify;\">Multumim Liubi\u0163a Raichici !<\/p>\n<p><a href=\"http:\/\/semndecarte.metarsis.ro\/wp-content\/uploads\/2010\/07\/Orasul-cu-poeti-Liubita-Raichi0007.jpg\" rel=\"lightbox[1814]\"><img loading=\"lazy\" class=\"alignleft size-thumbnail wp-image-4071\" title=\"Seara dedicat\u0103 poetei Liubi\u021ba Raichici, \u00een seria  \u201eOra\u0219ul cu poe\u021bi\u201d\" src=\"http:\/\/semndecarte.metarsis.ro\/wp-content\/uploads\/2010\/07\/Orasul-cu-poeti-Liubita-Raichi0007-95x95.jpg\" alt=\"\" width=\"95\" height=\"95\" \/><\/a><a href=\"http:\/\/semndecarte.metarsis.ro\/wp-content\/uploads\/2010\/07\/Orasul-cu-poeti-Liubita-Raichi0015.jpg\" rel=\"lightbox[1814]\"><img loading=\"lazy\" class=\"alignleft size-thumbnail wp-image-4072\" title=\"Seara dedicat\u0103 poetei Liubi\u021ba Raichici, \u00een seria  \u201eOra\u0219ul cu poe\u021bi\u201d\" src=\"http:\/\/semndecarte.metarsis.ro\/wp-content\/uploads\/2010\/07\/Orasul-cu-poeti-Liubita-Raichi0015-95x95.jpg\" alt=\"\" width=\"95\" height=\"95\" \/><\/a><a href=\"http:\/\/semndecarte.metarsis.ro\/wp-content\/uploads\/2010\/07\/Orasul-cu-poeti-Liubita-Raichi0020.jpg\" rel=\"lightbox[1814]\"><img loading=\"lazy\" class=\"alignleft size-thumbnail wp-image-4073\" title=\"Iacob Roman al\u0103turi de Liubi\u021ba Raichici \u0219i Gheorghe Jurma\" src=\"http:\/\/semndecarte.metarsis.ro\/wp-content\/uploads\/2010\/07\/Orasul-cu-poeti-Liubita-Raichi0020-95x95.jpg\" alt=\"\" width=\"95\" height=\"95\" \/><\/a><a href=\"http:\/\/semndecarte.metarsis.ro\/wp-content\/uploads\/2010\/07\/Orasul-cu-poeti-Liubita-Raichi0029.jpg\" rel=\"lightbox[1814]\"><img loading=\"lazy\" class=\"alignleft size-thumbnail wp-image-4074\" title=\"Seara dedicat\u0103 poetei Liubi\u021ba Raichici, \u00een seria  \u201eOra\u0219ul cu poe\u021bi\u201d\" src=\"http:\/\/semndecarte.metarsis.ro\/wp-content\/uploads\/2010\/07\/Orasul-cu-poeti-Liubita-Raichi0029-95x95.jpg\" alt=\"\" width=\"95\" height=\"95\" \/><\/a><a href=\"http:\/\/semndecarte.metarsis.ro\/wp-content\/uploads\/2010\/07\/Orasul-cu-poeti-Liubita-Raichi0033.jpg\" rel=\"lightbox[1814]\"><img loading=\"lazy\" class=\"alignleft size-thumbnail wp-image-4075\" title=\"Iacob Roman al\u0103turi de Liubi\u021ba Raichici\" src=\"http:\/\/semndecarte.metarsis.ro\/wp-content\/uploads\/2010\/07\/Orasul-cu-poeti-Liubita-Raichi0033-95x95.jpg\" alt=\"\" width=\"95\" height=\"95\" \/><\/a><\/p>\n<p style=\"text-align: justify;\"><object classid=\"clsid:d27cdb6e-ae6d-11cf-96b8-444553540000\" width=\"520\" height=\"428\" codebase=\"http:\/\/download.macromedia.com\/pub\/shockwave\/cabs\/flash\/swflash.cab#version=6,0,40,0\"><param name=\"play\" value=\"false\" \/><param name=\"allowFullScreen\" value=\"true\" \/><param name=\"loop\" value=\"false\" \/><param name=\"scale\" value=\"noborder\" \/><param name=\"src\" value=\"http:\/\/www.youtube.com\/v\/oAVxTUnkMbg&amp;rel=0&amp;fs=1\" \/><param name=\"align\" value=\"top\" \/><param name=\"allowfullscreen\" value=\"true\" \/><embed type=\"application\/x-shockwave-flash\" width=\"520\" height=\"428\" src=\"http:\/\/www.youtube.com\/v\/oAVxTUnkMbg&amp;rel=0&amp;fs=1\" align=\"top\" scale=\"noborder\" loop=\"false\" allowfullscreen=\"true\" play=\"false\"><\/embed><\/object><\/p>\n<p>Alte clipuri de la eveniment \u00een pagina <a href=\"..\/?page_id=830\" target=\"_self\">FILMEVENIMENT \u00bb<\/a><\/p>\n<address><span style=\"color: #000000;\"><strong>Articole din pres\u0103 pe aceast\u0103 tem\u0103:<\/strong><\/span><\/address>\n<address><a href=\"http:\/\/www.argument-cs.ro\/content\/poezie-sub-bolta-de-vi%C5%A3%C4%83-de-vie\" target=\"_blank\">http:\/\/www.argument-cs.ro\/content\/poezie-sub-bolta-de-vi%C5%A3%C4%83-de-vie<\/a><\/address>\n<address><a href=\"http:\/\/www.radio-resita.ro\/cuvantul-sau-arta-de-al-fauri\" target=\"_blank\">http:\/\/www.radio-resita.ro\/cuvantul-sau-arta-de-al-fauri<\/a><\/address>\n","protected":false},"excerpt":{"rendered":"<p>Miercuri, 21 iulie 2010, \u00eentr-o sear\u0103 extrem de cald\u0103 &#8211; \u015fi la propriu \u015fi la figurat &#8211; libraria Semn de carte* a dat  Cezarului ce-i al Cezarului &#8211; \u00eentr-un gest profund de iubire amestecat\u0103 cu duio\u015fie dar \u015fi plin de respect. Ora\u0219ul cu poe\u021bi a primit&#8230;<\/p>\n","protected":false},"author":1,"featured_media":0,"comment_status":"open","ping_status":"open","sticky":false,"template":"","format":"standard","meta":[],"categories":[6,7],"tags":[90,99,102],"_links":{"self":[{"href":"https:\/\/semndecarte.metarsis.ro\/index.php?rest_route=\/wp\/v2\/posts\/1814"}],"collection":[{"href":"https:\/\/semndecarte.metarsis.ro\/index.php?rest_route=\/wp\/v2\/posts"}],"about":[{"href":"https:\/\/semndecarte.metarsis.ro\/index.php?rest_route=\/wp\/v2\/types\/post"}],"author":[{"embeddable":true,"href":"https:\/\/semndecarte.metarsis.ro\/index.php?rest_route=\/wp\/v2\/users\/1"}],"replies":[{"embeddable":true,"href":"https:\/\/semndecarte.metarsis.ro\/index.php?rest_route=%2Fwp%2Fv2%2Fcomments&post=1814"}],"version-history":[{"count":0,"href":"https:\/\/semndecarte.metarsis.ro\/index.php?rest_route=\/wp\/v2\/posts\/1814\/revisions"}],"wp:attachment":[{"href":"https:\/\/semndecarte.metarsis.ro\/index.php?rest_route=%2Fwp%2Fv2%2Fmedia&parent=1814"}],"wp:term":[{"taxonomy":"category","embeddable":true,"href":"https:\/\/semndecarte.metarsis.ro\/index.php?rest_route=%2Fwp%2Fv2%2Fcategories&post=1814"},{"taxonomy":"post_tag","embeddable":true,"href":"https:\/\/semndecarte.metarsis.ro\/index.php?rest_route=%2Fwp%2Fv2%2Ftags&post=1814"}],"curies":[{"name":"wp","href":"https:\/\/api.w.org\/{rel}","templated":true}]}}