{"id":1740,"date":"2010-07-18T16:29:11","date_gmt":"2010-07-18T16:29:11","guid":{"rendered":"http:\/\/librariasemndecarte.wordpress.com\/?p=1740"},"modified":"2010-09-07T13:30:41","modified_gmt":"2010-09-07T13:30:41","slug":"in-orasul-de-otel","status":"publish","type":"post","link":"https:\/\/semndecarte.metarsis.ro\/?p=1740","title":{"rendered":"\u00cen ora\u015ful de o\u0163el&#8230;"},"content":{"rendered":"<p style=\"text-align: justify;\">\u00cen spate, o parte moart\u0103 a combinatului, care pe vremuri trepida de o\u0163elul \u00eencins p\u00e2n\u0103 la incandescen\u0163\u0103. \u015earja lumina noaptea casele. Le \u00eenc\u0103lzea. P\u0103rea c\u0103 acestea se incing gata s\u0103 renun\u0163e la \u00eembr\u0103c\u0103mintea de c\u0103r\u0103mid\u0103 \u015fi la zugr\u0103veal\u0103 \u015fi s\u0103 devin\u0103 \u015fi ele o\u0163el. Nu mai este a\u015fa. Re\u015fi\u0163a mai produce din c\u00e2nd \u00een c\u00e2nd metal. Rar. A\u015fa citesc \u00een ochii unor intelectuali, unde mai s\u0103l\u0103\u015fluie\u015fte m\u00e2ndria <!--more-->de-a tr\u0103i \u00een ora\u015ful fo\u015ftilor o\u0163elari. Nici vechile cuptoare de font\u0103 din 1771 nu vor mai r\u0103m\u00e2ne \u00een picioare, odat\u0103 ce proprietarul rus va vinde tot ce va putea din combinat, inclusiv istoria ora\u015fului. Da, istoria ora\u015fului e de v\u00e2nzare, dac\u0103 profitul o cere.<br \/>\n\u00centr-o epoc\u0103 \u00een care sim\u0163ul valorii s-a pierdut, \u00eentr-o epoc\u0103 \u00een care sim\u0163ul istoriei s-a pierdut, pe apele B\u00e2rzavei trece totu\u015fi, \u00een aburii dimine\u0163ii, bucuria. \u00cen aceast\u0103 diminea\u0163\u0103, se deschide Libr\u0103ria &#8222;semn de carte&#8221;. Cu totul nea\u015fteptat, o libr\u0103rie particular\u0103 a ap\u0103rut ca din nimic \u00een plin\u0103 criz\u0103 a c\u0103r\u0163ii, \u00een spate at\u00e2rn\u00e2ndu-i o arip\u0103 moart\u0103, cu geamuri fumurii, a combinatului, iar prin fa\u0163\u0103 trec\u00e2ndu-i tramvaie ce-\u0163i dau impresia c-or s\u0103 deraieze \u00een fiece clip\u0103, \u00een timp ce poart\u0103 oamenii spre treburile lor.<br \/>\nO cas\u0103 veche, cu dou\u0103 cur\u0163i, \u00eenc\u0103lzit\u0103 de lemnul care-o \u00eembrac\u0103. Aici, Camelia \u015fi Lucian Duca s-au aventurat \u00eentr-un nou proiect: c\u0103r\u0163i, \u00een rom\u00e2n\u0103, german\u0103 \u015fi englez\u0103, reviste, lucr\u0103ri de art\u0103, un ceai de plante.<br \/>\nNu sunt, totu\u015fi, singuri \u00een aceast\u0103 \u00eentreprindere, ci au al\u0103turi un partener de \u0163inut\u0103, participant la toate evenimente culturale organizate de cei doi. Este vorba de Radio Re\u015fi\u0163a. Printre c\u0103r\u0163i sau \u00een curtea triunghiular\u0103, demn\u0103 de \u00eenv\u0103\u0163\u0103turile lui Euclid despre geometrie, au loc lecturi de poezie, lans\u0103ri de carte, simpozioane \u015ftiin\u0163ifice. Copiii din Re\u015fi\u0163a vin al\u0103turi de Camelia Duca s\u0103 \u00eenve\u0163e desenul, coruri de tineri \u015fi foarte tineri vin s\u0103 c\u00e2nte de Ziua Copilului, s\u0103rb\u0103torindu-\u015fi ziua prin muzic\u0103.<br \/>\nLibr\u0103ria are \u015fi valen\u0163a unei galerii de art\u0103, expun\u00e2nd lucr\u0103ri de sculptur\u0103 \u00een lemn, dar \u015fi picturi, fotografii. Cu toate c\u0103 a \u00eemplinit de cur\u00e2nd o lun\u0103, libr\u0103ria a devenit un venue, cum ar spune englezii, ceea ce \u00eenseamn\u0103 un loc \u00een care cultura \u00ee\u015fi cl\u0103de\u015fte cu fiecare zi a\u015fez\u0103m\u00e2ntul.<br \/>\nIar proiectele celor doi nu se opresc aici, c\u0103ci vor amenaja foarte cur\u00e2nd spa\u0163iul din cealalt\u0103 curte, \u00eenc\u0103 plin de o vegeta\u0163ie luxuriant\u0103. C\u00e2nd va fi gata a doua curte, va \u00eencepe seria concerelor de jazz \u015fi rock. Libr\u0103ria va deveni astfel mai degrab\u0103 un centru cultural, gata s\u0103 capteze pasiunile re\u015fi\u0163enilor \u015fi ale invita\u0163ilor din Cara\u015f-Severin \u015fi din \u0163ar\u0103, gata s\u0103 le dea glas.<br \/>\nPentru mine, se nume\u015fte libr\u0103ria de suflet. \u015ei u\u015file libr\u0103riei nu se \u00eenchid chiar la ora care st\u0103 scris\u0103 pe u\u015f\u0103, c\u0103ci discu\u0163iile aprinse de dup\u0103 un eveniment pot \u0163ine ore \u00een \u015fir, p\u00e2n\u0103 la miezul nop\u0163ii. Dup\u0103 un recital de poezie, am stat de vorb\u0103 p\u00e2n\u0103 \u00een crucea nop\u0163ii, iar seara a fost \u00eencheiat\u0103 de o poezie citit\u0103 la lumina lum\u00e2n\u0103rilor, pe c\u00e2nd literele de pe h\u00e2rtie abia se vedeau. Ce se vedea cu mare limpezime erau sufletele noastre, adunate acolo, \u00een triunghiul lui Euclid de la Re\u015fi\u0163a.<\/p>\n<p style=\"text-align: right;\"><strong>Articol scris de <a title=\"?\" href=\"http:\/\/semndecarte.metarsis.ro\/?page_id=842\/#Peter Sragher\" target=\"_blank\">Peter Sragher<\/a><\/strong><\/p>\n<address style=\"text-align: right;\">Publicat \u00een Ziarul Financiar (Bucure\u0219ti) &#8211; duminic\u0103\ufeff 13 Iulie 2010.<\/address>\n<address style=\"text-align: right;\"><a href=\"http:\/\/www.zf.ro\/ziarul-de-duminica\/editorial-o-librarie-pentru-suflet-in-orasul-de-otel-6549297\" target=\"_blank\">http:\/\/www.zf.ro\/ziarul-de-duminica\/editorial-o-librarie-pentru&#8230;<\/a><\/address>\n","protected":false},"excerpt":{"rendered":"<p>Articol din Ziarul Financiarul, de duminica, scris de Peter Sragher marti la  16:27 &#8211; &#8230;\u00centr-o epoc\u0103 \u00een care sim\u0163ul valorii s-a pierdut, \u00eentr-o epoc\u0103 \u00een care sim\u0163ul istoriei s-a pierdut, pe apele B\u00e2rzavei trece totu\u015fi, \u00een aburii dimine\u0163ii, bucuria. \u00cen aceast\u0103 diminea\u0163\u0103, se deschide&#8230;<\/p>\n","protected":false},"author":1,"featured_media":0,"comment_status":"open","ping_status":"open","sticky":false,"template":"","format":"standard","meta":[],"categories":[4],"tags":[227,162],"_links":{"self":[{"href":"https:\/\/semndecarte.metarsis.ro\/index.php?rest_route=\/wp\/v2\/posts\/1740"}],"collection":[{"href":"https:\/\/semndecarte.metarsis.ro\/index.php?rest_route=\/wp\/v2\/posts"}],"about":[{"href":"https:\/\/semndecarte.metarsis.ro\/index.php?rest_route=\/wp\/v2\/types\/post"}],"author":[{"embeddable":true,"href":"https:\/\/semndecarte.metarsis.ro\/index.php?rest_route=\/wp\/v2\/users\/1"}],"replies":[{"embeddable":true,"href":"https:\/\/semndecarte.metarsis.ro\/index.php?rest_route=%2Fwp%2Fv2%2Fcomments&post=1740"}],"version-history":[{"count":0,"href":"https:\/\/semndecarte.metarsis.ro\/index.php?rest_route=\/wp\/v2\/posts\/1740\/revisions"}],"wp:attachment":[{"href":"https:\/\/semndecarte.metarsis.ro\/index.php?rest_route=%2Fwp%2Fv2%2Fmedia&parent=1740"}],"wp:term":[{"taxonomy":"category","embeddable":true,"href":"https:\/\/semndecarte.metarsis.ro\/index.php?rest_route=%2Fwp%2Fv2%2Fcategories&post=1740"},{"taxonomy":"post_tag","embeddable":true,"href":"https:\/\/semndecarte.metarsis.ro\/index.php?rest_route=%2Fwp%2Fv2%2Ftags&post=1740"}],"curies":[{"name":"wp","href":"https:\/\/api.w.org\/{rel}","templated":true}]}}