{"id":1674,"date":"2010-07-09T11:04:42","date_gmt":"2010-07-09T11:04:42","guid":{"rendered":"http:\/\/librariasemndecarte.wordpress.com\/?p=1674"},"modified":"2011-02-08T14:01:23","modified_gmt":"2011-02-08T12:01:23","slug":"intre-sacru-si-profan","status":"publish","type":"post","link":"https:\/\/semndecarte.metarsis.ro\/?p=1674","title":{"rendered":"\u00centre sacru \u015fi profan"},"content":{"rendered":"<p style=\"text-align: justify;\">Ontologia \u00eentrup\u0103rii. Tripticul fiin\u0163\u0103-esen\u0163\u0103-fenomen, lucrarea de masterat a preotului doctor <a title=\"?\" href=\"http:\/\/semndecarte.metarsis.ro\/?page_id=842\/#Nichifor T\u0103nase\" target=\"_blank\">Nichifor T\u0103nase<\/a> publicat\u0103 de editura Paideia, prezentat\u0103 joi\u00a0 8 iulie 2010 la libr\u0103ria Semn de carte<span style=\"color: #ff0000;\">*<\/span> a prilejuit \u00eent\u00e2lnirea laicului cu divinul. Despre teologie, filozofie, despre ontologia \u00eentrup\u0103rii, despre Dumnezeu-Cuv\u00e2ntul, despre <!--more-->firea uman\u0103 care se las\u0103\u00a0 \u00eentrep\u0103truns\u0103 de firea divin\u0103, despre \u00eentruparea Fiului lui Dumnezeu prin care s-a realizat unirea \u00eentr-un singur ipostas al\u00a0 firii omene\u015fti cu firea dumnezeiasc\u0103 a vorbit autorul, preot iconom la Catedrala Adormirii Maicii Domnului din Re\u015fi\u0163a.<\/p>\n<p style=\"text-align: justify;\">Prezentat de Protopop conf. univ. dr. <a title=\"?\" href=\"http:\/\/semndecarte.metarsis.ro\/?page_id=842\/#Vasile Petrica\" target=\"_blank\">Vasile Petrica<\/a>, volumul a st\u00e2rnit discu\u0163ii, intre filozofie si teologie, discursul fiind completat de logosul elevat \u00a0al unui alt prof. univ. dr. <a title=\"?\" href=\"http:\/\/semndecarte.metarsis.ro\/?page_id=842\/#Ilie Cristescu\" target=\"_blank\">Ilie Cristescu<\/a>.<\/p>\n<p style=\"text-align: justify;\">Seara a fost o excelenta lec\u0163ie despre fiin\u0163\u0103, intelect, fenomenologia vie\u0163ii, tema biblic\u0103 \u015fi simbolistic\u0103, despre transcendent, despre ceea ce \u00eenseamn\u0103 un altfel de a fi, dincolo de fiin\u0163a uman\u0103. O sear\u0103 divin\u0103, care ne-a f\u0103cut s\u0103 con\u015ftientiz\u0103m c\u0103, vorba pr. dr. Nichifor T\u0103nase, \u201eiubirea nu \u00eencearc\u0103 s\u0103 \u00een\u0163eleag\u0103 totul; nu cuprinde, ci se d\u0103 abandon\u00e2ndu-se pe sine, dep\u0103\u015findu-\u015fi ne\u00eencetat propria dona\u0163ie; iubirea nu are nevoie s\u0103 fie, de vreme ce pentru ea e de ajuns s\u0103 se d\u0103ruiasc\u0103.\u201d<\/p>\n<p style=\"text-align: justify;\"><a href=\"http:\/\/semndecarte.metarsis.ro\/wp-content\/uploads\/2010\/07\/Prezentare-carte-N-Tanase_06.jpg\" rel=\"lightbox[1674]\"><img loading=\"lazy\" class=\"alignleft size-thumbnail wp-image-4078\" title=\"Pr. dr. Nichifor T\u0103nase \u015fi pr. dr. Vasile Petrica\" src=\"http:\/\/semndecarte.metarsis.ro\/wp-content\/uploads\/2010\/07\/Prezentare-carte-N-Tanase_06-95x95.jpg\" alt=\"\" width=\"95\" height=\"95\" \/><\/a><a href=\"http:\/\/semndecarte.metarsis.ro\/wp-content\/uploads\/2010\/07\/Prezentare-carte-N-Tanase_05.jpg\" rel=\"lightbox[1674]\"><img loading=\"lazy\" class=\"alignleft size-thumbnail wp-image-4079\" title=\"La rezentarea c\u0103r\u0163ii lui Nichifor T\u0103nase, Adriana Telescu, prof. univ. dr. Ilie Cristescu \u015fi prof. Nelu  Stan \" src=\"http:\/\/semndecarte.metarsis.ro\/wp-content\/uploads\/2010\/07\/Prezentare-carte-N-Tanase_05-95x95.jpg\" alt=\"\" width=\"95\" height=\"95\" \/><\/a><a href=\"http:\/\/semndecarte.metarsis.ro\/wp-content\/uploads\/2010\/07\/Prezentare-carte-N-Tanase_07.jpg\" rel=\"lightbox[1674]\"><img loading=\"lazy\" class=\"alignleft size-thumbnail wp-image-4080\" title=\"Prezentare de carte Nichifor T\u0103nase\" src=\"http:\/\/semndecarte.metarsis.ro\/wp-content\/uploads\/2010\/07\/Prezentare-carte-N-Tanase_07-95x95.jpg\" alt=\"\" width=\"95\" height=\"95\" \/><\/a><a href=\"http:\/\/semndecarte.metarsis.ro\/wp-content\/uploads\/2010\/07\/Prezentare-carte-N-Tanase_08.jpg\" rel=\"lightbox[1674]\"><img loading=\"lazy\" class=\"alignleft size-thumbnail wp-image-4081\" title=\"O parte din participan\u0163ii la prezentare de carte Nichifor T\u0103nase\" src=\"http:\/\/semndecarte.metarsis.ro\/wp-content\/uploads\/2010\/07\/Prezentare-carte-N-Tanase_08-95x95.jpg\" alt=\"\" width=\"95\" height=\"95\" \/><\/a><a href=\"http:\/\/semndecarte.metarsis.ro\/wp-content\/uploads\/2010\/07\/Prezentare-carte-N-Tanase_10.jpg\" rel=\"lightbox[1674]\"><img loading=\"lazy\" class=\"alignleft size-thumbnail wp-image-4082\" title=\"Prof. univ. dr. Ilie Cristescu, poet, dramaturg \u015fi editor\" src=\"http:\/\/semndecarte.metarsis.ro\/wp-content\/uploads\/2010\/07\/Prezentare-carte-N-Tanase_10-95x95.jpg\" alt=\"\" width=\"95\" height=\"95\" \/><\/a><\/p>\n<address style=\"text-align: justify;\"><span style=\"color: #ffffff;\"><strong>.<\/strong><\/span><\/address>\n<address style=\"text-align: justify;\"><span style=\"color: #000000;\"><strong>Articole ap\u0103rute \u00een pres\u0103 pe aceast\u0103 tem\u0103:<\/strong><\/span><\/address>\n<address style=\"text-align: justify;\"><a href=\"http:\/\/www.radio-resita.ro\/ontologia-intruparii\" target=\"_blank\">http:\/\/www.radio-resita.ro\/ontologia-intruparii<\/a><\/address>\n","protected":false},"excerpt":{"rendered":"<p>Ontologia \u00eentrup\u0103rii. Tripticul fiin\u0163\u0103-esen\u0163\u0103-fenomen, lucrarea de masterat a preotului doctor Nichifor T\u0103nase publicat\u0103 de editura Paideia, prezentat\u0103 joi  8 iulie 2010 la libr\u0103ria Semn de carte* a prilejuit \u00eent\u00e2lnirea&#8230;<\/p>\n","protected":false},"author":1,"featured_media":0,"comment_status":"open","ping_status":"open","sticky":false,"template":"","format":"standard","meta":[],"categories":[6,7],"tags":[54,103],"_links":{"self":[{"href":"https:\/\/semndecarte.metarsis.ro\/index.php?rest_route=\/wp\/v2\/posts\/1674"}],"collection":[{"href":"https:\/\/semndecarte.metarsis.ro\/index.php?rest_route=\/wp\/v2\/posts"}],"about":[{"href":"https:\/\/semndecarte.metarsis.ro\/index.php?rest_route=\/wp\/v2\/types\/post"}],"author":[{"embeddable":true,"href":"https:\/\/semndecarte.metarsis.ro\/index.php?rest_route=\/wp\/v2\/users\/1"}],"replies":[{"embeddable":true,"href":"https:\/\/semndecarte.metarsis.ro\/index.php?rest_route=%2Fwp%2Fv2%2Fcomments&post=1674"}],"version-history":[{"count":0,"href":"https:\/\/semndecarte.metarsis.ro\/index.php?rest_route=\/wp\/v2\/posts\/1674\/revisions"}],"wp:attachment":[{"href":"https:\/\/semndecarte.metarsis.ro\/index.php?rest_route=%2Fwp%2Fv2%2Fmedia&parent=1674"}],"wp:term":[{"taxonomy":"category","embeddable":true,"href":"https:\/\/semndecarte.metarsis.ro\/index.php?rest_route=%2Fwp%2Fv2%2Fcategories&post=1674"},{"taxonomy":"post_tag","embeddable":true,"href":"https:\/\/semndecarte.metarsis.ro\/index.php?rest_route=%2Fwp%2Fv2%2Ftags&post=1674"}],"curies":[{"name":"wp","href":"https:\/\/api.w.org\/{rel}","templated":true}]}}