{"id":1462,"date":"2010-07-05T10:06:50","date_gmt":"2010-07-05T10:06:50","guid":{"rendered":"http:\/\/librariasemndecarte.wordpress.com\/?p=1462"},"modified":"2010-09-09T09:46:49","modified_gmt":"2010-09-09T09:46:49","slug":"%e2%80%9eun-loc-unde-incolteste-cultura%e2%80%9d","status":"publish","type":"post","link":"https:\/\/semndecarte.metarsis.ro\/?p=1462","title":{"rendered":"\u201eUn loc unde \u00eencol\u0163e\u015fte cultura\u201d"},"content":{"rendered":"<p style=\"text-align: justify;\">La prima vedere, \u00eenc\u0103 o cl\u0103dire pierdut\u0103 \u00een cenu\u015fiul cotidian. Dar  c\u00e2nd p\u0103\u015fe\u015fti pentru prima dat\u0103 \u00een interior, ai senza\u0163ia c\u0103 ai intrat  \u00eentr-o alt\u0103 lume, \u00een alte vremi. Un loc plin de lini\u015fte, departe de  zarva cotidian\u0103, unde frumosul poate prinde aripi. Un loc \u00een care,  printre razele soarelui filtrate \u015fi \u00eembl\u00e2nzite de draperii, \u00eencol\u0163e\u015fte  cultura.<\/p>\n<div>\n<p style=\"text-align: justify;\">Un loc unde p\u0103\u015fe\u015fti cu grij\u0103 \u015fi vorbe\u015fti \u00een \u015foapt\u0103, parc\u0103  pentru a nu deranja ideile \u015fi lumea din c\u0103r\u0163ile ce tapeteaz\u0103 pere\u0163ii  sau din paginile vechilor ziare ce acoper\u0103 tavanul. Pe un perete, un  ceas m\u0103soar\u0103 r\u0103bd\u0103tor scurgerea orelor. Pe el, un \u00eendemn <!--more-->de care prea  pu\u0163ini mai ascult\u0103m &#8211; \u201eEste timpul pentru tine\u201c. Libr\u0103ria re\u015fi\u0163ean\u0103  \u201eSemn de carte\u201c, c\u0103ci despre ea este vorba, r\u0103m\u00e2ne o loca\u0163ie aparte \u00een  peisajul municipiului nostru.<\/p>\n<p style=\"text-align: justify;\">Aici a fost prezentat\u0103 miercuri, 30  iunie, edi\u0163ia a doua revizuit\u0103 \u015fi ad\u0103ugit\u0103 a primului volum al luc\u0103rii  \u201eMemento \u2013 evenimente \u015fi personalit\u0103\u0163i din Banatul istoric\u201c. Cartea a  fost elaborat\u0103 \u015fi realizat\u0103 de un colectiv al Radio Re\u015fi\u0163a. \u015ei-au  adus contribu\u0163ia prof. Constantin Br\u0103tescu, prof. univ. dr. Dumitru  Jompan, dr. Ion Luca, ing. Dan Perianu, sub coordonarea profesorului  doctor Vasile C. Ioni\u0163\u0103. Lucrarea este un \u00eendrumar, o \u00een\u015firuire de date  privitoare la personalit\u0103\u0163i \u015fi evenimente din diverse domenii: istorie,  cultur\u0103, literatur\u0103, muzic\u0103, via\u0163\u0103 politic\u0103, mass-media, sport,  aranjate cronologic. \u00cen discu\u0163iile provocate de directorul Radio Re\u015fi\u0163a,  Doru Dinu Gl\u0103van, au intervenit prof. univ. Ioan Vela, Dana B\u0103l\u0103nescu \u2013  doctor \u00een istorie, poetul Nicolae S\u00e2rbu, publicistul Titus Cri\u015fciu,  artistul plastic Petru Comisarschi, editorul Gheorghe Jurma, poe\u0163ii  Octavian Doclin \u015fi Costel Stancu.<\/p>\n<p style=\"text-align: justify;\">S\u0103 sper\u0103m c\u0103 aici, \u00een acest loc  de g\u00e2nduri cu gazde deosebite, se vor aduna tot mai mul\u0163i oameni  \u00eenseta\u0163i de carte \u015fi lectur\u0103, oameni care realizeaz\u0103 c\u0103 un semn de carte  face diferen\u0163a.<\/p>\n<p style=\"text-align: right;\"><span style=\"color: #ffffff;\"><strong>.<img loading=\"lazy\" class=\"size-full wp-image-4141 alignright\" title=\"Nina Curi\u021b\u0103\" src=\"http:\/\/semndecarte.metarsis.ro\/wp-content\/uploads\/2010\/07\/NCurita.jpg\" alt=\"\" width=\"62\" height=\"93\" \/><\/strong><\/span><\/p>\n<p style=\"text-align: right;\"><strong>Articol scris de Nina Curi\u0163a<\/strong><\/p>\n<address style=\"text-align: right;\">Articol publicat \u00een Juralul de Cara\u0219-Severin in  03.06.2010<strong><\/strong><strong><\/strong><strong><\/strong><strong> <\/strong><\/address>\n<address style=\"text-align: right;\"><a href=\"http:\/\/www.caon.ro\/stiri\/caras\/articol\/un-loc-unde-incolteste-cultura\/cn\/news-20100702-08173794\" target=\"_blank\">Inform Media \u2013 http:\/\/www.caon.ro\/stiri\/caras\/articol\/un&#8230;<\/a><\/address>\n<\/div>\n","protected":false},"excerpt":{"rendered":"<p>Articol din pres\u0103, scris de Nina Curi\u0163a in 03.06.2010 \/ 09:47 la Inform Media &#8211; http:\/\/www.caon.ro &#8211; La prima vedere, \u00eenc\u0103 o cl\u0103dire pierdut\u0103 \u00een cenu\u015fiul cotidian. Dar c\u00e2nd p\u0103\u015fe\u015fti pentru prima dat\u0103 \u00een interior&#8230;<\/p>\n","protected":false},"author":1,"featured_media":0,"comment_status":"open","ping_status":"open","sticky":false,"template":"","format":"standard","meta":[],"categories":[4],"tags":[227,162],"_links":{"self":[{"href":"https:\/\/semndecarte.metarsis.ro\/index.php?rest_route=\/wp\/v2\/posts\/1462"}],"collection":[{"href":"https:\/\/semndecarte.metarsis.ro\/index.php?rest_route=\/wp\/v2\/posts"}],"about":[{"href":"https:\/\/semndecarte.metarsis.ro\/index.php?rest_route=\/wp\/v2\/types\/post"}],"author":[{"embeddable":true,"href":"https:\/\/semndecarte.metarsis.ro\/index.php?rest_route=\/wp\/v2\/users\/1"}],"replies":[{"embeddable":true,"href":"https:\/\/semndecarte.metarsis.ro\/index.php?rest_route=%2Fwp%2Fv2%2Fcomments&post=1462"}],"version-history":[{"count":0,"href":"https:\/\/semndecarte.metarsis.ro\/index.php?rest_route=\/wp\/v2\/posts\/1462\/revisions"}],"wp:attachment":[{"href":"https:\/\/semndecarte.metarsis.ro\/index.php?rest_route=%2Fwp%2Fv2%2Fmedia&parent=1462"}],"wp:term":[{"taxonomy":"category","embeddable":true,"href":"https:\/\/semndecarte.metarsis.ro\/index.php?rest_route=%2Fwp%2Fv2%2Fcategories&post=1462"},{"taxonomy":"post_tag","embeddable":true,"href":"https:\/\/semndecarte.metarsis.ro\/index.php?rest_route=%2Fwp%2Fv2%2Ftags&post=1462"}],"curies":[{"name":"wp","href":"https:\/\/api.w.org\/{rel}","templated":true}]}}